{"id":119692,"date":"2025-12-22T15:59:13","date_gmt":"2025-12-22T15:59:13","guid":{"rendered":"https:\/\/www.europesays.com\/no\/119692\/"},"modified":"2025-12-22T15:59:13","modified_gmt":"2025-12-22T15:59:13","slug":"emma-heming-om-julen-med-bruce-willis-og-demensutfordringer","status":"publish","type":"post","link":"https:\/\/www.europesays.com\/no\/119692\/","title":{"rendered":"Emma Heming om julen med Bruce Willis og demensutfordringer"},"content":{"rendered":"<p class=\"kicker \" style=\"\">Bruce Willis:\u00a0<\/p>\n<p>  Kona til skuespillerlegenden deler \u00e5pent om en t\u00f8ff juletid.\u00a0<\/p>\n<p>\n    \u00c5PNER OPP: Siden ektemannen fikk demensdiagnosen i 2022, har Emma Heming delt \u00e5pent om hans tilstand i sosiale medier. Foto: Evan Agostini \/ NTB\n  <\/p>\n<p>Bruce Willis&#8217; (70) kone Emma Heming (47) \u00e5pner seg om hvor vanskelig det er \u00e5 feire jul n\u00e5r <a href=\"https:\/\/www.seher.no\/kjendis\/verst-a-si-det-til-barna\/83904282\" rel=\"nofollow noopener\" target=\"_blank\">ektemannen kjemper mot demens<\/a>.<\/p>\n<p>    <a itemprop=\"url\" href=\"https:\/\/www.seher.no\/kjendis\/i-sorg-smerten-forsvinner-ikke\/84018486\" rel=\"nofollow noopener\" target=\"_blank\"><\/p>\n<p>        <img loading=\"lazy\" decoding=\"async\" src=\"https:\/\/www.europesays.com\/no\/wp-content\/uploads\/2025\/12\/84018328.webp\" width=\"980\" height=\"441\" title=\"I sorg: - Smerten forsvinner ikke\" alt=\"\" class=\"lazyload\" style=\"--aspect-ratio-image: 2.22; \"\/><\/p>\n<p>        I sorg: &#8211; Smerten forsvinner ikke<\/p>\n<p>    <\/a><\/p>\n<p>I et innlegg p\u00e5 <a href=\"https:\/\/emmahemingwillis.com\/blog\/\" rel=\"nofollow noopener\" target=\"_blank\">bloggen <\/a>sin skriver hun at \u00abh\u00f8ytidene ser annerledes ut n\u00e5\u00bb og krever mye mer planlegging enn f\u00f8r Willis fikk diagnosen.<\/p>\n<p>&#8211; \u00d8yeblikk som f\u00f8r ga glede, kan n\u00e5 v\u00e6re preget av sorg. Det vet jeg, fordi det er min virkelighet, skriver hun. <\/p>\n<p>        <img loading=\"lazy\" decoding=\"async\" src=\"https:\/\/www.europesays.com\/no\/wp-content\/uploads\/2025\/12\/84018618.webp\" width=\"686\" height=\"213\" title=\"BLOGG: I et lengre og personlig innlegg deler Emma Heming Willis sine tanker om julen og ektemannens demens. Foto: Skjermbilde \/ emmahemingwillis.com\" alt=\"\" class=\"\" style=\"--aspect-ratio-image: 3.22; \"\/><\/p>\n<p>\n        BLOGG: I et lengre og personlig innlegg deler Emma Heming Willis sine tanker om julen og ektemannens demens. Foto: Skjermbilde \/ emmahemingwillis.com\n    <\/p>\n<p>Emma forteller at Bruce tidligere elsket jula og var den som laget pannekaker og tok med barna ut i sn\u00f8en.\u00a0<\/p>\n<p class=\"font-weight-bold m-font-weight-bold\" data-lab-font_weight=\"font-weight-bold\">Men n\u00e5 m\u00e5 hun ta over oppgavene han pleide \u00e5 gj\u00f8re.<\/p>\n<p>        \u00abSKAL VI DANSE\u00bb: Antonio Careri og Tale Torjussen settes ut av gave. Video: Thea Hope\/Nora Skavhaug\/R\u00f8d L\u00f8per<\/p>\n<p>&#8211; Jeg tar meg selv i \u00e5 banne mens jeg sliter med julelysene eller tar p\u00e5 meg oppgaver som pleide \u00e5 v\u00e6re hans. Ikke fordi jeg er sint p\u00e5 ham, aldri det, men fordi jeg savner m\u00e5ten han en gang ledet julerushet p\u00e5, innr\u00f8mmer hun.<\/p>\n<p>        <img loading=\"lazy\" decoding=\"async\" src=\"https:\/\/www.europesays.com\/no\/wp-content\/uploads\/2025\/12\/84018649.webp\" width=\"686\" height=\"741\" title=\"STOLT PAPPA: Bruce omgitt av eks-kona Demi Moore og d\u00f8trene, Rumer, Tallulah og Scout. Foto: NTB\" alt=\"\" class=\"\" style=\"--aspect-ratio-image: 0.93; \"\/><\/p>\n<p>\n        STOLT PAPPA: Bruce omgitt av eks-kona Demi Moore og d\u00f8trene, Rumer, Tallulah og Scout. Foto: NTB\n    <\/p>\n<p>Den 47 \u00e5r gamle modellen oppfordrer andre i samme situasjon til \u00e5 omfavne endringene og lage nye minner:<\/p>\n<p>&#8211; I julen vil familien v\u00e5r fortsatt pakke opp gaver og sitte sammen ved frokost. Men i stedet for at Bruce lager v\u00e5re favoritt-pannekaker, m\u00e5 jeg gj\u00f8re det, skriver hun.<\/p>\n<p>        <img loading=\"lazy\" decoding=\"async\" src=\"https:\/\/www.europesays.com\/no\/wp-content\/uploads\/2025\/12\/84018655.webp\" width=\"686\" height=\"652\" title=\"EN ANNEN MANN: Bruce har fem d\u00f8tre, og er n\u00e5 pleietrengende p\u00e5 heltid. Han er avhengig av et rolig liv, med faste rutiner og f\u00e5 forstyrrelser. Foto: Privat\/Instagram\" alt=\"\" class=\"\" style=\"--aspect-ratio-image: 1.05; \"\/><\/p>\n<p>\n        EN ANNEN MANN: Bruce har fem d\u00f8tre, og er n\u00e5 pleietrengende p\u00e5 heltid. Han er avhengig av et rolig liv, med faste rutiner og f\u00e5 forstyrrelser. Foto: Privat\/Instagram\n    <\/p>\n<p>&#8211; Vi kommer til \u00e5 se p\u00e5 en julefilm. Og det vil nesten helt sikkert v\u00e6re t\u00e5rer, avslutter Heming.<\/p>\n<p><a href=\"https:\/\/www.seher.no\/kjendis\/syk-gir-seg-som-skuespiller\/75730732\" rel=\"nofollow noopener\" target=\"_blank\">Det var i mars 2022<\/a> ble det kjent at skuespillerlegenden Bruce Willis legger karrieren p\u00e5 hylla etter \u00e5 ha f\u00e5tt diagnosen afasi, en tilstand som p\u00e5virker spr\u00e5klige og kognitive evner. <\/p>\n","protected":false},"excerpt":{"rendered":"Bruce Willis:\u00a0 Kona til skuespillerlegenden deler \u00e5pent om en t\u00f8ff juletid.\u00a0 \u00c5PNER OPP: Siden ektemannen fikk demensdiagnosen i&hellip;\n","protected":false},"author":2,"featured_media":119693,"comment_status":"","ping_status":"","sticky":false,"template":"","format":"standard","meta":{"footnotes":""},"categories":[58],"tags":[3321,3322,71,479,2543,30,28,29,72],"class_list":{"0":"post-119692","1":"post","2":"type-post","3":"status-publish","4":"format-standard","5":"has-post-thumbnail","7":"category-underholdning","8":"tag-bruce-willis","9":"tag-emma-heming-willis","10":"tag-entertainment","11":"tag-kjendis","12":"tag-kjendisdesken","13":"tag-no","14":"tag-norge","15":"tag-norway","16":"tag-underholdning"},"share_on_mastodon":{"url":"https:\/\/pubeurope.com\/@no\/115764053481959803","error":""},"_links":{"self":[{"href":"https:\/\/www.europesays.com\/no\/wp-json\/wp\/v2\/posts\/119692","targetHints":{"allow":["GET"]}}],"collection":[{"href":"https:\/\/www.europesays.com\/no\/wp-json\/wp\/v2\/posts"}],"about":[{"href":"https:\/\/www.europesays.com\/no\/wp-json\/wp\/v2\/types\/post"}],"author":[{"embeddable":true,"href":"https:\/\/www.europesays.com\/no\/wp-json\/wp\/v2\/users\/2"}],"replies":[{"embeddable":true,"href":"https:\/\/www.europesays.com\/no\/wp-json\/wp\/v2\/comments?post=119692"}],"version-history":[{"count":0,"href":"https:\/\/www.europesays.com\/no\/wp-json\/wp\/v2\/posts\/119692\/revisions"}],"wp:featuredmedia":[{"embeddable":true,"href":"https:\/\/www.europesays.com\/no\/wp-json\/wp\/v2\/media\/119693"}],"wp:attachment":[{"href":"https:\/\/www.europesays.com\/no\/wp-json\/wp\/v2\/media?parent=119692"}],"wp:term":[{"taxonomy":"category","embeddable":true,"href":"https:\/\/www.europesays.com\/no\/wp-json\/wp\/v2\/categories?post=119692"},{"taxonomy":"post_tag","embeddable":true,"href":"https:\/\/www.europesays.com\/no\/wp-json\/wp\/v2\/tags?post=119692"}],"curies":[{"name":"wp","href":"https:\/\/api.w.org\/{rel}","templated":true}]}}