{"id":119694,"date":"2025-12-22T16:03:23","date_gmt":"2025-12-22T16:03:23","guid":{"rendered":"https:\/\/www.europesays.com\/no\/119694\/"},"modified":"2025-12-22T16:03:23","modified_gmt":"2025-12-22T16:03:23","slug":"det-er-ikke-putin-som-bestemmer","status":"publish","type":"post","link":"https:\/\/www.europesays.com\/no\/119694\/","title":{"rendered":"\u2013 Det er ikke Putin som bestemmer"},"content":{"rendered":"<p>  Washington \u00f8nsker at Kyiv og Moskva skal snakke direkte med hverandre for f\u00f8rste gang p\u00e5 et halvt \u00e5r, opplyser Ukrainas president Volodymyr Zelenskyj.<\/p>\n<p>\n    Ukrainas president Volodymyr Zelenskyj sier at Russland ikke bestemmer n\u00e5r og hvordan valgene i Ukraina skal finne sted. Kommentaren kommer som en respons p\u00e5 Vladimir Putins uttalelse om at Russland kan stoppe angrep mens valg i Ukraina p\u00e5g\u00e5r. Foto: Javad Parsa \/ NTB\n  <\/p>\n<p>Kommentaren kommer samtidig som diplomater samles i den amerikanske delstaten Florida for nye samtaler om \u00e5 avslutte den russiske angrepskrigen.<\/p>\n<p>Tidligere p\u00e5 l\u00f8rdag skrev Moskvas forhandler Kirill Dmitrijev p\u00e5 X at han var \u00abp\u00e5 vei til Miami\u00bb, og l\u00f8rdag kveld er det bekreftet at Dmitrijev er p\u00e5 plass i Florida.<\/p>\n<p>\u2013 De (USA) har, s\u00e5 vidt jeg forst\u00e5r, foresl\u00e5tt f\u00f8lgende format: Ukraina, USA, Russland, sier Zelenskyj, og legger til at ogs\u00e5 europeerne kan komme til \u00e5 delta. Et slikt m\u00f8te vil i s\u00e5 fall foreg\u00e5 p\u00e5 embetsmannsniv\u00e5.<\/p>\n<p>        MIDDELHAVET: En kilde fra Ukrainas sikkerhetstjeneste (SBU) opplyser om et droneangrep mot et russisk tankskip. Video: AP. Reporter: Trond Markus Gravdal<\/p>\n<p>Ikke konkrete framskritt\t<\/p>\n<p>Siste gang ukrainske og russiske representanter snakket direkte med hverandre, var i Istanbul i Tyrkia i juli, noe som utover fangebytte ikke f\u00f8rte til noen konkrete framskritt.<\/p>\n<p>Zelenskyj sier imidlertid til lokale journalister i Kyiv at Ukraina vil st\u00f8tte et amerikansk forslag om tresidige samtaler med USA og Russland dersom det legger til rette for flere fangebytter og baner vei for m\u00f8ter mellom nasjonale ledere.<\/p>\n<p>Han mener ogs\u00e5 at det kun er USA som kan overtale Russland til \u00e5 avslutte krigen i Ukraina og at USA b\u00f8r legge mer press p\u00e5 Russland.<\/p>\n<p>Den ukrainske presidenten sier dog at han ikke er spesielt optimistisk til mulighetene for at det kommer noe konkret ut av samtalene i USA.<\/p>\n<p>    <a itemprop=\"url\" href=\"https:\/\/sol.no\/nyheter\/russisk-skip-har-ankret-opp-utenfor-sverige\/84014756\" rel=\"nofollow noopener\" target=\"_blank\"><\/p>\n<p>        Russisk skip har ankret opp utenfor Sverige<\/p>\n<p>sol.no<\/p>\n<p>    <\/a><\/p>\n<p>-Jeg er ikke sikker p\u00e5 at det kan komme noe nytt ut av det, sier han if\u00f8lge AFP.<\/p>\n<p>Harde angrep\t<\/p>\n<p>Zelenskyj sier ogs\u00e5 at Russland n\u00e5 fors\u00f8ker \u00e5 kutte Ukrainas tilgang til Svartehavet etter dager med opptrappede luftangrep mot havner og energianlegg i Odesa-regionen.<\/p>\n<p>Angrepene har eskalert samtidig som det har foreg\u00e5tt samtaler i Florida i USA for \u00e5 finne fram til l\u00f8sninger for \u00e5 avslutte krigen.<\/p>\n<p>Russlands angrep p\u00e5 Pivdennyi havn l\u00f8rdag traff reservoarer, skriver Ukrainas visestatsminister Oleksij Kuleba p\u00e5 meldingsappen Telegram, dagen etter at et missilangrep p\u00e5 havnen drepte \u00e5tte mennesker og skadet minst 30.<\/p>\n<p>        DETONERES: Ukrainske styrker skal ha minelagt et bygg ved fronten f\u00f8r russiske soldater ankom. VIDEO: Ukrdailyupdate \/ Andrew Perpetua. Reporter: Vegard Kr\u00fcger<\/p>\n<p>Siden torsdag har russiske styrker truffet en bro over Dnjestr-elven n\u00e6r landsbyen Mayaky minst fem ganger. Broen er hovedtransportveien vestover til grenseovergangene med Moldova, og over den fraktes rundt 40 prosent av drivstofforsyningene til Ukraina.<\/p>\n<p>Bestemmer selv valgformat\t<\/p>\n<p>Zelenskyj reagerte tidligere l\u00f8rdag ogs\u00e5 p\u00e5 en uttalelse fra Russlands president Vladimir Putin, der Putin foreslo \u00e5 stanse angrepene for at Kyiv skulle kunne avholde presidentvalg.<\/p>\n<p>\u2013 Det er ikke Putin som bestemmer n\u00e5r og i hvilket format valgene i Ukraina skal finne sted, sa Zelenskyj, som ogs\u00e5 avviste valg i territorier okkupert av Russland.<\/p>\n<p>Fredag m\u00f8ttes utsendinger fra Ukraina, USA og Europa i Florida. Dette m\u00f8tet ble avsluttet senere samme dag, en dag f\u00f8r planlagt.<\/p>\n","protected":false},"excerpt":{"rendered":"Washington \u00f8nsker at Kyiv og Moskva skal snakke direkte med hverandre for f\u00f8rste gang p\u00e5 et halvt \u00e5r,&hellip;\n","protected":false},"author":2,"featured_media":119695,"comment_status":"","ping_status":"","sticky":false,"template":"","format":"standard","meta":{"footnotes":""},"categories":[12],"tags":[20,21,24,25,15,22,23,13,30,28,29,14,16,188,26,27,2002,42,186,488,43,44,45],"class_list":{"0":"post-119694","1":"post","2":"type-post","3":"status-publish","4":"format-standard","5":"has-post-thumbnail","7":"category-verden","8":"tag-breaking-news","9":"tag-breakingnews","10":"tag-featured-news","11":"tag-featurednews","12":"tag-headlines","13":"tag-latest-news","14":"tag-latestnews","15":"tag-news","16":"tag-no","17":"tag-norge","18":"tag-norway","19":"tag-nyheter","20":"tag-overskrifter","21":"tag-russland","22":"tag-top-stories","23":"tag-topstories","24":"tag-ukraina-krigen","25":"tag-verden","26":"tag-vladimir-putin","27":"tag-volodymyr-zelenskyj","28":"tag-world","29":"tag-world-news","30":"tag-worldnews"},"share_on_mastodon":{"url":"https:\/\/pubeurope.com\/@no\/115764068653482579","error":""},"_links":{"self":[{"href":"https:\/\/www.europesays.com\/no\/wp-json\/wp\/v2\/posts\/119694","targetHints":{"allow":["GET"]}}],"collection":[{"href":"https:\/\/www.europesays.com\/no\/wp-json\/wp\/v2\/posts"}],"about":[{"href":"https:\/\/www.europesays.com\/no\/wp-json\/wp\/v2\/types\/post"}],"author":[{"embeddable":true,"href":"https:\/\/www.europesays.com\/no\/wp-json\/wp\/v2\/users\/2"}],"replies":[{"embeddable":true,"href":"https:\/\/www.europesays.com\/no\/wp-json\/wp\/v2\/comments?post=119694"}],"version-history":[{"count":0,"href":"https:\/\/www.europesays.com\/no\/wp-json\/wp\/v2\/posts\/119694\/revisions"}],"wp:featuredmedia":[{"embeddable":true,"href":"https:\/\/www.europesays.com\/no\/wp-json\/wp\/v2\/media\/119695"}],"wp:attachment":[{"href":"https:\/\/www.europesays.com\/no\/wp-json\/wp\/v2\/media?parent=119694"}],"wp:term":[{"taxonomy":"category","embeddable":true,"href":"https:\/\/www.europesays.com\/no\/wp-json\/wp\/v2\/categories?post=119694"},{"taxonomy":"post_tag","embeddable":true,"href":"https:\/\/www.europesays.com\/no\/wp-json\/wp\/v2\/tags?post=119694"}],"curies":[{"name":"wp","href":"https:\/\/api.w.org\/{rel}","templated":true}]}}