{"id":11970,"date":"2025-08-19T08:26:11","date_gmt":"2025-08-19T08:26:11","guid":{"rendered":"https:\/\/www.europesays.com\/no\/11970\/"},"modified":"2025-08-19T08:26:11","modified_gmt":"2025-08-19T08:26:11","slug":"valg-2025-fjell-velgerne-pa-fjell-vare-stemmer-blir-ikke-hort","status":"publish","type":"post","link":"https:\/\/www.europesays.com\/no\/11970\/","title":{"rendered":"Valg 2025, Fjell | Velgerne p\u00e5 Fjell: \u2013 V\u00e5re stemmer blir ikke h\u00f8rt"},"content":{"rendered":"\n<p><b>FJELL: <\/b>Valgdeltakelsen i Norge har g\u00e5tt ned de siste ti \u00e5rene.<\/p>\n<p>Ved forrige lokalvalg i 2023 hadde bydelen<a href=\"https:\/\/www.dt.no\/denne-valgkretsen-har-lavest-valgdeltakelse-i-landet-var-veldig-usikker\/s\/5-57-2229523\" rel=\"Follow nofollow noopener\" target=\"_blank\"> Fjell i Drammen lavest valgdeltagelse i landet.<\/a><\/p>\n<p>Men det gjelder ikke bare Fjell. Aldri f\u00f8r har det blitt m\u00e5lt lavere valgdeltagelse blant innvandrere enn i 2023.<\/p>\n<p>\u2013 Det er som alt blir styrt ovenfra og ned. Det har kanskje ikke s\u00e5 stor betydning hva vi f\u00f8ler, sier norsk-somaliske Saynab Adan (38)<\/p>\n<p>Adan har bodd p\u00e5 Fjell de siste 15 \u00e5rene. Hun er usikker i hvor stor grad politikerne h\u00f8rer deres stemmer.<\/p>\n<p>   <img decoding=\"async\" width=\"2048\" height=\"1365\" fetchpriority=\"low\"  loading=\"lazy\"  src=\"https:\/\/www.europesays.com\/no\/wp-content\/uploads\/2025\/08\/DSC09506.jpg\" alt=\"\" class=\"brick-c-cFOWSL\" style=\"--brick-image-ratio: 2048 \/ 1365;\"\/><\/p>\n<p>    MISN\u00d8YE: For Saynab Adan er trygghet det viktigste i hverdagen, men hun opplever at politikerne til tider i snakker ned Fjell.<br \/>\n    Foto: Philip Kollstr\u00f8m\n  <\/p>\n<p>Flere personer Drammens Tidende og NRK har snakket med uttrykker samme bekymring.<\/p>\n<p>Drammens Tidende og NRK har samarbeidet om denne saken i forbindelse med valget. M\u00e5let er \u00e5 forst\u00e5 hvorfor folk fra denne bydelen stemmer minst og hva som er viktig for dem.<\/p>\n<p>Issa Mirlashari (20): \u2013 Vi er ikke d\u00e5rlige mennesker<\/p>\n<p>Rapper Issa Mirlashari er ogs\u00e5 fra bydelen med lavest valgdeltakelse. Han har bodd p\u00e5 Fjell i 17 \u00e5r.<\/p>\n<p>For 20-\u00e5ringen betyr bydelen masse, men han opplever at de som bor der ofte blir snakket ned i media.<\/p>\n<p>\u2013 Hva skulle du \u00f8nske at politikere visste om Fjell?<\/p>\n<p>\u2013 De som snakker d\u00e5rlig om Fjell, de kan komme og se hvordan det er her. Alle barna her er omsorgsfulle og respektfulle. Vi er snille mennesker. Vi er ikke d\u00e5rlige mennesker her oppe p\u00e5 Fjell, sier han.<\/p>\n<p>   <img decoding=\"async\" width=\"2759\" height=\"3552\" fetchpriority=\"low\"  loading=\"lazy\"  src=\"https:\/\/www.europesays.com\/no\/wp-content\/uploads\/2025\/08\/BeFunky-design+%282%29.png\" alt=\"\" class=\"brick-c-cFOWSL\" style=\"--brick-image-ratio: 2759 \/ 3552;\"\/><\/p>\n<p>P\u00e5 dagtid jobber han i barnehage, men ellers er det musikken som st\u00e5r i sentrum.<\/p>\n<p>Artisten h\u00e5per at det blir satset mer p\u00e5 ungdommen under \u00e5rets valg.<\/p>\n<p><b>\u2013 \u00c5 f\u00e5 hjelp da jeg var yngre betydde mye. Da jeg starta med musikk, hadde jeg ikke noe studio. Men s\u00e5 var det de eldre gutta som fiksa studio og sendte meg p\u00e5 Neon fritidsklubb, sier han.<\/b><\/p>\n<p>   <img decoding=\"async\" width=\"2048\" height=\"1520\" fetchpriority=\"low\"  loading=\"lazy\"  src=\"https:\/\/www.europesays.com\/no\/wp-content\/uploads\/2025\/08\/DSC09662.jpg\" alt=\"\" class=\"brick-c-cFOWSL\" style=\"--brick-image-ratio: 2048 \/ 1520;\"\/><\/p>\n<p>    KONSERT: Issa Mirlashari \u00f8nsker vil f\u00e5 flere tilbud til unge. Selv har han benyttet seg av tilbud som har ledet han til der han er idag.<br \/>\n    Foto: Balsharan Kaur\/NRK\n  <\/p>\n<p>Selv om han engasjerer seg for ungdommen, innr\u00f8mmer 20-\u00e5ringen at han ikke har v\u00e6rt like flink til \u00e5 stemme.<\/p>\n<p>\u2013 Det er viktig \u00e5 bruke stemmeretten, men jeg har selv v\u00e6rt d\u00e5rlig p\u00e5 det. Forrige gang var det en kompis som ba meg om \u00e5 stemme, men s\u00e5 glemte jeg det, sier han.<\/p>\n<p>Mirlashadi sier han skal pr\u00f8ve \u00e5 stemme i \u00e5r.<\/p>\n<p>Afrasiab Grami (44): \u2013 \u00c5 stemme krever kunnskap<\/p>\n<p>Arfasiab Grami jobber som norskl\u00e6rer p\u00e5 Fjell skole. Han er fra Iran, men har bodd i Norge siden 2015.<\/p>\n<p>Han forklarer at man trenger s\u00e5 mye kunnskap for \u00e5 kunne stemme.<\/p>\n<p>   <img decoding=\"async\" width=\"2048\" height=\"1365\" fetchpriority=\"low\"  loading=\"lazy\"  src=\"https:\/\/www.europesays.com\/no\/wp-content\/uploads\/2025\/08\/DSC09762.jpg\" alt=\"\" class=\"brick-c-cFOWSL\" style=\"--brick-image-ratio: 2048 \/ 1365;\"\/><\/p>\n<p>    ARFASIAB: Mangel p\u00e5 kunnskap gj\u00f8r at mange med flerkulturell bakgrunn ikke stemmer, mener norskl\u00e6reren. <\/p>\n<p><b>\u2013 Jeg tror innvandrere er veldig takknemlige og vil bidra. Men det kreves en kulturell kapital n\u00e5r du skal stemme. Du skal kjenne politikerne, partiene, hva de tenker og hva de har som kampsaker, forklarer han.<\/b><\/p>\n<p>Grami p\u00e5peker at det ikke er alle som leser eller ser p\u00e5 norske nyheter. Selv har han egne erfaringer med dette.<\/p>\n<p>\u2013 Jeg er fra Iran, og med alt som skjer der nede er det nyhetene i hjemlandet jeg f\u00f8lger med p\u00e5. Da blir kanskje ikke norske lokalnyheter en prioritet, sier han.<\/p>\n<p>Valgdeltakelsen har aldri v\u00e6rt lavere<\/p>\n<p>Valgekspert Peter Egge Langs\u00e6ther sier til Drammens Tidende og NRK at lav valgdeltakelse er problematisk for demokratiet.<\/p>\n<p>Valgdeltakelsen blant innvandrere og norskf\u00f8dte med innvandrerforeldre er <a href=\"https:\/\/www.ssb.no\/valg\/kommunestyre-og-fylkestingsvalg\/artikler\/lavere-valgdeltakelse-blant-innvandrere\" rel=\"nofollow noopener\" target=\"_blank\">lavere sammenlignet med den \u00f8vrige befolkning<\/a>. Dette gjelder uavhengig av om det er stortingsvalg eller valg til kommune- og fylkesting.<\/p>\n<p><a href=\"https:\/\/www.ssb.no\/valg\/kommunestyre-og-fylkestingsvalg\/artikler\/lavere-valgdeltakelse-blant-innvandrere\" rel=\"nofollow noopener\" target=\"_blank\">Tall fra SSB<\/a> viser at valgdeltakelsen blant innvandrere i 2023 var det laveste de noen gang har registrert.<\/p>\n<p><b>\u2013 N\u00e5r forskjellen blir s\u00e5 stor og vedvarer over tid, mener jeg at det er et problem for demokratiet. Det er store forskjeller mellom innvandrere og majoritetsbefolkningen, og jeg mener det er et problem dersom vi har noen grupper som over tid deltar vesentlig mindre i demokratiet enn andre, sier Langs\u00e6ther.<\/b><\/p>\n<p>Historisk sett har Arbeiderpartiet mottatt flest stemmer fra personer med innvandrerbakgrunn, men dette bildet er i endring.<\/p>\n<p>Under kommune- og fylkestingsvalget var det kun 38 prosent av innvandrere med norsk statsborgerskap som stemte.<\/p>\n<p>Det er det laveste SSB noen gang har registrert. Samtidig ser man at kun 36 prosent av norskf\u00f8dte innvandrere stemte under valget.<\/p>\n<p><b>If\u00f8lge Langs\u00e6ther er det flere grunner til at innvandrergrupper ikke stemmer, blant annet utdanning, spr\u00e5k og oppvekst. Men det kan ogs\u00e5 v\u00e6re fordi politikken ikke oppfattes som relevant, eller at det ikke er noen partier som representerer det de mener.<\/b><\/p>\n<p>Havagul (48) og Tevik Kuyu (19): \u2013 M\u00e5 vise at politikk er for alle<\/p>\n<p>Norsk-tyrkiske Havagul Kuyu er f\u00f8dt og oppvokst i Drammen. Trebarnsmoren forteller at familien har bodd p\u00e5 Fjell de siste 20 \u00e5rene.<\/p>\n<p>48-\u00e5ringen mener det er viktig \u00e5 bruke stemmeretten for demokratiet og for \u00e5 skape et bedre samfunn.<\/p>\n<p>Hun har de siste \u00e5rene engasjert seg for \u00e5 skape flere tilbud p\u00e5 Fjell.<\/p>\n<p><b>\u2013 Da jeg ble uf\u00f8r, stengte jeg meg selv inne. Jeg hadde ikke noen steder \u00e5 g\u00e5, men tilbudene i bydelen hjalp meg ut av huset. N\u00e5 \u00f8nsker jeg \u00e5 skape tilbud for andre som f\u00f8ler seg utenfor eller trenger hjelp, sier Kuyu.<\/b><\/p>\n<p>   <img decoding=\"async\" width=\"1080\" height=\"1350\" fetchpriority=\"low\"  loading=\"lazy\"  src=\"https:\/\/www.europesays.com\/no\/wp-content\/uploads\/2025\/08\/BeFunky-design+%283%29.png\" alt=\"\" class=\"brick-c-cFOWSL\" style=\"--brick-image-ratio: 1080 \/ 1350;\"\/><\/p>\n<p>Hun er bydelsmor og er innbyggerepresentant i n\u00e6rutvalget i Drammen. Som bydelsmor jobber hun \u00e5 bygge en bru mellom det offentlige og sitt lokale samfunn.<\/p>\n<p>Under \u00e5rets valg jobber hun for \u00e5 f\u00e5 flere i bydelen ut av huset og til stemmelokalene.<\/p>\n<p><b>\u2013 Folk tenker at selv om jeg stemmer, s\u00e5 vil det ikke ha noe \u00e5 si. Men det er viktig \u00e5 f\u00e5 dem til \u00e5 skj\u00f8nne at jo, det nytter. Selv om du er innvandrer, betyr stemmen din noe. <\/b><\/p>\n<p>S\u00f8nnen Tevik Kuyu (19) skal stemme for andre gang under \u00e5rets valg.<\/p>\n<p>\u2013 Den f\u00f8rste gangen jeg stemte var det g\u00f8y, det var noe nytt, forteller han.<\/p>\n<p>Han studerer \u00f8konomi og ledelse p\u00e5 Universitetet i S\u00f8r\u00f8st-Norge. 19-\u00e5ringen er opptatt av studenters rettigheter og inkludering.<\/p>\n<p>   <img decoding=\"async\" width=\"2048\" height=\"1365\" fetchpriority=\"low\"  loading=\"lazy\"  src=\"https:\/\/www.europesays.com\/no\/wp-content\/uploads\/2025\/08\/DSC09235.jpg\" alt=\"\" class=\"brick-c-cFOWSL\" style=\"--brick-image-ratio: 2048 \/ 1365;\"\/><\/p>\n<p>    ANDREGANGSTEMMER:  Tefi Kyuu husker tilbake til f\u00f8rste gang han stemmer og \u00f8nsker \u00e5 stemme i \u00e5r ogs\u00e5. Likevel opplever han at politikerne ikke kommer i dialog med de p\u00e5 Fjell.<br \/>\n    Foto: Philip Kollstr\u00f8m\n  <\/p>\n<p><b>Han tror politikerne m\u00e5 bli flinkere til \u00e5 snakke med folk p\u00e5 Fjell. <\/b><\/p>\n<p>\u2013 Jeg kan forst\u00e5 hvorfor noen lar v\u00e6re \u00e5 stemme, for noen ganger f\u00f8les det som en enveiskommunikasjon.<\/p>\n<p><b>Kyuu tror l\u00f8sningen er \u00e5 snakke med folk og vise dem at politikk er for alle. Ikke bare politikerne.<\/b><\/p>\n<p>Kan trolig l\u00f8ses<\/p>\n<p>If\u00f8lge valgekspert Langs\u00e6ther er det f\u00e5 studier som viser hva man kan gj\u00f8re for \u00e5 f\u00e5 opp valgdeltakelsen. Likevel er det mulig \u00e5 ta tak i flere av problemene som er \u00e5rsaken til den lave deltakelsen blant innvandrere i politikken.<\/p>\n<p><b>\u2013 Hvis man snur det p\u00e5 hodet, og for eksempel ser p\u00e5 de som ikke oppfatter politikken som relevant, s\u00e5 kan man opprette politiske l\u00f8sninger og plattformer som oppleves som relevante og viktige og som man er enig i, forteller han.<\/b><\/p>\n<p>I tillegg p\u00e5peker han at det kan hjelpe \u00e5 v\u00e6re til stede der disse gruppene er for \u00e5 f\u00e5 mobilisert dem til \u00e5 stemme.<\/p>\n<p>\u2013 Om man skal mobilisere unge, s\u00e5 b\u00f8r man v\u00e6re p\u00e5 TikTok, og om man skal mobilisere ikke-vestlig innvandrere s\u00e5 er det kanskje andre arenaer for \u00e5 n\u00e5 fram til dem p\u00e5.<\/p>\n","protected":false},"excerpt":{"rendered":"FJELL: Valgdeltakelsen i Norge har g\u00e5tt ned de siste ti \u00e5rene. Ved forrige lokalvalg i 2023 hadde bydelen&hellip;\n","protected":false},"author":2,"featured_media":11971,"comment_status":"","ping_status":"","sticky":false,"template":"","format":"standard","meta":{"footnotes":""},"categories":[10],"tags":[36,20,21,427,1839,24,25,2407,15,22,23,13,30,28,29,14,16,26,27,845],"class_list":{"0":"post-11970","1":"post","2":"type-post","3":"status-publish","4":"format-standard","5":"has-post-thumbnail","7":"category-norge","8":"tag-art","9":"tag-breaking-news","10":"tag-breakingnews","11":"tag-drammen","12":"tag-feature","13":"tag-featured-news","14":"tag-featurednews","15":"tag-fjell","16":"tag-headlines","17":"tag-latest-news","18":"tag-latestnews","19":"tag-news","20":"tag-no","21":"tag-norge","22":"tag-norway","23":"tag-nyheter","24":"tag-overskrifter","25":"tag-top-stories","26":"tag-topstories","27":"tag-valg-2025"},"share_on_mastodon":{"url":"","error":""},"_links":{"self":[{"href":"https:\/\/www.europesays.com\/no\/wp-json\/wp\/v2\/posts\/11970","targetHints":{"allow":["GET"]}}],"collection":[{"href":"https:\/\/www.europesays.com\/no\/wp-json\/wp\/v2\/posts"}],"about":[{"href":"https:\/\/www.europesays.com\/no\/wp-json\/wp\/v2\/types\/post"}],"author":[{"embeddable":true,"href":"https:\/\/www.europesays.com\/no\/wp-json\/wp\/v2\/users\/2"}],"replies":[{"embeddable":true,"href":"https:\/\/www.europesays.com\/no\/wp-json\/wp\/v2\/comments?post=11970"}],"version-history":[{"count":0,"href":"https:\/\/www.europesays.com\/no\/wp-json\/wp\/v2\/posts\/11970\/revisions"}],"wp:featuredmedia":[{"embeddable":true,"href":"https:\/\/www.europesays.com\/no\/wp-json\/wp\/v2\/media\/11971"}],"wp:attachment":[{"href":"https:\/\/www.europesays.com\/no\/wp-json\/wp\/v2\/media?parent=11970"}],"wp:term":[{"taxonomy":"category","embeddable":true,"href":"https:\/\/www.europesays.com\/no\/wp-json\/wp\/v2\/categories?post=11970"},{"taxonomy":"post_tag","embeddable":true,"href":"https:\/\/www.europesays.com\/no\/wp-json\/wp\/v2\/tags?post=11970"}],"curies":[{"name":"wp","href":"https:\/\/api.w.org\/{rel}","templated":true}]}}