{"id":119711,"date":"2025-12-22T16:21:08","date_gmt":"2025-12-22T16:21:08","guid":{"rendered":"https:\/\/www.europesays.com\/no\/119711\/"},"modified":"2025-12-22T16:21:08","modified_gmt":"2025-12-22T16:21:08","slug":"ulykker-og-hendelser-trafikk-trafikkulykke-pa-e6","status":"publish","type":"post","link":"https:\/\/www.europesays.com\/no\/119711\/","title":{"rendered":"Ulykker og hendelser, Trafikk | Trafikkulykke p\u00e5 E6"},"content":{"rendered":"<p> (<a href=\"https:\/\/www.gd.no\" rel=\"nofollow noopener\" target=\"_blank\">Gudbrandsd\u00f8len Dagningen<\/a>) <\/p>\n<p>Det er ingen tvil om at juletrafikken er i gang. <\/p>\n<p>P\u00e5 E6 i Sannom p\u00e5 Lillehammer melder politiet at det har v\u00e6rt en trafikkulykke p\u00e5 E6. Det skal ha skjedd i nordg\u00e5ende retning, og det skal dreie seg om en p\u00e5kj\u00f8rsel bakfra. <\/p>\n<p>To biler er involvert hendelsen. Det fremst\u00e5r ikke som at de involverte har alvorlige personskader. En person er kj\u00f8rt til legevakt for sjekk.<\/p>\n<p>Politiet skriver at det er trafikale problemer p\u00e5 stedet. GDs reporter p\u00e5 stedet, Kari Utgaard, sier at politiet slipper trafikken forbi like f\u00f8r klokken 16.30, men at det er lang k\u00f8. <\/p>\n","protected":false},"excerpt":{"rendered":"(Gudbrandsd\u00f8len Dagningen) Det er ingen tvil om at juletrafikken er i gang. P\u00e5 E6 i Sannom p\u00e5 Lillehammer&hellip;\n","protected":false},"author":2,"featured_media":119712,"comment_status":"","ping_status":"","sticky":false,"template":"","format":"standard","meta":{"footnotes":""},"categories":[10],"tags":[36,20,21,834,24,25,15,22,23,1427,13,30,28,29,14,16,1510,26,27,224,941],"class_list":{"0":"post-119711","1":"post","2":"type-post","3":"status-publish","4":"format-standard","5":"has-post-thumbnail","7":"category-norge","8":"tag-art","9":"tag-breaking-news","10":"tag-breakingnews","11":"tag-e6","12":"tag-featured-news","13":"tag-featurednews","14":"tag-headlines","15":"tag-latest-news","16":"tag-latestnews","17":"tag-lillehammer","18":"tag-news","19":"tag-no","20":"tag-norge","21":"tag-norway","22":"tag-nyheter","23":"tag-overskrifter","24":"tag-story","25":"tag-top-stories","26":"tag-topstories","27":"tag-trafikk","28":"tag-ulykker-og-hendelser"},"share_on_mastodon":{"url":"https:\/\/pubeurope.com\/@no\/115764139523225411","error":""},"_links":{"self":[{"href":"https:\/\/www.europesays.com\/no\/wp-json\/wp\/v2\/posts\/119711","targetHints":{"allow":["GET"]}}],"collection":[{"href":"https:\/\/www.europesays.com\/no\/wp-json\/wp\/v2\/posts"}],"about":[{"href":"https:\/\/www.europesays.com\/no\/wp-json\/wp\/v2\/types\/post"}],"author":[{"embeddable":true,"href":"https:\/\/www.europesays.com\/no\/wp-json\/wp\/v2\/users\/2"}],"replies":[{"embeddable":true,"href":"https:\/\/www.europesays.com\/no\/wp-json\/wp\/v2\/comments?post=119711"}],"version-history":[{"count":0,"href":"https:\/\/www.europesays.com\/no\/wp-json\/wp\/v2\/posts\/119711\/revisions"}],"wp:featuredmedia":[{"embeddable":true,"href":"https:\/\/www.europesays.com\/no\/wp-json\/wp\/v2\/media\/119712"}],"wp:attachment":[{"href":"https:\/\/www.europesays.com\/no\/wp-json\/wp\/v2\/media?parent=119711"}],"wp:term":[{"taxonomy":"category","embeddable":true,"href":"https:\/\/www.europesays.com\/no\/wp-json\/wp\/v2\/categories?post=119711"},{"taxonomy":"post_tag","embeddable":true,"href":"https:\/\/www.europesays.com\/no\/wp-json\/wp\/v2\/tags?post=119711"}],"curies":[{"name":"wp","href":"https:\/\/api.w.org\/{rel}","templated":true}]}}