{"id":119715,"date":"2025-12-22T16:23:08","date_gmt":"2025-12-22T16:23:08","guid":{"rendered":"https:\/\/www.europesays.com\/no\/119715\/"},"modified":"2025-12-22T16:23:08","modified_gmt":"2025-12-22T16:23:08","slug":"daniel-nannskog-donald-trump-nannskog-med-melding-til-trump-skal-ikke-stoppe-meg","status":"publish","type":"post","link":"https:\/\/www.europesays.com\/no\/119715\/","title":{"rendered":"Daniel Nannskog, Donald Trump | Nannskog med melding til Trump: \u2013 Skal ikke stoppe meg"},"content":{"rendered":"\n<p>Tidligere Stab\u00e6k-spiller Daniel Nannskog har de siste 13 \u00e5rene figurert som ekspert for svenske SVT.<\/p>\n<p>For litt siden annonserte svensken at han slutter i jobben for TV-kanalen og tar n\u00e5 en ny rolle innen fotballen.<\/p>\n<p>Nannskog skal jobbe for selskapet Mind Game Sport og hjelpe unge fotballspillere med \u00e5 studere i USA \u2013 samtidig som de satser p\u00e5 sporten. Nannskog skal hjelpe dem \u00e5 finne rett universitet og bidra til \u00e5 skaffe dem stipend.<\/p>\n<p>Han har selv utforsket dette for s\u00f8nnen Millian og det var slik han kom i kontakt med Mind Game Sport.<\/p>\n<p>Nannskog flytter til USA: Skeptisk til Trump<\/p>\n<p>Dette betyr at den tidligere toppscoreren i Eliteserien flytter \u00abover dammen\u00bb.<\/p>\n<p><b>Les ogs\u00e5: <a href=\"https:\/\/www.nettavisen.no\/sport\/keane-ber-spillerne-ta-oppgjor-med-united-stjerne\/s\/5-95-2792716\" rel=\"Follow nofollow noopener\" target=\"_blank\">Roy Keane peker ut United-stjerne: \u2013 Han gj\u00f8r ikke nok<\/a><\/b><\/p>\n<p>Til sommeren flytter han til storbyen Los Angeles, en by han har dr\u00f8mt om \u00e5 kalle sitt hjem siden han var ung.<\/p>\n<p>I forbindelse med flytteplanene, har 51-\u00e5ringen tenkt mye p\u00e5 situasjonen i USA, med Donald Trump som president.<\/p>\n<p>\u2013 Jeg har f\u00e5tt sp\u00f8rsm\u00e5let av mange venner, om jeg virkelig kan bo i USA s\u00e5 lenge han sitter med makten. For min egen del, s\u00e5 kjennes det litt usikkert. Hver eneste morgen kan det komme noe nytt fra Trump og jeg \u00f8nsker helst fred og ro, sier han <a href=\"https:\/\/www.expressen.se\/sport\/fotboll\/daniel-nannskogs-beslut-lamnar-familjen-i-sverige-\/\" rel=\"Follow nofollow noopener\" target=\"_blank\">if\u00f8lge Expressen<\/a>.<\/p>\n<p>\u2013 Men jeg fors\u00f8ker \u00e5 tenke det bort. Trump skal ikke stoppe meg fra \u00e5 teste noe jeg har dr\u00f8mt om hele livet, p\u00e5peker Nannskog.<\/p>\n<p>USA-planene betyr at den tidligere fotballstjernen n\u00e5 flytter fra familien hjemme i Sverige.<\/p>\n<p>Flytter fra familien: \u2013 Det blir herlig <\/p>\n<p>Det betyr ogs\u00e5 at han m\u00e5 v\u00e6re borte fra barna.<\/p>\n<p><b>Les ogs\u00e5: <a href=\"https:\/\/www.nettavisen.no\/sport\/frykter-alvorlig-isak-skade\/s\/5-95-2792570\" rel=\"Follow nofollow noopener\" target=\"_blank\">Frykter beinbrudd for Alexander Isak<\/a><\/b><\/p>\n<p>\u2013 Jeg kommer alltid til \u00e5 v\u00e6re pappa, men nesten alle barna mine har flyttet ut n\u00e5. Den yngste s\u00f8nnen min skal fullf\u00f8re videreg\u00e5ende og skal han videre til et universitet. Jeg fikk barn da jeg var 20, forklarer Nannskog.<\/p>\n<p>\u2013 Det er 31 \u00e5r siden. Det er mange \u00e5r med handling, fiksing og aktiviteter. N\u00e5 er det jeg som skal styre hverdagen. N\u00e5 er det min tid og det kommer til \u00e5 bli herlig, mener svensken.<\/p>\n<p>At han har hatt SVT-jobben i s\u00e5 lenge som 13 \u00e5r, er egentlig litt overraskende for 51-\u00e5ringen selv.<\/p>\n<p>\u2013 Det er s\u00e5 sykt at jeg ble v\u00e6rende der i 13 \u00e5r. Det er virkelig ikke likt meg, sier han om det.<\/p>\n","protected":false},"excerpt":{"rendered":"Tidligere Stab\u00e6k-spiller Daniel Nannskog har de siste 13 \u00e5rene figurert som ekspert for svenske SVT. For litt siden&hellip;\n","protected":false},"author":2,"featured_media":119716,"comment_status":"","ping_status":"","sticky":false,"template":"","format":"standard","meta":{"footnotes":""},"categories":[59],"tags":[30,28,29,83,82],"class_list":{"0":"post-119715","1":"post","2":"type-post","3":"status-publish","4":"format-standard","5":"has-post-thumbnail","7":"category-sport","8":"tag-no","9":"tag-norge","10":"tag-norway","11":"tag-sport","12":"tag-sports"},"share_on_mastodon":{"url":"https:\/\/pubeurope.com\/@no\/115764147181976918","error":""},"_links":{"self":[{"href":"https:\/\/www.europesays.com\/no\/wp-json\/wp\/v2\/posts\/119715","targetHints":{"allow":["GET"]}}],"collection":[{"href":"https:\/\/www.europesays.com\/no\/wp-json\/wp\/v2\/posts"}],"about":[{"href":"https:\/\/www.europesays.com\/no\/wp-json\/wp\/v2\/types\/post"}],"author":[{"embeddable":true,"href":"https:\/\/www.europesays.com\/no\/wp-json\/wp\/v2\/users\/2"}],"replies":[{"embeddable":true,"href":"https:\/\/www.europesays.com\/no\/wp-json\/wp\/v2\/comments?post=119715"}],"version-history":[{"count":0,"href":"https:\/\/www.europesays.com\/no\/wp-json\/wp\/v2\/posts\/119715\/revisions"}],"wp:featuredmedia":[{"embeddable":true,"href":"https:\/\/www.europesays.com\/no\/wp-json\/wp\/v2\/media\/119716"}],"wp:attachment":[{"href":"https:\/\/www.europesays.com\/no\/wp-json\/wp\/v2\/media?parent=119715"}],"wp:term":[{"taxonomy":"category","embeddable":true,"href":"https:\/\/www.europesays.com\/no\/wp-json\/wp\/v2\/categories?post=119715"},{"taxonomy":"post_tag","embeddable":true,"href":"https:\/\/www.europesays.com\/no\/wp-json\/wp\/v2\/tags?post=119715"}],"curies":[{"name":"wp","href":"https:\/\/api.w.org\/{rel}","templated":true}]}}