{"id":119717,"date":"2025-12-22T16:28:07","date_gmt":"2025-12-22T16:28:07","guid":{"rendered":"https:\/\/www.europesays.com\/no\/119717\/"},"modified":"2025-12-22T16:28:07","modified_gmt":"2025-12-22T16:28:07","slug":"jessheim-strommen-na-er-det-ko-overalt-romerikes-blad","status":"publish","type":"post","link":"https:\/\/www.europesays.com\/no\/119717\/","title":{"rendered":"Jessheim, Str\u00f8mmen | N\u00e5 er det k\u00f8 \u00aboveralt\u00bb &#8211; Romerikes Blad"},"content":{"rendered":"<ol>\n<li><a href=\"https:\/\/news.google.com\/rss\/articles\/CBMiY0FVX3lxTE5jVU9kV3BMX19RNTdCVy1DaGc2NDBBM0lIbGZNWlN6N1hHYXZxajdXSmFyU2JKdENOUUgwem9GZ2xlVmtpQThoN2NOSm52bjdYUFpacVJCYUt1VWJpRERPejIxdw?oc=5\" target=\"_blank\" rel=\"nofollow noopener\">Jessheim, Str\u00f8mmen | N\u00e5 er det k\u00f8 \u00aboveralt\u00bb<\/a>&nbsp;&nbsp;Romerikes Blad<\/li>\n<li><a href=\"https:\/\/news.google.com\/rss\/articles\/CBMiowFBVV95cUxOQURfdDBXVnpJOVpfUWRKd1JTTnhxZVBPUjVkZEthQ0tEWVdaRDFERURQTF9sNXM1UWdhblZUeXltc01nd3BUR05aT3dnaHRrRVFTY3lUa2dwTkZxdnBlYXFNVzhSUGZOR282eGZKd0ppLUo1VnBrc21mZVoyOUhvaDdyVjBLMEVBbjQ1VmVmTkxYN0pUTE0tNmplOVBZTmFuRzlz?oc=5\" target=\"_blank\" rel=\"nofollow noopener\">Jul 2025, Klepp | Julekaoset i gang: Tj\u00e5ka fullt p\u00e5 parkeringsplassar og k\u00f8 p\u00e5 vegane<\/a>&nbsp;&nbsp;J\u00e6rbladet<\/li>\n<li><a href=\"https:\/\/news.google.com\/rss\/articles\/CBMibkFVX3lxTE1Qc0ZkREtDSDg0RE8ybTYtLXduVDFSY19JZkhKRll0ZlB0YnlmbnkzQXJfZUk0cnFDeHBMZExPSnpDbmJESEtTN082QVBIRFc2cDdmWFVNMjJNRTFoamlrYi1Ua0dhc1lkSzgwV0hR?oc=5\" target=\"_blank\" rel=\"nofollow noopener\">&#8211; Det er helt vilt<\/a>&nbsp;&nbsp;DinSide<\/li>\n<li><a href=\"https:\/\/news.google.com\/rss\/articles\/CBMikwFBVV95cUxNN0tiY0xTMllsU0JSQmZydlN1dzRxV3c0UW4xcXFOaGwtT1l0MkszU3VlRkowU0llVVRGTWZVVm42eVFNQU5taWZqYmtUamFiWGQ2RXZ1MS1WTGd3LXZDbnNrd1dWdFNKWEo5T3hIWXhRb184dzZLak1OeUdiSHhGTW5iZ3hudnBBbmdmdFpSODYxTDQ?oc=5\" target=\"_blank\" rel=\"nofollow noopener\">Travelt i sentrumsbutikkene:\u2013 N\u00e5 er jula reddet<\/a>&nbsp;&nbsp;Stavanger Aftenblad<\/li>\n<li><a href=\"https:\/\/news.google.com\/rss\/articles\/CBMifEFVX3lxTE9sTzlBaDVpeUNVcW5sYmpLMk1VN1JPSWlVcUhYT1VuZXQyT0lZVWo0cENmVlNlRXZVZmMwZlBtaGw0LVEyYVQ1bm1FNmJjYmQ3TEtZZFpCdkJzYm1yVnVEOUs1UnNHY0gwQm9XOXdPaHh6OHk1VnZyMEstWjE?oc=5\" target=\"_blank\" rel=\"nofollow noopener\">Innspurten er i gang: \u2013 Det er veldig mye \u00e5 gj\u00f8re n\u00e5 f\u00f8r jul<\/a>&nbsp;&nbsp;lister24.no<\/li>\n<\/ol>\n","protected":false},"excerpt":{"rendered":"Jessheim, Str\u00f8mmen | N\u00e5 er det k\u00f8 \u00aboveralt\u00bb&nbsp;&nbsp;Romerikes Blad Jul 2025, Klepp | Julekaoset i gang: Tj\u00e5ka fullt&hellip;\n","protected":false},"author":2,"featured_media":119718,"comment_status":"","ping_status":"","sticky":false,"template":"","format":"standard","meta":{"footnotes":""},"categories":[10],"tags":[20,21,24,25,15,22,23,13,30,28,29,14,16,26,27],"class_list":{"0":"post-119717","1":"post","2":"type-post","3":"status-publish","4":"format-standard","5":"has-post-thumbnail","7":"category-norge","8":"tag-breaking-news","9":"tag-breakingnews","10":"tag-featured-news","11":"tag-featurednews","12":"tag-headlines","13":"tag-latest-news","14":"tag-latestnews","15":"tag-news","16":"tag-no","17":"tag-norge","18":"tag-norway","19":"tag-nyheter","20":"tag-overskrifter","21":"tag-top-stories","22":"tag-topstories"},"share_on_mastodon":{"url":"https:\/\/pubeurope.com\/@no\/115764166983645793","error":""},"_links":{"self":[{"href":"https:\/\/www.europesays.com\/no\/wp-json\/wp\/v2\/posts\/119717","targetHints":{"allow":["GET"]}}],"collection":[{"href":"https:\/\/www.europesays.com\/no\/wp-json\/wp\/v2\/posts"}],"about":[{"href":"https:\/\/www.europesays.com\/no\/wp-json\/wp\/v2\/types\/post"}],"author":[{"embeddable":true,"href":"https:\/\/www.europesays.com\/no\/wp-json\/wp\/v2\/users\/2"}],"replies":[{"embeddable":true,"href":"https:\/\/www.europesays.com\/no\/wp-json\/wp\/v2\/comments?post=119717"}],"version-history":[{"count":0,"href":"https:\/\/www.europesays.com\/no\/wp-json\/wp\/v2\/posts\/119717\/revisions"}],"wp:featuredmedia":[{"embeddable":true,"href":"https:\/\/www.europesays.com\/no\/wp-json\/wp\/v2\/media\/119718"}],"wp:attachment":[{"href":"https:\/\/www.europesays.com\/no\/wp-json\/wp\/v2\/media?parent=119717"}],"wp:term":[{"taxonomy":"category","embeddable":true,"href":"https:\/\/www.europesays.com\/no\/wp-json\/wp\/v2\/categories?post=119717"},{"taxonomy":"post_tag","embeddable":true,"href":"https:\/\/www.europesays.com\/no\/wp-json\/wp\/v2\/tags?post=119717"}],"curies":[{"name":"wp","href":"https:\/\/api.w.org\/{rel}","templated":true}]}}