{"id":119719,"date":"2025-12-22T16:29:08","date_gmt":"2025-12-22T16:29:08","guid":{"rendered":"https:\/\/www.europesays.com\/no\/119719\/"},"modified":"2025-12-22T16:29:08","modified_gmt":"2025-12-22T16:29:08","slug":"orjan-heiberg-blir-ny-bryne-trener","status":"publish","type":"post","link":"https:\/\/www.europesays.com\/no\/119719\/","title":{"rendered":"\u00d8rjan Heiberg blir ny Bryne-trener"},"content":{"rendered":"<p> Bryne FK presenterer mandag ettermiddag \u00d8rjan Heiberg (33) som ny hovedtrener.\u00a0<\/p>\n<p>\u2013 Ansettelsen er et viktig steg i klubbens videre sportslige satsing, med tydelig fokus p\u00e5 utvikling, struktur og kollektiv prestasjon, skriver klubben i pressemeldingen.\u00a0<\/p>\n<p> Heiberg kommer til Bryne fra Str\u00f8mmen, der han ledet laget til opprykk til Obos-ligaen.<\/p>\n<p>Samtidig styrker klubben trenerteamet med Anders Kristiansen som ny keepertrener. <\/p>\n<p> \u00d8rjan Heiberg blir sett p\u00e5 som en moderne, disiplinert og utviklingsorientert trener.<\/p>\n<p>\u2013 Han tar med seg erfaringer fra et vellykket opprykk inn i arbeidet i Bryne, skriver klubben videre.<\/p>\n<p>Bryne rykket ned til Obos-ligaen etter en sesong p\u00e5 landets \u00f8verste niv\u00e5.<\/p>\n","protected":false},"excerpt":{"rendered":"Bryne FK presenterer mandag ettermiddag \u00d8rjan Heiberg (33) som ny hovedtrener.\u00a0 \u2013 Ansettelsen er et viktig steg i&hellip;\n","protected":false},"author":2,"featured_media":119720,"comment_status":"","ping_status":"","sticky":false,"template":"","format":"standard","meta":{"footnotes":""},"categories":[5],"tags":[20,21,24,25,15,19,22,23,17,18,13,30,28,29,14,16,26,27],"class_list":{"0":"post-119719","1":"post","2":"type-post","3":"status-publish","4":"format-standard","5":"has-post-thumbnail","7":"category-overskrifter","8":"tag-breaking-news","9":"tag-breakingnews","10":"tag-featured-news","11":"tag-featurednews","12":"tag-headlines","13":"tag-hovedoppslag","14":"tag-latest-news","15":"tag-latestnews","16":"tag-main-news","17":"tag-mainnews","18":"tag-news","19":"tag-no","20":"tag-norge","21":"tag-norway","22":"tag-nyheter","23":"tag-overskrifter","24":"tag-top-stories","25":"tag-topstories"},"share_on_mastodon":{"url":"https:\/\/pubeurope.com\/@no\/115764170983878812","error":""},"_links":{"self":[{"href":"https:\/\/www.europesays.com\/no\/wp-json\/wp\/v2\/posts\/119719","targetHints":{"allow":["GET"]}}],"collection":[{"href":"https:\/\/www.europesays.com\/no\/wp-json\/wp\/v2\/posts"}],"about":[{"href":"https:\/\/www.europesays.com\/no\/wp-json\/wp\/v2\/types\/post"}],"author":[{"embeddable":true,"href":"https:\/\/www.europesays.com\/no\/wp-json\/wp\/v2\/users\/2"}],"replies":[{"embeddable":true,"href":"https:\/\/www.europesays.com\/no\/wp-json\/wp\/v2\/comments?post=119719"}],"version-history":[{"count":0,"href":"https:\/\/www.europesays.com\/no\/wp-json\/wp\/v2\/posts\/119719\/revisions"}],"wp:featuredmedia":[{"embeddable":true,"href":"https:\/\/www.europesays.com\/no\/wp-json\/wp\/v2\/media\/119720"}],"wp:attachment":[{"href":"https:\/\/www.europesays.com\/no\/wp-json\/wp\/v2\/media?parent=119719"}],"wp:term":[{"taxonomy":"category","embeddable":true,"href":"https:\/\/www.europesays.com\/no\/wp-json\/wp\/v2\/categories?post=119719"},{"taxonomy":"post_tag","embeddable":true,"href":"https:\/\/www.europesays.com\/no\/wp-json\/wp\/v2\/tags?post=119719"}],"curies":[{"name":"wp","href":"https:\/\/api.w.org\/{rel}","templated":true}]}}