{"id":119721,"date":"2025-12-22T16:30:53","date_gmt":"2025-12-22T16:30:53","guid":{"rendered":"https:\/\/www.europesays.com\/no\/119721\/"},"modified":"2025-12-22T16:30:53","modified_gmt":"2025-12-22T16:30:53","slug":"premier-league-manchester-united-keane-ber-spillerne-ta-oppgjor-med-united-stjerne","status":"publish","type":"post","link":"https:\/\/www.europesays.com\/no\/119721\/","title":{"rendered":"Premier League, Manchester United | Keane ber spillerne ta oppgj\u00f8r med United-stjerne"},"content":{"rendered":"\n<p>Manchester United gikk p\u00e5 en ny nedtur da Aston Villa gikk seirende ut av s\u00f8ndagens Premier League-oppgj\u00f8r p\u00e5 Old Trafford.<\/p>\n<p>Ekstra ille for United var det at kaptein <a href=\"https:\/\/www.nettavisen.no\/sport\/bruno-fernandes-ut-med-skade-for-united\/s\/5-95-2792600\" rel=\"Follow nofollow noopener\" target=\"_blank\">Bruno Fernandes m\u00e5tte forlate banen med en skade<\/a>.<\/p>\n<p><b>Les ogs\u00e5: <a href=\"https:\/\/www.nettavisen.no\/sport\/frykter-alvorlig-isak-skade\/s\/5-95-2792570\" rel=\"Follow nofollow noopener\" target=\"_blank\">Frykter beinbrudd for Isak<\/a><\/b><\/p>\n<p>Peker p\u00e5 \u00e9n spiller<\/p>\n<p>Etter kampslutt er tidligere United-kaptein Roy Keane n\u00e5del\u00f8s mot Uniteds spillere, og s\u00e6rlig \u00e9n av dem.<\/p>\n<p>54-\u00e5ringen er klar p\u00e5 at det ikke er nok \u00e5 ha talent og etterlyser spillere som g\u00e5r i krigen for laget sitt.<\/p>\n<p>\u2013 Du kan ha alt talent i verden, men vi sier det igjen og igjen: du m\u00e5 brette opp ermene, sier Keane p\u00e5 Sky Sports etter kampslutt.<\/p>\n<p>S\u00e6rlig United-backen Diogo Dalot f\u00e5r kj\u00f8rt seg av den tidligere United-kapteinen s\u00f8ndag.<\/p>\n<p>\u2013 N\u00e5r kampen blir litt t\u00f8ff, s\u00e5 skal du tenke \u00abjeg gj\u00f8r min del for laget\u00bb. Det er for mange spillere, som Dalot, som ikke gj\u00f8r nok, sier Keane.<\/p>\n<p>   <img decoding=\"async\" width=\"3156\" height=\"2107\" fetchpriority=\"low\"  loading=\"lazy\"  src=\"https:\/\/www.europesays.com\/no\/wp-content\/uploads\/2025\/12\/NTB_aVxC60SZMek.jpg\" alt=\"Manchester United's Diogo Dalot speaks with team-mate Luke Shaw (right) during the Premier League match at Villa Park, Birmingham. Picture date: Sunday December 21, 2025.\" class=\"brick-c-cFOWSL\" style=\"--brick-image-ratio: 3156 \/ 2107;\"\/><\/p>\n<p>      KRITISERES: Diogo Dalot (midten) f\u00e5r h\u00f8re det av tidligere Manchester United-kaptein Roy Keane.<br \/>\n      Foto: Jacob King\n    <\/p>\n<p>Iren mener de \u00f8vrige i garderoben b\u00f8r ta et oppgj\u00f8r med den portugisiske backen.<\/p>\n<p>\u2013 Jeg vil ikke si at han jukser, men han gj\u00f8r ikke nok. Etter kampen ville jeg sett p\u00e5 ham. Jeg ville ikke sett p\u00e5 noe annet. Jeg ville spurt \u00abkommer du til \u00e5 stoppe ham?\u00bb.<\/p>\n<p>Den tidligere midtbaneterrieren er usikker p\u00e5 om alarmberedskapen er der hos Manchester United-forsvarerne og trekker frem Aston Villas 1-0-scoring som et eksempel.<\/p>\n<p>\u2013 Rogers f\u00e5r ballen ute til venstre, og vi sitter her og ser at n\u00e5 er det farlig. Vet de at det er farlig? sp\u00f8r Keane seg.<\/p>\n<p><b>Les ogs\u00e5: <a href=\"https:\/\/www.nettavisen.no\/sport\/united-kapteinen-med-overraskende-norge-melding\/s\/5-95-2788635\" rel=\"Follow nofollow noopener\" target=\"_blank\">United-kapteinen peker p\u00e5 norsk spiller: \u2013 Ville herjet i PL<\/a><\/b><\/p>\n<p>Amorim frykter Bruno-avbrekk<\/p>\n<p>Manchester United f\u00e5r muligheten til \u00e5 sl\u00e5 tilbake n\u00e5r Newcastle kommer p\u00e5 bes\u00f8k andre juledag.<\/p>\n<p>Det er forel\u00f8pig uklart om Bruno Fernandes blir klar til den kampen.<\/p>\n<p>Ruben Amorim belager seg p\u00e5 \u00e5 m\u00e5tte klare seg uten kapteinen en stund fremover.<\/p>\n<p>\u2013 Jeg tror det er , s\u00e5 det kommer til \u00e5 ta en stund. Vi f\u00e5r se, sier Amorim til Sky Sports.<\/p>\n<p>\u2013 Det er veldig rart. Dette \u00e5ret og s\u00e6rlig n\u00e5 om dagen har vi s\u00e5 mange problemer, men vi m\u00e5 h\u00e5ndtere det, sier Amorim.<\/p>\n","protected":false},"excerpt":{"rendered":"Manchester United gikk p\u00e5 en ny nedtur da Aston Villa gikk seirende ut av s\u00f8ndagens Premier League-oppgj\u00f8r p\u00e5&hellip;\n","protected":false},"author":2,"featured_media":119722,"comment_status":"","ping_status":"","sticky":false,"template":"","format":"standard","meta":{"footnotes":""},"categories":[59],"tags":[30,28,29,83,82],"class_list":{"0":"post-119721","1":"post","2":"type-post","3":"status-publish","4":"format-standard","5":"has-post-thumbnail","7":"category-sport","8":"tag-no","9":"tag-norge","10":"tag-norway","11":"tag-sport","12":"tag-sports"},"share_on_mastodon":{"url":"https:\/\/pubeurope.com\/@no\/115764178866489647","error":""},"_links":{"self":[{"href":"https:\/\/www.europesays.com\/no\/wp-json\/wp\/v2\/posts\/119721","targetHints":{"allow":["GET"]}}],"collection":[{"href":"https:\/\/www.europesays.com\/no\/wp-json\/wp\/v2\/posts"}],"about":[{"href":"https:\/\/www.europesays.com\/no\/wp-json\/wp\/v2\/types\/post"}],"author":[{"embeddable":true,"href":"https:\/\/www.europesays.com\/no\/wp-json\/wp\/v2\/users\/2"}],"replies":[{"embeddable":true,"href":"https:\/\/www.europesays.com\/no\/wp-json\/wp\/v2\/comments?post=119721"}],"version-history":[{"count":0,"href":"https:\/\/www.europesays.com\/no\/wp-json\/wp\/v2\/posts\/119721\/revisions"}],"wp:featuredmedia":[{"embeddable":true,"href":"https:\/\/www.europesays.com\/no\/wp-json\/wp\/v2\/media\/119722"}],"wp:attachment":[{"href":"https:\/\/www.europesays.com\/no\/wp-json\/wp\/v2\/media?parent=119721"}],"wp:term":[{"taxonomy":"category","embeddable":true,"href":"https:\/\/www.europesays.com\/no\/wp-json\/wp\/v2\/categories?post=119721"},{"taxonomy":"post_tag","embeddable":true,"href":"https:\/\/www.europesays.com\/no\/wp-json\/wp\/v2\/tags?post=119721"}],"curies":[{"name":"wp","href":"https:\/\/api.w.org\/{rel}","templated":true}]}}