{"id":119723,"date":"2025-12-22T16:35:11","date_gmt":"2025-12-22T16:35:11","guid":{"rendered":"https:\/\/www.europesays.com\/no\/119723\/"},"modified":"2025-12-22T16:35:11","modified_gmt":"2025-12-22T16:35:11","slug":"raser-mot-trump-dagbladet","status":"publish","type":"post","link":"https:\/\/www.europesays.com\/no\/119723\/","title":{"rendered":"Raser mot Trump: &#8211; Dagbladet"},"content":{"rendered":"<ol>\n<li><a href=\"https:\/\/news.google.com\/rss\/articles\/CBMihgFBVV95cUxPdUx4UUg5LVNFTDdRTUNhR3d0eDRzQUljWjlGX09vZ0ZOdF9uRFlhVnhieGowdEtwTTRXbGZKM2VYQ1BnQlh0a1NyVlNjWDZ4aHB3Z0JNdkxtdkhKRUVXZGJFOHZBdUw1U1hDVDlYYTc1cjRYR2l4WUNlNnptd1dQSlAyaXNJZw?oc=5\" target=\"_blank\" rel=\"nofollow noopener\">Raser mot Trump:<\/a>&nbsp;&nbsp;Dagbladet<\/li>\n<li><a href=\"https:\/\/news.google.com\/rss\/articles\/CBMimwFBVV95cUxNeHBOTTF0SGQ1MXotd3lMSUhRYWp0SG15OEF5THJmcm96bV9IaXZ1dWtGQS13bTdwVWlLSE81eUNsNEE2N2ZELV9VSW03S3hIdjBhME1iZjdOWEcwZ1RNTU1NUWxqYTZrUzM0XzA5Y3hVaFM0c20xQXNtbWMtaVFWcjVVeFlJMFZGdWpJWmF3Qk1LWUV5bThJdlFNMA?oc=5\" target=\"_blank\" rel=\"nofollow noopener\">EU: St\u00e5r i full solidaritet med Danmark og Gr\u00f8nland<\/a>&nbsp;&nbsp;Aftenposten<\/li>\n<li><a href=\"https:\/\/news.google.com\/rss\/articles\/CBMijAFBVV95cUxQdFRobVdDenRXTVlrOGllbkNMS2pVUHEyU09OaVpra3NhTDRJMHBVWVBLeFlsTlZXZXlnTWw2bzJVdUg0RF8xUkFqUnJJSUY0TTUzeDZUelQwTDlMcFpUN3lPYUkzQVZuUHpzdDh4OVRfTU43WEoycURlTm9YRXEyX2RHWEFjc01QVXFhWQ?oc=5\" target=\"_blank\" rel=\"nofollow noopener\">Danmarks utenriksminister reagerer p\u00e5 Trump-grep: \u2013\u2060 Totalt uakseptabelt<\/a>&nbsp;&nbsp;VG<\/li>\n<li><a href=\"https:\/\/news.google.com\/rss\/articles\/CBMihgFBVV95cUxOdjhrc19scjFOa1VqWElHa2ZIV2hTdTZ4WmVFZ2RoV04waEM1Njk1bUVma212Wm9iYlpNVmxGWHdnQi1admFieWZkZTRnMHZTYkdSUDFPYTdjNEIwRXdnTHd2QmlpTFg3cU1JS2lkcDJldmZHaG5OSWFWemlKZUVSUGo0enIxdw?oc=5\" target=\"_blank\" rel=\"nofollow noopener\">Trumps spesialutsending sier han vil gj\u00f8re Gr\u00f8nland til en del av USA<\/a>&nbsp;&nbsp;NRK<\/li>\n<li><a href=\"https:\/\/news.google.com\/rss\/articles\/CBMilgFBVV95cUxOcTE1Z3p6M0pzR0MyZVQ0RUdQd25NcTdSZzY4cl9rYThoc0xsdXREWXg5em9OS3dKalFLQVdwcGYtc0RCZVA0V2ptMHRRRVBhdVIyT3JGRlJ4bUQ4aWtoYThGZXhTUlB4Z1NrclpmSWd2ak53dzgxSHZjNUVkaTNXRktEU2hYSTZXazhCYnA2dHpnYmlEelE?oc=5\" target=\"_blank\" rel=\"nofollow noopener\">EU: Har full solidaritet med Danmark og Gr\u00f8nland<\/a>&nbsp;&nbsp;Aftenposten<\/li>\n<\/ol>\n","protected":false},"excerpt":{"rendered":"Raser mot Trump:&nbsp;&nbsp;Dagbladet EU: St\u00e5r i full solidaritet med Danmark og Gr\u00f8nland&nbsp;&nbsp;Aftenposten Danmarks utenriksminister reagerer p\u00e5 Trump-grep: \u2013\u2060&hellip;\n","protected":false},"author":2,"featured_media":119724,"comment_status":"","ping_status":"","sticky":false,"template":"","format":"standard","meta":{"footnotes":""},"categories":[12],"tags":[20,21,1524,55,24,25,2112,15,22,23,13,30,28,29,14,16,26,27,412,42,43,44,45],"class_list":{"0":"post-119723","1":"post","2":"type-post","3":"status-publish","4":"format-standard","5":"has-post-thumbnail","7":"category-verden","8":"tag-breaking-news","9":"tag-breakingnews","10":"tag-danmark","11":"tag-donald-trump","12":"tag-featured-news","13":"tag-featurednews","14":"tag-gronland","15":"tag-headlines","16":"tag-latest-news","17":"tag-latestnews","18":"tag-news","19":"tag-no","20":"tag-norge","21":"tag-norway","22":"tag-nyheter","23":"tag-overskrifter","24":"tag-top-stories","25":"tag-topstories","26":"tag-utenriks","27":"tag-verden","28":"tag-world","29":"tag-world-news","30":"tag-worldnews"},"share_on_mastodon":{"url":"https:\/\/pubeurope.com\/@no\/115764194623223460","error":""},"_links":{"self":[{"href":"https:\/\/www.europesays.com\/no\/wp-json\/wp\/v2\/posts\/119723","targetHints":{"allow":["GET"]}}],"collection":[{"href":"https:\/\/www.europesays.com\/no\/wp-json\/wp\/v2\/posts"}],"about":[{"href":"https:\/\/www.europesays.com\/no\/wp-json\/wp\/v2\/types\/post"}],"author":[{"embeddable":true,"href":"https:\/\/www.europesays.com\/no\/wp-json\/wp\/v2\/users\/2"}],"replies":[{"embeddable":true,"href":"https:\/\/www.europesays.com\/no\/wp-json\/wp\/v2\/comments?post=119723"}],"version-history":[{"count":0,"href":"https:\/\/www.europesays.com\/no\/wp-json\/wp\/v2\/posts\/119723\/revisions"}],"wp:featuredmedia":[{"embeddable":true,"href":"https:\/\/www.europesays.com\/no\/wp-json\/wp\/v2\/media\/119724"}],"wp:attachment":[{"href":"https:\/\/www.europesays.com\/no\/wp-json\/wp\/v2\/media?parent=119723"}],"wp:term":[{"taxonomy":"category","embeddable":true,"href":"https:\/\/www.europesays.com\/no\/wp-json\/wp\/v2\/categories?post=119723"},{"taxonomy":"post_tag","embeddable":true,"href":"https:\/\/www.europesays.com\/no\/wp-json\/wp\/v2\/tags?post=119723"}],"curies":[{"name":"wp","href":"https:\/\/api.w.org\/{rel}","templated":true}]}}