{"id":119727,"date":"2025-12-22T16:37:10","date_gmt":"2025-12-22T16:37:10","guid":{"rendered":"https:\/\/www.europesays.com\/no\/119727\/"},"modified":"2025-12-22T16:37:10","modified_gmt":"2025-12-22T16:37:10","slug":"transportselskap-konkurs-62-ansatte-mister-jobben-e24","status":"publish","type":"post","link":"https:\/\/www.europesays.com\/no\/119727\/","title":{"rendered":"Transportselskap konkurs \u2013 62 ansatte mister jobben \u2013 E24"},"content":{"rendered":"<p class=\"fullWidthDesktop hyperion-css-71ztg2\" data-test-tag=\"lead-text\">K. Simonsen Transport holdt hjulene i gang i mer enn 30 \u00e5r. <\/p>\n<p><img decoding=\"async\" class=\"image-asset hyperion-css-se2e2t\" data-test-tag=\"image-asset\" src=\"https:\/\/www.europesays.com\/no\/wp-content\/uploads\/2025\/12\/711731c5-de5e-45f8-8ff6-ab6bf443b20f\"  alt=\"K. Simonsen Transport er konkurs. Verkstedet K. Simonsen Storbilsenter driver videre som normalt. Bildet er brukt med tillatelse fra K. Simonsen Transport.\"  loading=\"eager\" fetchpriority=\"high\" style=\"aspect-ratio:1511 \/ 1066\"\/>K. Simonsen Transport er konkurs. Verkstedet K. Simonsen Storbilsenter driver videre som normalt. Bildet er brukt med tillatelse fra K. Simonsen Transport. Foto: K. Simonsen TransportPublisert: Publisert: <\/p>\n<p>For mindre enn 10 minutter siden<\/p>\n<ul class=\"hyperion-css-pte5x0\">\n<li aria-label=\"link\" class=\"narrow-button hyperion-css-1sz7d3n\">Kopier lenke<\/li>\n<li aria-label=\"link\" class=\"wide-button hyperion-css-1sz7d3n\">Kopier lenke<\/li>\n<li aria-label=\"facebook\" class=\"narrow-button hyperion-css-1sz7d3n\">Del p\u00e5 Facebook<\/li>\n<li aria-label=\"facebook\" class=\"wide-button hyperion-css-1sz7d3n\">Del p\u00e5 Facebook<\/li>\n<li aria-label=\"email\" class=\"narrow-button hyperion-css-1sz7d3n\">Del med e-post<\/li>\n<li aria-label=\"email\" class=\"wide-button hyperion-css-1sz7d3n\">Del med e-post<\/li>\n<\/ul>\n<p class=\"hyperion-css-1lemvax\">Mandag ble det \u00e5pnet konkurs i Harstad-bedriften, if\u00f8lge en kunngj\u00f8ring i Br\u00f8nn\u00f8ysundregistrene. <\/p>\n<p class=\"hyperion-css-1lemvax\">\u2013 Det skyldes likviditetsutfordringer over lengre tid, sier bostyrer Stein Nilsen, advokat og partner i Eurojuris Nord, til E24. <\/p>\n<p class=\"hyperion-css-1lemvax\">Det var <a aria-label=\"iHarstad \" class=\"default hyperion-css-1rezu2g\" href=\"https:\/\/www.iharstad.no\/trist-nyhet-til-de-ansatte-rett-for-jul-begjarer-k-simonsen-konkurs\/s\/5-126-528650\" rel=\"noopener nofollow noreferrer\" data-test-tag=\"external-link\" target=\"_blank\">iHarstad <\/a>som skrev om saken f\u00f8rst. Selskapet ble startet i 1995. <\/p>\n<p><a data-test-tag=\"teaser-small:link-internal\" href=\"https:\/\/e24.no\/boers-og-finans\/i\/Ey0ggo\/hedgefond-forvaltere-disse-aksjene-ville-de-lagt-under-juletreet\" class=\"imagePosition-top inline hyperion-css-6238vu\" rel=\"nofollow noopener\" target=\"\" aria-label=\"Hedgefond-forvaltere: Disse aksjene ville de lagt under juletreet\"><\/p>\n<p>Les p\u00e5 E24+<\/p>\n<p>Hedgefond-forvaltere: Disse aksjene ville de lagt under juletreet<\/p>\n<p><\/a>Gjeld p\u00e5 109 mill. <\/p>\n<p class=\"hyperion-css-1lemvax\">K. Simonsen Transport hadde n\u00e6r 110 millioner kroner i omsetning i 2024, if\u00f8lge det siste \u00e5rsregnskapet.<\/p>\n<p class=\"hyperion-css-1lemvax\">Likevel havnet resultatet p\u00e5 minussiden med ca. 4,8 millioner kroner p\u00e5 grunn av omtrent like store kostnader og renteutgifter p\u00e5 n\u00e6r 6 millioner. <\/p>\n<p class=\"hyperion-css-1lemvax\">Bostyrer Nilsen sier selskapet har slitt med inntjeningen i et vanskelig marked. <\/p>\n<p class=\"hyperion-css-1lemvax\">\u2013 Gjelden er oppgitt til 109 millioner kroner, sier han.<\/p>\n<p class=\"hyperion-css-1lemvax\">Det er bare transportselskapet som er konkurs. K. Simonsen Storbilsenter, som holder til samme sted, driver videre. <\/p>\n<p>\u2013 Kostnadene har eskalert<\/p>\n<p class=\"hyperion-css-1lemvax\">Transportselskapet sysselsatte 62 personer. <\/p>\n<p class=\"hyperion-css-1lemvax\">Disse mister n\u00e5 jobben, bekrefter eier og styreleder Kurt Simonsen til <a aria-label=\"iHarstad\" class=\"default hyperion-css-1rezu2g\" href=\"https:\/\/www.iharstad.no\/kurt-jobbet-til-siste-slutt-med-a-redde-bedriften-62-ansatte-mister-jobben\/s\/5-126-528666\" rel=\"noopener nofollow noreferrer\" data-test-tag=\"external-link\" target=\"_blank\">iHarstad<\/a>. <\/p>\n<p class=\"hyperion-css-1lemvax\">Han beskriver de siste tre \u00e5rene som vanskelige overfor avisen. <\/p>\n<p class=\"hyperion-css-1lemvax\">\u2013 Kostnadene har eskalert p\u00e5 drivstoff. Utgiftene til vedlikehold er omtrent fordoblet. Og med en s\u00e5 stor bilpark har det kostet mye. I dag har vi 29 biler etter \u00e5 ha solgt fire-fem gamle tidligere i h\u00f8st. <\/p>\n<p class=\"hyperion-css-1lemvax\">Bedriften har ikke latt seg redde, tross fors\u00f8k p\u00e5 \u00e5 hente egenkapital, kutte kostnader og selge hele eller deler av virksomheten. <\/p>\n<p class=\"hyperion-css-1lemvax\">Bostyrer Nilsen sier han vil kontakte de ansatte s\u00e5 snart som mulig. <\/p>\n<p class=\"hyperion-css-1lemvax\">\u2013 S\u00e5 n\u00e5 handler det egentlig bare om \u00e5 f\u00e5 kontroll p\u00e5 det som finnes av aktiva og sikre de verdiene som er i selskapet, sier han. <\/p>\n<p class=\"hyperion-css-1lemvax\">E24 har fors\u00f8kt \u00e5 kontakte Kurt Simonsen mandag ettermiddag, forel\u00f8pig uten hell. <\/p>\n","protected":false},"excerpt":{"rendered":"K. Simonsen Transport holdt hjulene i gang i mer enn 30 \u00e5r. K. Simonsen Transport er konkurs. Verkstedet&hellip;\n","protected":false},"author":2,"featured_media":119728,"comment_status":"","ping_status":"","sticky":false,"template":"","format":"standard","meta":{"footnotes":""},"categories":[5],"tags":[20,21,24,25,15,19,22,23,17,18,13,30,28,29,14,16,26,27],"class_list":{"0":"post-119727","1":"post","2":"type-post","3":"status-publish","4":"format-standard","5":"has-post-thumbnail","7":"category-overskrifter","8":"tag-breaking-news","9":"tag-breakingnews","10":"tag-featured-news","11":"tag-featurednews","12":"tag-headlines","13":"tag-hovedoppslag","14":"tag-latest-news","15":"tag-latestnews","16":"tag-main-news","17":"tag-mainnews","18":"tag-news","19":"tag-no","20":"tag-norge","21":"tag-norway","22":"tag-nyheter","23":"tag-overskrifter","24":"tag-top-stories","25":"tag-topstories"},"share_on_mastodon":{"url":"https:\/\/pubeurope.com\/@no\/115764202324686060","error":""},"_links":{"self":[{"href":"https:\/\/www.europesays.com\/no\/wp-json\/wp\/v2\/posts\/119727","targetHints":{"allow":["GET"]}}],"collection":[{"href":"https:\/\/www.europesays.com\/no\/wp-json\/wp\/v2\/posts"}],"about":[{"href":"https:\/\/www.europesays.com\/no\/wp-json\/wp\/v2\/types\/post"}],"author":[{"embeddable":true,"href":"https:\/\/www.europesays.com\/no\/wp-json\/wp\/v2\/users\/2"}],"replies":[{"embeddable":true,"href":"https:\/\/www.europesays.com\/no\/wp-json\/wp\/v2\/comments?post=119727"}],"version-history":[{"count":0,"href":"https:\/\/www.europesays.com\/no\/wp-json\/wp\/v2\/posts\/119727\/revisions"}],"wp:featuredmedia":[{"embeddable":true,"href":"https:\/\/www.europesays.com\/no\/wp-json\/wp\/v2\/media\/119728"}],"wp:attachment":[{"href":"https:\/\/www.europesays.com\/no\/wp-json\/wp\/v2\/media?parent=119727"}],"wp:term":[{"taxonomy":"category","embeddable":true,"href":"https:\/\/www.europesays.com\/no\/wp-json\/wp\/v2\/categories?post=119727"},{"taxonomy":"post_tag","embeddable":true,"href":"https:\/\/www.europesays.com\/no\/wp-json\/wp\/v2\/tags?post=119727"}],"curies":[{"name":"wp","href":"https:\/\/api.w.org\/{rel}","templated":true}]}}