{"id":119729,"date":"2025-12-22T16:39:59","date_gmt":"2025-12-22T16:39:59","guid":{"rendered":"https:\/\/www.europesays.com\/no\/119729\/"},"modified":"2025-12-22T16:39:59","modified_gmt":"2025-12-22T16:39:59","slug":"dette-er-vinneren-av-skal-vi-danse-2","status":"publish","type":"post","link":"https:\/\/www.europesays.com\/no\/119729\/","title":{"rendered":"Dette er vinneren av \u00abSkal vi danse\u00bb:"},"content":{"rendered":"<p>Ingen av de tre finalistene holdt tilbake da \u00abSkal vi danse\u00bb hadde sin siste sending l\u00f8rdag. Man kunne nesten som om dommerne brukte 10&#8217;er-skiltene som h\u00e5ndvifter, gitt hvor ofte de dro fram.<\/p>\n<p>De tre finalistene fikk tre danser hver p\u00e5 \u00e5 overbevise i finalen, og b\u00f8d p\u00e5 h\u00f8ye l\u00f8ft og gr\u00e5tkvalte hyllester.<\/p>\n<p>        <img class=\"image__img lazyload\" itemprop=\"image\" title=\"Foto: Ingvild Gjerds\u00f8 \/ TV 2\" alt=\"LYKKERUS: Antonio Careri og Tale Torjussen m\u00f8tte pressen etter seieren. Foto: Ingvild Gjerds\u00f8 \/ TV 2\" width=\"978\" height=\"551\" bad-src=\"https:\/\/www.europesays.com\/no\/wp-content\/uploads\/2025\/12\/1766421596_602_18404511.webp\" fetchpriority=\"auto\" \/><\/p>\n<p>      LYKKERUS: Antonio Careri og Tale Torjussen m\u00f8tte pressen etter seieren.<br \/>\n         Foto: Ingvild Gjerds\u00f8 \/ TV 2<\/p>\n<p>Tidligere skiskytter Tiril Eckhoff (35)<a href=\"https:\/\/www.tv2.no\/underholdning\/det-hagler-10-ere-i-finalen\/18403964\/\" rel=\"nofollow noopener\" target=\"_blank\"> r\u00f8k ut p\u00e5 en tredjeplass underveis i sendingen<\/a>.\u00a0<\/p>\n<p>\u2013 Jeg er s\u00e5 forn\u00f8yd med \u00e5 bare ha v\u00e6rt med. Som Santino har pushet og strukket meg. Jeg har v\u00e6rt forbannet p\u00e5 deg og glad i deg, men det at vi kom til finalen er en \u00e6re med deg, sa hun etter \u00e5 ha blitt stemt ut. <\/p>\n<p>\u2013 Jeg er superstolt og forn\u00f8yd. Det er stort \u00e5 f\u00e5 lov til \u00e5 v\u00e6re p\u00e5 pallen med Viggo og Tale, det er helt r\u00e5tt, sier hun til TV 2 etter finalen.<\/p>\n<p>\u2013 Tom for ord<\/p>\n<p>Dermed ble det komiker og klovn Viggo Venn (36) og skuespiller Tale Torjussen (20) som skulle krige om den gjeveste plasseringen &#8211; sistnevnte med maksimal score hos dommerne.<\/p>\n<p>Etter en siste fremf\u00f8ring av hver sin finaledans, ble det klart hvem folket ville se med dansepokalen i armene &#8211; Tale og dansepartneren Antonio Careri (27).<\/p>\n<p>\u2013 Jeg er litt tom for ord. Dette har v\u00e6rt de beste m\u00e5nedene i mitt liv. Jeg er s\u00e5 takknemlig, sier 20-\u00e5ringen etter \u00e5 ha blitt k\u00e5ret til den 20. \u00abSkal vi danse\u00bb-vinneren.<\/p>\n<p>\u2013 Dette har v\u00e6rt min barndomsdr\u00f8m, sier hun til pressen etter sendingen.<\/p>\n<p>Hun b\u00f8d blant annet p\u00e5 et halsbrekkende l\u00f8ft i finaledansen &#8211; som nok s\u00f8rget for at flere holdt pusten b\u00e5de i salen og hjemme i stua.<\/p>\n<p class=\"italic m-italic\" data-lab-italic=\"italic\">Se vinner\u00f8yeblikket i videoen under:<\/p>\n<p>Reiser hjem i natt<\/p>\n<p>Italienske Careri er i Norge p\u00e5 arbeidsvisum i forbindelse med \u00abSkal vi danse\u00bb, og drar tilbake allerede s\u00f8ndag.<\/p>\n<p class=\"bold m-bold\" data-lab-font_weight=\"bold\">\u2013 Flyet hans g\u00e5r om seks timer, avsl\u00f8rer Torjussen etter finalen.<\/p>\n<p>Han kommer tilbake til Norge allerede i februar, for \u00e5 dra p\u00e5 turn\u00e9 med proffdanserne, r\u00f8per han.<\/p>\n<p>Torjussen selv skal bruke tiden framover sammen med venner og familien, som if\u00f8lge henne ikke har sett henne p\u00e5 fire timer.<\/p>\n<p>        <img class=\"image__img lazyload\" itemprop=\"image\" title=\"Foto: Ingvild Gjerdsj\u00f8 \/ TV 2\" alt=\"SL\u00c5TT P\u00c5 M\u00c5LSTREKEN: Viggo Venn og Rikke Lund kjempet seg til en andreplass i \u00abSkal vi danse\u00bb. Foto: Ingvild Gjerdsj\u00f8 \/ TV 2\" width=\"675\" height=\"432\" bad-src=\"https:\/\/www.europesays.com\/no\/wp-content\/uploads\/2025\/12\/1766421598_535_18404484.webp\" fetchpriority=\"auto\" \/><\/p>\n<p>      SL\u00c5TT P\u00c5 M\u00c5LSTREKEN: Viggo Venn og Rikke Lund kjempet seg til en andreplass i \u00abSkal vi danse\u00bb.<br \/>\n         Foto: Ingvild Gjerdsj\u00f8 \/ TV 2<\/p>\n<p>Dermed ble det andre plass p\u00e5 Venn og Rikke Lund (29).\u00a0<\/p>\n<p>\u2013 Jeg f\u00f8lte i dag at Tale var vinneren, det tror jeg alle f\u00f8lte i kroppen. Vi har f\u00e5tt en veldig verdig vinner. Ogs\u00e5 er jeg veldig stolt av meg og Tiril, som aldri trodde vi skulle havne i en finale, sier han til TV 2 etter finalen.<\/p>\n<p>\u2013 Jeg kom hit med to h\u00f8yref\u00f8tter og en refeksvest, og drar herfra som en mann!<\/p>\n<p>        <img class=\"image__img lazyload\" itemprop=\"image\" title=\"Foto: Ingvild Gjerdsj\u00f8 \/ TV 2\" alt=\"VINNER\u00d8YEBLIKKET: Tale Torjussen blir k\u00e5ret til vinneren av \u00abSkal vi danse\u00bb 2025. Foto: Ingvild Gjerdsj\u00f8 \/ TV 2\" width=\"675\" height=\"480\" bad-src=\"https:\/\/www.europesays.com\/no\/wp-content\/uploads\/2025\/12\/1766421599_946_18404521.webp\" fetchpriority=\"auto\" \/><\/p>\n<p>      VINNER\u00d8YEBLIKKET: Tale Torjussen blir k\u00e5ret til vinneren av \u00abSkal vi danse\u00bb 2025.<br \/>\n         Foto: Ingvild Gjerdsj\u00f8 \/ TV 2<\/p>\n<p>Finalistene gleder seg stort til etterfesten. Venn avsl\u00f8rer at han ikke har r\u00f8rt alkohol under deltakelsen i \u00abSkal vi danse\u00bb.<\/p>\n<p>\u2013 Jeg blir billig i drift i kveld, det er nok med et glass, humrer han.<\/p>\n<p>\u2013 Den blir fuktig, sier Eckhoff om den forest\u00e5ende festen.<\/p>\n","protected":false},"excerpt":{"rendered":"Ingen av de tre finalistene holdt tilbake da \u00abSkal vi danse\u00bb hadde sin siste sending l\u00f8rdag. Man kunne&hellip;\n","protected":false},"author":2,"featured_media":119730,"comment_status":"","ping_status":"","sticky":false,"template":"","format":"standard","meta":{"footnotes":""},"categories":[58],"tags":[71,30,28,29,72],"class_list":{"0":"post-119729","1":"post","2":"type-post","3":"status-publish","4":"format-standard","5":"has-post-thumbnail","7":"category-underholdning","8":"tag-entertainment","9":"tag-no","10":"tag-norge","11":"tag-norway","12":"tag-underholdning"},"share_on_mastodon":{"url":"https:\/\/pubeurope.com\/@no\/115764214047145360","error":""},"_links":{"self":[{"href":"https:\/\/www.europesays.com\/no\/wp-json\/wp\/v2\/posts\/119729","targetHints":{"allow":["GET"]}}],"collection":[{"href":"https:\/\/www.europesays.com\/no\/wp-json\/wp\/v2\/posts"}],"about":[{"href":"https:\/\/www.europesays.com\/no\/wp-json\/wp\/v2\/types\/post"}],"author":[{"embeddable":true,"href":"https:\/\/www.europesays.com\/no\/wp-json\/wp\/v2\/users\/2"}],"replies":[{"embeddable":true,"href":"https:\/\/www.europesays.com\/no\/wp-json\/wp\/v2\/comments?post=119729"}],"version-history":[{"count":0,"href":"https:\/\/www.europesays.com\/no\/wp-json\/wp\/v2\/posts\/119729\/revisions"}],"wp:featuredmedia":[{"embeddable":true,"href":"https:\/\/www.europesays.com\/no\/wp-json\/wp\/v2\/media\/119730"}],"wp:attachment":[{"href":"https:\/\/www.europesays.com\/no\/wp-json\/wp\/v2\/media?parent=119729"}],"wp:term":[{"taxonomy":"category","embeddable":true,"href":"https:\/\/www.europesays.com\/no\/wp-json\/wp\/v2\/categories?post=119729"},{"taxonomy":"post_tag","embeddable":true,"href":"https:\/\/www.europesays.com\/no\/wp-json\/wp\/v2\/tags?post=119729"}],"curies":[{"name":"wp","href":"https:\/\/api.w.org\/{rel}","templated":true}]}}