{"id":119731,"date":"2025-12-22T16:43:24","date_gmt":"2025-12-22T16:43:24","guid":{"rendered":"https:\/\/www.europesays.com\/no\/119731\/"},"modified":"2025-12-22T16:43:24","modified_gmt":"2025-12-22T16:43:24","slug":"2026-vil-handle-om-a-gjore-det-a-lytte-great-again","status":"publish","type":"post","link":"https:\/\/www.europesays.com\/no\/119731\/","title":{"rendered":"\u2013 2026 vil handle om \u00e5 gj\u00f8re det \u00ab\u00e5 lytte\u00bb great again"},"content":{"rendered":"\n<p class=\"_paragraph_o9xde_4 _paragraph_xtcu6_10 layout-component text-serif-m layout-normal text-serif-m layout-padded\">N\u00e5r vi l\u00f8fter blikket, ser vi en verden som g\u00e5r feil vei. <\/p>\n<p class=\"_paragraph_o9xde_4 _paragraph_xtcu6_10 layout-component text-serif-m layout-normal text-serif-m layout-padded\">Over store deler av kloden strammer autorit\u00e6re krefter kontrollen, og stemmer som burde blitt lyttet til, blir stilnet. <\/p>\n<p class=\"_paragraph_o9xde_4 _paragraph_xtcu6_10 layout-component text-serif-m layout-normal text-serif-m layout-padded\">Lover skrives om for \u00e5 gj\u00f8re kritikk ulovlig. Journalister fengsles for \u00e5 gj\u00f8re jobben sin. Demonstranter m\u00f8tes med vold. <\/p>\n<p class=\"_paragraph_o9xde_4 _paragraph_xtcu6_10 layout-component text-serif-m layout-normal text-serif-m layout-padded\">Det som en gang var l\u00f8fter om demokrati, brukes stadig oftere som dekke for maktmisbruk. <\/p>\n<p class=\"_paragraph_o9xde_4 _paragraph_xtcu6_10 layout-component text-serif-m layout-normal text-serif-m layout-padded\"><strong class=\"_strong_o9xde_25\">I land etter land bygges nye former for sensur \u2013 noen \u00e5penlyse, andre forkledd som trygghet, tradisjon eller patriotisme. <\/strong><\/p>\n<p class=\"_paragraph_o9xde_4 _paragraph_xtcu6_10 layout-component text-serif-m layout-normal text-serif-m layout-padded\">Fra Nord-Afrika til S\u00f8r-Amerika, fra Kaukasus til Kina, fra Budapest til Bangalore, krymper rommet for frie ord. Og n\u00e5r ordene forsvinner, forsvinner ogs\u00e5 muligheten til \u00e5 l\u00f8se konflikter med spr\u00e5k, ikke v\u00e5pen.<\/p>\n<p class=\"_paragraph_o9xde_4 _paragraph_xtcu6_10 layout-component text-serif-m layout-normal text-serif-m layout-padded\">Dette er den trusselen mot ytringsfriheten vi kjenner best. Den som er lett \u00e5 identifisere. Lett \u00e5 dokumentere. Lett \u00e5 ta avstand fra. <\/p>\n<p class=\"_paragraph_o9xde_4 _paragraph_xtcu6_10 layout-component text-serif-m layout-normal text-serif-m layout-padded\">Og ofte \u2013 lett \u00e5 plassere hos \u00abde andre\u00bb.<\/p>\n<p><img alt=\"Foto: Roar Hagen \/ VG\" class=\"_image_qp4xg_65 layout-component layout-normal\" data-fullscreen- data-track-element-type=\"Article image fullscreen\" data-track-name=\"ImageFullscreen\" decoding=\"async\" loading=\"lazy\" height=\"2394\" itemprop=\"image\"  src=\"https:\/\/www.europesays.com\/no\/wp-content\/uploads\/2025\/12\/be25a527-6917-4bb3-aa15-02f4264e8d26\"  style=\"object-position:0% 0%\" width=\"3386\"\/>Foto: Roar Hagen \/ VG<\/p>\n<p class=\"_paragraph_o9xde_4 _paragraph_xtcu6_10 layout-component text-serif-m layout-normal text-serif-m layout-padded\">Men i dag vil jeg snakke om en annen utfordring for ytringsfriheten \u2013 en som ikke f\u00f8rst og fremst handler om forbud og fengsler, men om hvordan offentligheten faktisk fungerer i \u00e5pne samfunn.<\/p>\n<p class=\"_paragraph_o9xde_4 _paragraph_xtcu6_10 layout-component text-serif-m layout-normal text-serif-m layout-padded\">For parallelt med at ytringsfriheten angripes utenfra, utfordres den ogs\u00e5 innenfra. <\/p>\n<p class=\"_paragraph_o9xde_4 _paragraph_xtcu6_10 layout-component text-serif-m layout-normal text-serif-m layout-padded\">Ikke gjennom lover og politi, men gjennom tempo, forenkling, forsterkende teknologi og stadig mindre rom for kompleksitet i den offentlige samtalen.<\/p>\n<p class=\"_paragraph_o9xde_4 _paragraph_xtcu6_10 layout-component text-serif-m layout-normal text-serif-m layout-padded\">Jeg lurer p\u00e5 om noe grunnleggende har endret seg i m\u00e5ten vi snakker sammen p\u00e5 \u2013 og i ikke minst: m\u00e5ten vi lytter p\u00e5.\u00a0<\/p>\n<p class=\"_paragraph_o9xde_4 _paragraph_xtcu6_10 layout-component text-serif-m layout-normal text-serif-m layout-padded\">Om vi fortsatt lytter for \u00e5 forst\u00e5, eller om vi oftere lytter f\u00f8rst og fremst for \u00e5 plassere, vurdere og d\u00f8mme.<\/p>\n<p class=\"_paragraph_o9xde_4 _paragraph_xtcu6_10 layout-component text-serif-m layout-normal text-serif-m layout-padded\">N\u00e5r jeg ser tilbake p\u00e5 \u00e5ret som har g\u00e5tt, er det dette sp\u00f8rsm\u00e5let jeg stadig vender tilbake til. Ikke hva vi har ment. Ikke hva vi har publisert. Men hvordan vi har lyttet. Og om det \u00ab\u00e5 lytte\u00bb fortsatt oppfattes som en kjerneverdi.<\/p>\n<p class=\"_paragraph_o9xde_4 _paragraph_xtcu6_10 layout-component text-serif-m layout-normal text-serif-m layout-padded\">For det er ikke mangel p\u00e5 meninger som preger tiden v\u00e5r. Tvert imot.<\/p>\n<p class=\"_paragraph_o9xde_4 _paragraph_xtcu6_10 layout-component text-serif-m layout-normal text-serif-m layout-padded\">Det som mangler, virker det som, er viljen til \u00e5 unders\u00f8ke ferdig. Til \u00e5 lytte helt ut. Til \u00e5 fortsette \u00e5 lytte selv om du er uenig i det du h\u00f8rer. Til \u00e5 ta innover oss fakta og perspektiver som ikke passer helt inn i v\u00e5re egne forklaringer \u2013 f\u00f8r vi g\u00e5r videre.<\/p>\n<p class=\"_paragraph_o9xde_4 _paragraph_xtcu6_10 layout-component text-serif-m layout-normal text-serif-m layout-padded\">Vi reagerer raskt. Vi forenkler mer og mer. Og mest urovekkende, syns jeg: Vi velger forklaringer som er enten\u2013eller, svart eller hvitt, det gode mot det onde. <\/p>\n<p class=\"_paragraph_o9xde_4 _paragraph_xtcu6_10 layout-component text-serif-m layout-normal text-serif-m layout-padded\">Og i denne farten forsvinner nyansene. Ikke fordi de ikke finnes, men fordi de ikke f\u00e5r plass.<\/p>\n<p class=\"_paragraph_o9xde_4 _paragraph_xtcu6_10 layout-component text-serif-m layout-normal text-serif-m layout-padded\">Sp\u00f8rsm\u00e5let er ikke bare om at dette skjer, men hvorfor.<\/p>\n<p class=\"_paragraph_o9xde_4 _paragraph_xtcu6_10 layout-component text-serif-m layout-normal text-serif-m layout-padded\">Har vi latt den ideologiske rullegardinen g\u00e5 s\u00e5 langt ned at alt som forstyrrer v\u00e5rt eget verdensbilde stenges ute?<\/p>\n<p class=\"_paragraph_o9xde_4 _paragraph_xtcu6_10 layout-component text-serif-m layout-normal text-serif-m layout-padded\">Har sosiale medier og techselskapenes algoritmer gravd s\u00e5 dype gr\u00f8fter at vi ikke lenger klarer \u00e5 komme oss opp av dem?<\/p>\n<p class=\"_paragraph_o9xde_4 _paragraph_xtcu6_10 layout-component text-serif-m layout-normal text-serif-m layout-padded\">Er det moralens pris \u2013 i et samfunn som krever svar p\u00e5 alt det vonde i verden?<\/p>\n<p class=\"_paragraph_o9xde_4 _paragraph_xtcu6_10 layout-component text-serif-m layout-normal text-serif-m layout-padded\">Eller har det alltid v\u00e6rt slik, bare forsterket i et tempo vi enn\u00e5 ikke helt har rukket \u00e5 forst\u00e5?<\/p>\n<p class=\"_paragraph_o9xde_4 _paragraph_xtcu6_10 layout-component text-serif-m layout-normal text-serif-m layout-padded\">Kanskje er svaret ikke enten\u2013eller.<\/p>\n<p class=\"_paragraph_o9xde_4 _paragraph_xtcu6_10 layout-component text-serif-m layout-normal text-serif-m layout-padded\">\u00c5ret som har g\u00e5tt har v\u00e6rt preget av sterke konflikter og sterke moralske krav. Kriger, massive folkerettsbrudd, overgrep og grov urett har krevd v\u00e5r oppmerksomhet og v\u00e5r stillingtagen. <\/p>\n<p class=\"_paragraph_o9xde_4 _paragraph_xtcu6_10 layout-component text-serif-m layout-normal text-serif-m layout-padded\"><strong class=\"_strong_o9xde_25\">Vi forventes \u00e5 mene noe, publisere noe, reagere \u2013 helst umiddelbart.<\/strong><\/p>\n<p class=\"_paragraph_o9xde_4 _paragraph_xtcu6_10 layout-component text-serif-m layout-normal text-serif-m layout-padded\">\u00c5 tie blir mistenkelig. \u00c5 n\u00f8le tolkes som et svik.<\/p>\n<p class=\"_paragraph_o9xde_4 _paragraph_xtcu6_10 layout-component text-serif-m layout-normal text-serif-m layout-padded\">Og vi skal mene, ta stilling og si ifra. Men i dette klimaet settes ytringsrommet under press. For n\u00e5r frontene hardner og tempoet \u00f8ker, blir rommet for nyanser stadig trangere. <\/p>\n<p class=\"_paragraph_o9xde_4 _paragraph_xtcu6_10 layout-component text-serif-m layout-normal text-serif-m layout-padded\">Nyanser vi trenger for \u00e5 forst\u00e5. <\/p>\n<p class=\"_paragraph_o9xde_4 _paragraph_xtcu6_10 layout-component text-serif-m layout-normal text-serif-m layout-padded\">Stemmer forsvinner \u2013 ikke alltid fordi de knebles med makt, men fordi det ikke lenger finnes plass til mangfold og kompleksitet.<\/p>\n<p class=\"_paragraph_o9xde_4 _paragraph_xtcu6_10 layout-component text-serif-m layout-normal layout-padded\"><strong class=\"_strong_o9xde_25\">Les ogs\u00e5:<\/strong> <a href=\"https:\/\/www.vg.no\/i\/y51ERx\" data-track-element-type=\"Link\" data-track-id=\"link:y51ERx\" class=\"_link_o9xde_39\" rel=\"nofollow noopener\" target=\"_blank\">B\u00e5rd Larsen: N\u00e5r mediekritikk blir autorit\u00e6r strategi<\/a><\/p>\n<p class=\"_paragraph_o9xde_4 _paragraph_xtcu6_10 layout-component text-serif-m layout-normal text-serif-m layout-padded\">Og s\u00e5 tror jeg kanskje vi ogs\u00e5 har glemt noe grunnleggende: at toleranse ikke er behagelig. At toleranse er krevende. Til tider slitsom.\u00a0<\/p>\n<p class=\"_paragraph_o9xde_4 _paragraph_xtcu6_10 layout-component text-serif-m layout-normal text-serif-m layout-padded\">Det er langt enklere \u00e5 v\u00e6re bastant. \u00c5 v\u00e6re moralsk ren. \u00c5 slippe ubehaget som f\u00f8lger med \u00e5 lytte til noe som utfordrer oss.\u00a0<\/p>\n<p class=\"_paragraph_o9xde_4 _paragraph_xtcu6_10 layout-component text-serif-m layout-normal text-serif-m layout-padded\">Undring er et vakkert ord. Likevel sp\u00f8r jeg meg: Har vi sluttet \u00e5 undre? Har vi byttet undring med skr\u00e5sikkerhet, og \u00e5penhet med posisjonering, fordi det rett og slett er enklere?<\/p>\n<p class=\"_paragraph_o9xde_4 _paragraph_xtcu6_10 layout-component text-serif-m layout-normal text-serif-m layout-padded\">Kanskje er det her moralens pris virkelig viser seg. For n\u00e5r vi ikke lenger t\u00e5ler undring, blir vi ogs\u00e5 mindre mottakelige for tvil. <\/p>\n<p class=\"_paragraph_o9xde_4 _paragraph_xtcu6_10 layout-component text-serif-m layout-normal text-serif-m layout-padded\">Men tvil er ikke svakhet. Tvil er en forutsetning for for gode ideer, for \u00e5 skape, for ny innsikt, for utvikling, og for god journalistikk.\u00a0<\/p>\n<p class=\"_paragraph_o9xde_4 _paragraph_xtcu6_10 layout-component text-serif-m layout-normal text-serif-m layout-padded\"><strong class=\"_strong_o9xde_25\">Jeg frykter at vi i \u00f8kende grad dyrker moralsk absolutthet. <\/strong><\/p>\n<p class=\"_paragraph_o9xde_4 _paragraph_xtcu6_10 layout-component text-serif-m layout-normal text-serif-m layout-padded\">At verden deles inn dikotomier om i rett og galt, venner og fiender. At nyanser ikke oppfattes som fors\u00f8k p\u00e5 \u00e5 forst\u00e5, men alltid som moralske brudd.<\/p>\n<p class=\"_paragraph_o9xde_4 _paragraph_xtcu6_10 layout-component text-serif-m layout-normal text-serif-m layout-padded\">Gaza er kanskje det tydeligste eksempelet. Russland\u2013Ukraina-krigen et annet. <\/p>\n<p class=\"_paragraph_o9xde_4 _paragraph_xtcu6_10 layout-component text-serif-m layout-normal text-serif-m layout-padded\">Frontene er s\u00e5 harde at stadig f\u00e6rre opplever at det finnes rom for mer enn \u00e9n sannhet av gangen. <\/p>\n<p class=\"_paragraph_o9xde_4 _paragraph_xtcu6_10 layout-component text-serif-m layout-normal text-serif-m layout-padded\">Der empati ikke utvides, men velges. Der fors\u00f8k p\u00e5 \u00e5 forst\u00e5 deler av motpartens bekymringer ofte tolkes som illojalitet \u2013 ikke som nysgjerrighet.<\/p>\n<p class=\"_paragraph_o9xde_4 _paragraph_xtcu6_10 layout-component text-serif-m layout-normal text-serif-m layout-padded\">Det er denne dynamikken \u2013 ikke enkeltsakene \u2013 som b\u00f8r bekymre oss. N\u00e5r kompleksitet presses ut, blir offentligheten fattigere. N\u00e5r nyanser mistenkeliggj\u00f8res, blir samtalen farligere.<\/p>\n<p class=\"_paragraph_o9xde_4 _paragraph_xtcu6_10 layout-component text-serif-m layout-normal text-serif-m layout-padded\">Konsekvensen er ikke bare harde ord, men stillhet. Kanskje er det mest urovekkende ved \u00e5ret som har g\u00e5tt ikke de h\u00f8yr\u00f8stede debattene vi har sett, men alle dem som aldri fant sted.\u00a0<\/p>\n<p class=\"_paragraph_o9xde_4 _paragraph_xtcu6_10 layout-component text-serif-m layout-normal text-serif-m layout-padded\">Samtaler som ikke ble tatt. Uenigheter som ikke ble delt. Ikke fordi vi manglet meninger, men fordi prisen for \u00e5 delta har blitt for h\u00f8y, spesielt blant unge.<\/p>\n<p class=\"_paragraph_o9xde_4 _paragraph_xtcu6_10 layout-component text-serif-m layout-normal text-serif-m layout-padded\">N\u00e5r risikoen for \u00e5 bli misforst\u00e5tt, stemplet eller diskvalifisert er st\u00f8rre enn h\u00e5pet om \u00e5 bli h\u00f8rt, velger mange stillheten \u2013 ikke som ettertanke, men som tilbaketrekning.<\/p>\n<p class=\"_paragraph_o9xde_4 _paragraph_xtcu6_10 layout-component text-serif-m layout-normal text-serif-m layout-padded\">Sp\u00f8rsm\u00e5let er derfor ikke bare hva som skjer \u2013 men hva vi velger \u00e5 gj\u00f8re med det.<\/p>\n<p class=\"_paragraph_o9xde_4 _paragraph_xtcu6_10 layout-component text-serif-m layout-normal text-serif-m layout-padded\">Og her har vi alle et ansvar. Men ogs\u00e5 dere i mediene. For dette handler ikke om \u00e5 ta stilling eller ikke. Det handler om nyansene.<\/p>\n<p class=\"_paragraph_o9xde_4 _paragraph_xtcu6_10 layout-component text-serif-m layout-normal text-serif-m layout-padded\">Vi m\u00e5 t\u00f8rre \u00e5 st\u00e5 imot denne utviklingen. Insistere p\u00e5 kompleksitet. P\u00e5 nyanser. <\/p>\n<p class=\"_paragraph_o9xde_4 _paragraph_xtcu6_10 layout-component text-serif-m layout-normal text-serif-m layout-padded\">Det betyr ikke alltid \u00e5 balansere ett perspektiv med det motsatte, men \u00e5 ta jobben det er \u00e5 finne frem til alt imellom. P\u00e5 den gr\u00e5 massen som er den kompliserte verden vi faktisk lever i.\u00a0<\/p>\n<p class=\"_paragraph_o9xde_4 _paragraph_xtcu6_10 layout-component text-serif-m layout-normal text-serif-m layout-padded\">N\u00e5r vi n\u00e5 ser frem mot 2026, tror jeg dette er noe av det viktigste vi m\u00e5 ta med oss videre. <\/p>\n<p class=\"_paragraph_o9xde_4 _paragraph_xtcu6_10 layout-component text-serif-m layout-normal text-serif-m layout-padded\">For demokrati handler ikke om enighet, men om evnen til \u00e5 leve med uenighet. Om \u00e5 st\u00e5 i spenning uten \u00e5 rive hverandre i stykker.<\/p>\n<p class=\"_paragraph_o9xde_4 _paragraph_xtcu6_10 layout-component text-serif-m layout-normal text-serif-m layout-padded\">Et demokrati t\u00e5ler uenighet. Men jeg tror ikke det t\u00e5ler for mye av moralsk absolutthet. Det t\u00e5ler i alle fall ikke at vi slutter \u00e5 anerkjenne hverandre som legitime samtalepartnere.<\/p>\n<p class=\"_paragraph_o9xde_4 _paragraph_xtcu6_10 layout-component text-serif-m layout-normal text-serif-m layout-padded\"><strong class=\"_strong_o9xde_25\">Hvis vi slutter \u00e5 lytte til hverandre \u2013 virkelig lytte \u2013 svekker vi demokratiet innenfra.<\/strong><\/p>\n<p class=\"_paragraph_o9xde_4 _paragraph_xtcu6_10 layout-component text-serif-m layout-normal text-serif-m layout-padded\">Men jeg tror ogs\u00e5 at vi kan komme oss opp av gr\u00f8ftene. Det vil ikke skje av seg selv. Ikke fordi algoritmene plutselig blir snillere. Men fordi vi velger det.<\/p>\n<p class=\"_paragraph_o9xde_4 _paragraph_xtcu6_10 layout-component text-serif-m layout-normal text-serif-m layout-padded\">For vi har ikke bare havnet her. Vi har gravd oss ned. Sak for sak. Klikk for klikk. Og det betyr ogs\u00e5 at vi kan grave oss opp igjen.<\/p>\n<p class=\"_paragraph_o9xde_4 _paragraph_xtcu6_10 layout-component text-serif-m layout-normal text-serif-m layout-padded\">S\u00e5 2026 vil kreve noe av oss. Aktive valg. Aktiv lytting. Aktiv motstand mot forenkling. Ikke for \u00e5 gi opp egne verdier, men for \u00e5 forst\u00e5 verden bedre \u2013 og hverandre litt mer.<\/p>\n<p class=\"_paragraph_o9xde_4 _paragraph_xtcu6_10 layout-component text-serif-m layout-normal text-serif-m layout-padded\">Demokratiet overlever p\u00e5 viljen til \u00e5 gj\u00f8re det krevende arbeidet \u2013 sammen.<\/p>\n<p class=\"_paragraph_o9xde_4 _paragraph_xtcu6_10 layout-component text-serif-m layout-normal text-serif-m layout-padded\">Og kanskje er det nettopp det 2026 vil handle om.<\/p>\n<p class=\"_paragraph_o9xde_4 _paragraph_xtcu6_10 layout-component text-serif-m layout-normal text-serif-m layout-padded\">Ikke de store ordene. Men de sm\u00e5 valgene. Hver dag. \u00c5 gj\u00f8re \u00ab\u00e5 lytte\u00bb great again.<\/p>\n<p class=\"_paragraph_o9xde_4 _paragraph_xtcu6_10 layout-component text-serif-m layout-normal text-serif-m layout-padded\">(Kronikken er en lett bearbeidet versjon av J\u00f8rgen Watne Frydnes\u2019 tale til Mediebedriftenes Landsforening 18. desember.)<\/p>\n<p>   Dette er en kronikk. Kronikken gir uttrykk for skribentens holdning. Du kan sende inn kronikker og debattinnlegg til <a class=\"_link_jv5ak_10\" href=\"https:\/\/www.vg.no\/nyheter\/i\/8pmm3d\/mailto:debatt@vg.no\" rel=\"nofollow noopener\" target=\"_blank\">debatt@vg.no<\/a>. <\/p>\n","protected":false},"excerpt":{"rendered":"N\u00e5r vi l\u00f8fter blikket, ser vi en verden som g\u00e5r feil vei. Over store deler av kloden strammer&hellip;\n","protected":false},"author":2,"featured_media":119732,"comment_status":"","ping_status":"","sticky":false,"template":"","format":"standard","meta":{"footnotes":""},"categories":[12],"tags":[20,21,1388,24,25,15,22,23,2142,13,30,28,29,14,11393,16,26,27,42,43,44,45,3492],"class_list":{"0":"post-119731","1":"post","2":"type-post","3":"status-publish","4":"format-standard","5":"has-post-thumbnail","7":"category-verden","8":"tag-breaking-news","9":"tag-breakingnews","10":"tag-demokrati","11":"tag-featured-news","12":"tag-featurednews","13":"tag-headlines","14":"tag-latest-news","15":"tag-latestnews","16":"tag-mangfold","17":"tag-news","18":"tag-no","19":"tag-norge","20":"tag-norway","21":"tag-nyheter","22":"tag-offentlighet","23":"tag-overskrifter","24":"tag-top-stories","25":"tag-topstories","26":"tag-verden","27":"tag-world","28":"tag-world-news","29":"tag-worldnews","30":"tag-ytringsfrihet"},"share_on_mastodon":{"url":"https:\/\/pubeurope.com\/@no\/115764226285488782","error":""},"_links":{"self":[{"href":"https:\/\/www.europesays.com\/no\/wp-json\/wp\/v2\/posts\/119731","targetHints":{"allow":["GET"]}}],"collection":[{"href":"https:\/\/www.europesays.com\/no\/wp-json\/wp\/v2\/posts"}],"about":[{"href":"https:\/\/www.europesays.com\/no\/wp-json\/wp\/v2\/types\/post"}],"author":[{"embeddable":true,"href":"https:\/\/www.europesays.com\/no\/wp-json\/wp\/v2\/users\/2"}],"replies":[{"embeddable":true,"href":"https:\/\/www.europesays.com\/no\/wp-json\/wp\/v2\/comments?post=119731"}],"version-history":[{"count":0,"href":"https:\/\/www.europesays.com\/no\/wp-json\/wp\/v2\/posts\/119731\/revisions"}],"wp:featuredmedia":[{"embeddable":true,"href":"https:\/\/www.europesays.com\/no\/wp-json\/wp\/v2\/media\/119732"}],"wp:attachment":[{"href":"https:\/\/www.europesays.com\/no\/wp-json\/wp\/v2\/media?parent=119731"}],"wp:term":[{"taxonomy":"category","embeddable":true,"href":"https:\/\/www.europesays.com\/no\/wp-json\/wp\/v2\/categories?post=119731"},{"taxonomy":"post_tag","embeddable":true,"href":"https:\/\/www.europesays.com\/no\/wp-json\/wp\/v2\/tags?post=119731"}],"curies":[{"name":"wp","href":"https:\/\/api.w.org\/{rel}","templated":true}]}}