{"id":119767,"date":"2025-12-22T17:23:14","date_gmt":"2025-12-22T17:23:14","guid":{"rendered":"https:\/\/www.europesays.com\/no\/119767\/"},"modified":"2025-12-22T17:23:14","modified_gmt":"2025-12-22T17:23:14","slug":"barry-manilow-avslorer-lungekreft-fansen-stotter-superstjernen","status":"publish","type":"post","link":"https:\/\/www.europesays.com\/no\/119767\/","title":{"rendered":"Barry Manilow avsl\u00f8rer lungekreft: Fansen st\u00f8tter superstjernen"},"content":{"rendered":"<p class=\"kicker \" style=\"\">Barry Manilow:\u00a0<\/p>\n<p>  Barry Manilow kaller det \u00abren flaks\u00bb at legen fant lungekreft p\u00e5 en MR-unders\u00f8kelse tidligere i \u00e5r.\u00a0<\/p>\n<p>\n    M\u00c5 OPERERE: Barry Manilow har delt den triste nyheten om at han m\u00e5 operere, etter at legene fant en svulst i lungene hans. Foto: Jim Ruymen\/UPI\/Shutterstock\/NTB\n  <\/p>\n<p id=\"text\" class=\"svelte-1bgec1z\">I samarbeid med<\/p>\n<p>     <img decoding=\"async\" src=\"https:\/\/www.europesays.com\/no\/wp-content\/uploads\/2025\/12\/fishermansFriend.png\" alt=\"kommersiell logo\" class=\"svelte-1bgec1z\"\/>          <\/p>\n<p>Barry Manilow (82) har f\u00e5tt p\u00e5vist lungekreft.\u00a0 Den 82 \u00e5r gamle Grammy-vinneren forsikrer imidlertid fansen om at prognosene er gode.<\/p>\n<p class=\"font-weight-bold m-font-weight-bold\" data-lab-font_weight=\"font-weight-bold\">&#8211; Som mange av dere vet, gikk jeg gjennom seks uker med bronkitt etterfulgt av et tilbakefall p\u00e5 ytterligere fem uker. Selv om jeg var over bronkitten og tilbake p\u00e5 scenen p\u00e5 Westgate Las Vegas, beordret den fantastiske legen min en MR bare for \u00e5 forsikre seg om at alt var i orden, skriver Manilow p\u00e5 <a href=\"https:\/\/www.instagram.com\/p\/DSkevRHFPfU\/\" rel=\"nofollow noopener\" target=\"_blank\">Instagram<\/a>.\u00a0<\/p>\n<p>        <img loading=\"lazy\" decoding=\"async\" src=\"https:\/\/www.europesays.com\/no\/wp-content\/uploads\/2025\/12\/84021181.webp\" width=\"667\" height=\"494\" title=\"P\u00c5 SCENEN: Barry Manilow under konsert i Chicago l\u00f8rdag 27. juli 2024. Foto: Rob Grabowski \/ Invision \/ AP \/ NTB\" alt=\"\" class=\"\" style=\"--aspect-ratio-image: 1.35; \"\/><\/p>\n<p>\n        P\u00c5 SCENEN: Barry Manilow under konsert i Chicago l\u00f8rdag 27. juli 2024. Foto: Rob Grabowski \/ Invision \/ AP \/ NTB\n    <\/p>\n<p>MR-unders\u00f8kelsen avdekket en kreftsvulst p\u00e5 venstre lunge som m\u00e5 fjernes kirurgisk. Artisten beskriver funnet som \u00abren flaks\u00bb.<\/p>\n<p>&#8211; Det er de gode nyhetene. De d\u00e5rlige nyhetene er at operasjonen min for \u00e5 fjerne flekken vil hindre meg fra \u00e5 opptre p\u00e5 planlagte konserter i januar, fortsetter han.<\/p>\n<p>    <a itemprop=\"url\" href=\"https:\/\/www.seher.no\/kjendis\/kommer-ut-av-skapet-som-73-aring\/67464076\" rel=\"nofollow noopener\" target=\"_blank\"><\/p>\n<p>        <img loading=\"lazy\" decoding=\"async\" src=\"https:\/\/www.europesays.com\/no\/wp-content\/uploads\/2025\/12\/67464080.webp\" width=\"980\" height=\"441\" title=\"Kommer ut av skapet som 73-\u00e5ring\" alt=\"\" class=\"lazyload\" style=\"--aspect-ratio-image: 2.22; \"\/><\/p>\n<p>        Kommer ut av skapet som 73-\u00e5ring<\/p>\n<p>    <\/a><\/p>\n<p>Manilow unnskylder seg overfor fansen for de endrede planene og lover at billettinnehavere kan bruke billettene sine til de nye datoene.<\/p>\n<p>        <img loading=\"lazy\" decoding=\"async\" src=\"https:\/\/www.europesays.com\/no\/wp-content\/uploads\/2025\/12\/84021178.webp\" width=\"667\" height=\"834\" title=\"STJERNE: Barry Manilow mottar sin stjerne p\u00e5 Hollywood Walk of Fame i Los Angeles 22. august 1980. Foto: AP Photo \/ NTB\" alt=\"\" class=\"\" style=\"--aspect-ratio-image: 0.80; \"\/><\/p>\n<p>\n        STJERNE: Barry Manilow mottar sin stjerne p\u00e5 Hollywood Walk of Fame i Los Angeles 22. august 1980. Foto: AP Photo \/ NTB\n    <\/p>\n<p>Sangeren avslutter meldingen med humor, og forteller at han ser frem til \u00aben m\u00e5ned med kyllingsuppe og repriser av &#8216;I Love Lucy&#8217;\u00bb. Han trenger ikke cellegift p\u00e5 grunn av den tidlige oppdagelsen.<\/p>\n<p>Fansen str\u00f8mmer til med st\u00f8ttende kommentarer under innlegget, hvor mange sender ham helbredelses\u00f8nsker og varme tanker.\u00a0<\/p>\n<p>      <script async src=\"\/\/www.instagram.com\/embed.js\"><\/script><\/p>\n","protected":false},"excerpt":{"rendered":"Barry Manilow:\u00a0 Barry Manilow kaller det \u00abren flaks\u00bb at legen fant lungekreft p\u00e5 en MR-unders\u00f8kelse tidligere i \u00e5r.\u00a0&hellip;\n","protected":false},"author":2,"featured_media":119768,"comment_status":"","ping_status":"","sticky":false,"template":"","format":"standard","meta":{"footnotes":""},"categories":[58],"tags":[14305,71,479,2543,14306,30,28,29,3792,72],"class_list":{"0":"post-119767","1":"post","2":"type-post","3":"status-publish","4":"format-standard","5":"has-post-thumbnail","7":"category-underholdning","8":"tag-barry-manilow","9":"tag-entertainment","10":"tag-kjendis","11":"tag-kjendisdesken","12":"tag-lungekreft","13":"tag-no","14":"tag-norge","15":"tag-norway","16":"tag-operasjon","17":"tag-underholdning"},"share_on_mastodon":{"url":"https:\/\/pubeurope.com\/@no\/115764383178892044","error":""},"_links":{"self":[{"href":"https:\/\/www.europesays.com\/no\/wp-json\/wp\/v2\/posts\/119767","targetHints":{"allow":["GET"]}}],"collection":[{"href":"https:\/\/www.europesays.com\/no\/wp-json\/wp\/v2\/posts"}],"about":[{"href":"https:\/\/www.europesays.com\/no\/wp-json\/wp\/v2\/types\/post"}],"author":[{"embeddable":true,"href":"https:\/\/www.europesays.com\/no\/wp-json\/wp\/v2\/users\/2"}],"replies":[{"embeddable":true,"href":"https:\/\/www.europesays.com\/no\/wp-json\/wp\/v2\/comments?post=119767"}],"version-history":[{"count":0,"href":"https:\/\/www.europesays.com\/no\/wp-json\/wp\/v2\/posts\/119767\/revisions"}],"wp:featuredmedia":[{"embeddable":true,"href":"https:\/\/www.europesays.com\/no\/wp-json\/wp\/v2\/media\/119768"}],"wp:attachment":[{"href":"https:\/\/www.europesays.com\/no\/wp-json\/wp\/v2\/media?parent=119767"}],"wp:term":[{"taxonomy":"category","embeddable":true,"href":"https:\/\/www.europesays.com\/no\/wp-json\/wp\/v2\/categories?post=119767"},{"taxonomy":"post_tag","embeddable":true,"href":"https:\/\/www.europesays.com\/no\/wp-json\/wp\/v2\/tags?post=119767"}],"curies":[{"name":"wp","href":"https:\/\/api.w.org\/{rel}","templated":true}]}}