{"id":119774,"date":"2025-12-22T17:42:10","date_gmt":"2025-12-22T17:42:10","guid":{"rendered":"https:\/\/www.europesays.com\/no\/119774\/"},"modified":"2025-12-22T17:42:10","modified_gmt":"2025-12-22T17:42:10","slug":"equinors-utsetter-nord-norges-storste-industriprosjekt","status":"publish","type":"post","link":"https:\/\/www.europesays.com\/no\/119774\/","title":{"rendered":"Equinors utsetter Nord-Norges st\u00f8rste industriprosjekt"},"content":{"rendered":"<p class=\"extendedContent hyperion-css-eyn926\" data-test-tag=\"lead-text\">Kostnadsestimatene for Sn\u00f8hvit Future har \u00f8kt med cirka fire milliarder kroner siden 2024, opplyser selskapet.<\/p>\n<p>Publisert: 22.12.2025 15:31<\/p>\n<p class=\"paywall hyperion-css-1j42uic\">Prosjektet inneb\u00e6rer blant annet elektrifisering av Hammerfest LNGHammerfest LNGEt anlegg for mottak og prosessering av naturgass p\u00e5 Melk\u00f8ya.. Det vil kutte de \u00e5rlige CO\u2082-utslippene med 850 000 tonn, if\u00f8lge Equinor. (To prosent av Norges \u00e5rlige utslipp).<\/p>\n<p class=\"paywall hyperion-css-1j42uic\">I tillegg skal landkompresjon bidra til \u00e5 opprettholde plat\u00e5produksjon n\u00e5r trykket i reservoarene blir lavere. <strong>Dette har n\u00e5 en forventet oppstart i 2029, ett \u00e5r etter opprinnelig plan.<\/strong><\/p>\n<p class=\"paywall hyperion-css-1j42uic\">Blant \u00e5rsakene, som Equinor lister opp i <a aria-label=\"pressemeldingen\" class=\"default hyperion-css-1raymq9\" href=\"https:\/\/www.equinor.com\/no\/nyheter\/20251222-oppdatert-status-snohvit-future-prosjektet\" target=\"_blank\" rel=\"noopener nofollow noreferrer\" data-test-tag=\"external-link\">pressemeldingen<\/a>, er en d\u00e5rlig vinter i 2024\/2025, \u00f8kte prosjekteringskostnader og h\u00f8y inflasjon.<\/p>\n<p class=\"paywall hyperion-css-1j42uic\">Sn\u00f8hvit Future kalles Nord-Norges st\u00f8rste industriprosjekt.<\/p>\n","protected":false},"excerpt":{"rendered":"Kostnadsestimatene for Sn\u00f8hvit Future har \u00f8kt med cirka fire milliarder kroner siden 2024, opplyser selskapet. Publisert: 22.12.2025 15:31&hellip;\n","protected":false},"author":2,"featured_media":18196,"comment_status":"","ping_status":"","sticky":false,"template":"","format":"standard","meta":{"footnotes":""},"categories":[10],"tags":[20,21,24,25,15,22,23,13,30,28,29,14,16,26,27],"class_list":{"0":"post-119774","1":"post","2":"type-post","3":"status-publish","4":"format-standard","5":"has-post-thumbnail","7":"category-norge","8":"tag-breaking-news","9":"tag-breakingnews","10":"tag-featured-news","11":"tag-featurednews","12":"tag-headlines","13":"tag-latest-news","14":"tag-latestnews","15":"tag-news","16":"tag-no","17":"tag-norge","18":"tag-norway","19":"tag-nyheter","20":"tag-overskrifter","21":"tag-top-stories","22":"tag-topstories"},"share_on_mastodon":{"url":"https:\/\/pubeurope.com\/@no\/115764457857185641","error":""},"_links":{"self":[{"href":"https:\/\/www.europesays.com\/no\/wp-json\/wp\/v2\/posts\/119774","targetHints":{"allow":["GET"]}}],"collection":[{"href":"https:\/\/www.europesays.com\/no\/wp-json\/wp\/v2\/posts"}],"about":[{"href":"https:\/\/www.europesays.com\/no\/wp-json\/wp\/v2\/types\/post"}],"author":[{"embeddable":true,"href":"https:\/\/www.europesays.com\/no\/wp-json\/wp\/v2\/users\/2"}],"replies":[{"embeddable":true,"href":"https:\/\/www.europesays.com\/no\/wp-json\/wp\/v2\/comments?post=119774"}],"version-history":[{"count":0,"href":"https:\/\/www.europesays.com\/no\/wp-json\/wp\/v2\/posts\/119774\/revisions"}],"wp:featuredmedia":[{"embeddable":true,"href":"https:\/\/www.europesays.com\/no\/wp-json\/wp\/v2\/media\/18196"}],"wp:attachment":[{"href":"https:\/\/www.europesays.com\/no\/wp-json\/wp\/v2\/media?parent=119774"}],"wp:term":[{"taxonomy":"category","embeddable":true,"href":"https:\/\/www.europesays.com\/no\/wp-json\/wp\/v2\/categories?post=119774"},{"taxonomy":"post_tag","embeddable":true,"href":"https:\/\/www.europesays.com\/no\/wp-json\/wp\/v2\/tags?post=119774"}],"curies":[{"name":"wp","href":"https:\/\/api.w.org\/{rel}","templated":true}]}}