{"id":119777,"date":"2025-12-22T17:49:14","date_gmt":"2025-12-22T17:49:14","guid":{"rendered":"https:\/\/www.europesays.com\/no\/119777\/"},"modified":"2025-12-22T17:49:14","modified_gmt":"2025-12-22T17:49:14","slug":"nyheter-politi-syklist-pakjort-ved-kistrand","status":"publish","type":"post","link":"https:\/\/www.europesays.com\/no\/119777\/","title":{"rendered":"Nyheter, Politi | Syklist p\u00e5kj\u00f8rt ved Kistrand"},"content":{"rendered":"\n<p>Det melder politiet i Nordland klokken 15.16.<\/p>\n<p>Politi og ambulanse har rykket ut etter at de fikk meldingen.<\/p>\n<p>\u2013 Syklist truffet av bil som kj\u00f8rte i samme retning, melder operasjonsleder Tommy Bech.<\/p>\n<p>Syklisten skal v\u00e6re v\u00e5ken og oppeg\u00e5ende.<\/p>\n<p>Syklisten bringes til sykehuset for sjekk.<\/p>\n<p>\u2013 Politiet dirigerer trafikken forbi ulykkesstedet inntil vi er ferdige p\u00e5 stedet, lyder meldingen.<\/p>\n<p>Statens vegvesen melder at hendelsen har skjedd p\u00e5 riksvei 80.<\/p>\n<p>Ett kj\u00f8refelt var klokken 15.20 stengt.<\/p>\n","protected":false},"excerpt":{"rendered":"Det melder politiet i Nordland klokken 15.16. Politi og ambulanse har rykket ut etter at de fikk meldingen.&hellip;\n","protected":false},"author":2,"featured_media":4285,"comment_status":"","ping_status":"","sticky":false,"template":"","format":"standard","meta":{"footnotes":""},"categories":[10],"tags":[36,1525,20,21,8370,24,25,15,22,23,13,30,28,29,14,16,254,1510,26,27],"class_list":{"0":"post-119777","1":"post","2":"type-post","3":"status-publish","4":"format-standard","5":"has-post-thumbnail","7":"category-norge","8":"tag-art","9":"tag-bodo","10":"tag-breaking-news","11":"tag-breakingnews","12":"tag-fauske","13":"tag-featured-news","14":"tag-featurednews","15":"tag-headlines","16":"tag-latest-news","17":"tag-latestnews","18":"tag-news","19":"tag-no","20":"tag-norge","21":"tag-norway","22":"tag-nyheter","23":"tag-overskrifter","24":"tag-politi","25":"tag-story","26":"tag-top-stories","27":"tag-topstories"},"share_on_mastodon":{"url":"https:\/\/pubeurope.com\/@no\/115764485340978201","error":""},"_links":{"self":[{"href":"https:\/\/www.europesays.com\/no\/wp-json\/wp\/v2\/posts\/119777","targetHints":{"allow":["GET"]}}],"collection":[{"href":"https:\/\/www.europesays.com\/no\/wp-json\/wp\/v2\/posts"}],"about":[{"href":"https:\/\/www.europesays.com\/no\/wp-json\/wp\/v2\/types\/post"}],"author":[{"embeddable":true,"href":"https:\/\/www.europesays.com\/no\/wp-json\/wp\/v2\/users\/2"}],"replies":[{"embeddable":true,"href":"https:\/\/www.europesays.com\/no\/wp-json\/wp\/v2\/comments?post=119777"}],"version-history":[{"count":0,"href":"https:\/\/www.europesays.com\/no\/wp-json\/wp\/v2\/posts\/119777\/revisions"}],"wp:featuredmedia":[{"embeddable":true,"href":"https:\/\/www.europesays.com\/no\/wp-json\/wp\/v2\/media\/4285"}],"wp:attachment":[{"href":"https:\/\/www.europesays.com\/no\/wp-json\/wp\/v2\/media?parent=119777"}],"wp:term":[{"taxonomy":"category","embeddable":true,"href":"https:\/\/www.europesays.com\/no\/wp-json\/wp\/v2\/categories?post=119777"},{"taxonomy":"post_tag","embeddable":true,"href":"https:\/\/www.europesays.com\/no\/wp-json\/wp\/v2\/tags?post=119777"}],"curies":[{"name":"wp","href":"https:\/\/api.w.org\/{rel}","templated":true}]}}