{"id":119788,"date":"2025-12-22T17:59:11","date_gmt":"2025-12-22T17:59:11","guid":{"rendered":"https:\/\/www.europesays.com\/no\/119788\/"},"modified":"2025-12-22T17:59:11","modified_gmt":"2025-12-22T17:59:11","slug":"slik-ser-hun-ut-na","status":"publish","type":"post","link":"https:\/\/www.europesays.com\/no\/119788\/","title":{"rendered":"Slik ser hun ut n\u00e5"},"content":{"rendered":"\n<ul class=\"_list_o9xde_3 _list_64s2r_85 _unordered_o9xde_106 text-sans-m\">\n<li class=\"_item_o9xde_30\">Siri Skjeggedal spilte hovedrollen i NRKs popul\u00e6re julekalender \u00abSn\u00f8fall\u00bb som barn.<\/li>\n<li class=\"_item_o9xde_30\">Hun har gode minner fra innspillingen. <\/li>\n<li class=\"_item_o9xde_30\">N\u00e5 er hun 20 \u00e5r og studerer skuespill i Oslo.<\/li>\n<li class=\"_item_o9xde_30\">Selv om hun ikke ser p\u00e5 \u00abSn\u00f8fall\u00bb selv, blir hun fortsatt gjenkjent p\u00e5 gaten.<\/li>\n<\/ul>\n<p>Vis mer <\/p>\n<p class=\"_paragraph_o9xde_4 _paragraph_xtcu6_10 layout-component text-serif-m layout-normal text-serif-m layout-padded\">Hun var borte fra skolen et helt \u00e5r for \u00e5 spille hovedrollen som Selma i \u00abSn\u00f8fall\u00bb. <\/p>\n<p class=\"_paragraph_o9xde_4 _paragraph_xtcu6_10 layout-component text-serif-m layout-normal text-serif-m layout-padded\">N\u00e5 er hun 20 \u00e5r og studerer skuespill fulltid i Oslo.<\/p>\n<p class=\"_paragraph_o9xde_4 _paragraph_xtcu6_10 layout-component text-serif-m layout-normal text-serif-m layout-padded\">I 2016 hadde <a href=\"https:\/\/www.vg.no\/tag\/nrk?utm_source=vg-article&amp;utm_medium=auto-tagger&amp;utm_campaign=oEReWV\" class=\"_link_o9xde_39\" rel=\"nofollow noopener\" target=\"_blank\">NRK<\/a> premiere p\u00e5 julekalenderen \u00abSn\u00f8fall\u00bb. Siden har den g\u00e5tt i reprise flere \u00e5r, med stor suksess.<\/p>\n<p class=\"_paragraph_o9xde_4 _paragraph_xtcu6_10 layout-component text-serif-m layout-normal text-serif-m layout-padded\">\u00abSn\u00f8fall\u00bb ble fort tidenes mest sette julekalender. \u00c5ret den kom ble finaleepisoden sett av 1,8 millioner seere p\u00e5 NRK p\u00e5 julaften.<\/p>\n<p><img alt=\"Her tar Iselin Shumba, som spiller Hjerterud, og Siri Skjeggedal en selfi under innspillingen av serien.\" class=\"_image_qp4xg_65 layout-component layout-normal\" data-fullscreen- data-track-element-type=\"Article image fullscreen\" data-track-name=\"ImageFullscreen\" decoding=\"async\" loading=\"lazy\" height=\"640\" itemprop=\"image\"  src=\"https:\/\/www.europesays.com\/no\/wp-content\/uploads\/2025\/12\/190a5af9-12e0-4aae-8cba-b22ad0b07733\"  style=\"object-position:0% 0%\" width=\"480\"\/>Her tar Iselin Shumba, som spiller Hjerterud, og Siri Skjeggedal en selfi under innspillingen av serien.<\/p>\n<p class=\"_paragraph_o9xde_4 _paragraph_xtcu6_10 layout-component text-serif-m layout-normal text-serif-m layout-padded\">N\u00e5 har det g\u00e5tt ti \u00e5r siden Skjeggedal hadde lange dager med innspilling av serien.<\/p>\n<p class=\"_paragraph_o9xde_4 _paragraph_xtcu6_10 layout-component text-serif-m layout-normal text-serif-m layout-padded\"><strong class=\"_strong_o9xde_25\">\u2013 Derfra har jeg bare gode minner. Innspillingen varte jo i mer enn et \u00e5r, og for en ti\u00e5ring er det veldig lenge, sier Skjeggedal til\u00a0VG.<\/strong><\/p>\n<p class=\"_paragraph_o9xde_4 _paragraph_xtcu6_10 layout-component text-serif-m layout-normal layout-padded\"><strong class=\"_strong_o9xde_25\">Les ogs\u00e5:<\/strong> <a href=\"https:\/\/www.vg.no\/i\/8wkvRx\" data-track-element-type=\"Link\" data-track-id=\"link:8wkvRx\" class=\"_link_o9xde_39\" rel=\"nofollow noopener\" target=\"_blank\">Siri Skjeggedal er Selma i \u00abSn\u00f8fall\u00bb: Den nye julestjernen<\/a><\/p>\n<p class=\"_paragraph_o9xde_4 _paragraph_xtcu6_10 layout-component text-serif-m layout-normal text-serif-m layout-padded\">Hun gikk p\u00e5 barneskolen da hun ble valgt ut blant flere tusen som s\u00f8kte om \u00e5 f\u00e5 en rolle i julekalenderen, som har blitt en tradisjon for mange norske familier.<\/p>\n<p class=\"_paragraph_o9xde_4 _paragraph_xtcu6_10 layout-component text-serif-m layout-normal text-serif-m layout-padded\">I serien havner karakteren hennes, som er foreldrel\u00f8s, i et eventyrland fullt av magi og kj\u00e6rlighet. <\/p>\n<p>Fra Trondheim-dr\u00f8mmer til Oslo-student<\/p>\n<p class=\"_paragraph_o9xde_4 _paragraph_xtcu6_10 layout-component text-serif-m layout-normal text-serif-m layout-padded\">I 2016 fortalte den da 11 \u00e5r gamle Siri til VG at hun dr\u00f8mte om \u00e5 v\u00e5kne i Trondheim som 20-\u00e5ring og studere der.<\/p>\n<p class=\"_paragraph_o9xde_4 _paragraph_xtcu6_10 layout-component text-serif-m layout-normal text-serif-m layout-padded\">I dag bor hun i Oslo.<\/p>\n<p><img alt=\"Her er Siri under innspillingen. Hun har delt et knippe bilder fra tiden da hun spilte inn \u00abSn\u00f8fall\u00bb.\" class=\"_image_qp4xg_65 layout-component layout-normal\" data-fullscreen- data-track-element-type=\"Article image fullscreen\" data-track-name=\"ImageFullscreen\" decoding=\"async\" loading=\"lazy\" height=\"1668\" itemprop=\"image\"  src=\"https:\/\/www.europesays.com\/no\/wp-content\/uploads\/2025\/12\/7f9dc602-04f9-4373-a4fa-81d1d4a7640f\"  style=\"object-position:0% 0%\" width=\"2500\"\/>Her er Siri under innspillingen. Hun har delt et knippe bilder fra tiden da hun spilte inn \u00abSn\u00f8fall\u00bb.<\/p>\n<p class=\"_paragraph_o9xde_4 _paragraph_xtcu6_10 layout-component text-serif-m layout-normal text-serif-m layout-padded\">\u2013 Jeg g\u00e5r faktisk et ett\u00e5rig fulltidsstudium i skuespill i Oslo n\u00e5, og trives godt med det, forteller hun.<\/p>\n<p class=\"_paragraph_o9xde_4 _paragraph_xtcu6_10 layout-component text-serif-m layout-normal text-serif-m layout-padded\">I 2023 kom <a href=\"https:\/\/www.vg.no\/rampelys\/i\/kEnamL\/tv-anmeldelse-snoefall-sesong-2-kvalitetskos\" data-track-element-type=\"Link\" data-track-id=\"link:kEnamL\" class=\"_link_o9xde_39\" rel=\"nofollow noopener\" target=\"_blank\">sesong to av serien,<\/a> hvor Skjeggedal ogs\u00e5 var med. I ettertid startet det en <a href=\"https:\/\/www.vg.no\/rampelys\/i\/zEpPp9\/kritiserer-snoefall-2-serien-utloeser-angst\" data-track-element-type=\"Link\" data-track-id=\"link:zEpPp9\" class=\"_link_o9xde_39\" rel=\"nofollow noopener\" target=\"_blank\">debatt om hvorvidt serien var for trist,<\/a> fordi handlingen i stor grad handler om den ti \u00e5r gamle Noah, som har en kreftsyk mor.<\/p>\n<p class=\"_paragraph_o9xde_4 _paragraph_xtcu6_10 layout-component text-serif-m layout-normal layout-padded\"><strong class=\"_strong_o9xde_25\">Les ogs\u00e5:<\/strong> <a href=\"https:\/\/www.vg.no\/i\/69OBpO\" data-track-element-type=\"Link\" data-track-id=\"link:69OBpO\" class=\"_link_o9xde_39\" rel=\"nofollow noopener\" target=\"_blank\">Over \u00e9n million s\u00e5 f\u00f8rste episode av \u00abSn\u00f8fall 2\u00bb<\/a><\/p>\n<p class=\"_paragraph_o9xde_4 _paragraph_xtcu6_10 layout-component text-serif-m layout-normal text-serif-m layout-padded\">20-\u00e5ringen hadde som ung planer om \u00e5 bli lege ved siden av skuespillerkarrieren, men n\u00e5 ser det ut til at skuespillet har f\u00e5tt hele hennes oppmerksomhet.<\/p>\n<p class=\"_paragraph_o9xde_4 _paragraph_xtcu6_10 layout-component text-serif-m layout-normal text-serif-m layout-padded\">\u2013 Jeg har en kjempefin klasse, s\u00e5 selv om det er intense dager koser jeg meg veldig. Etter et \u00e5r med ski, seiling og annet friluftsliv i fjor \u2013 er det g\u00f8y \u00e5 v\u00e6re tilbake til \u00e5 drive med skuespill, sier hun.<\/p>\n<p><img alt=\"Her er skuespillerne Siri Skjeggedal (fra h\u00f8yre), Kevin Haugan, Even Aakre og Charlotte Myrest da \u00abSn\u00f8fall\u00bb f\u00f8rst ble presentert av NRK i forkant av desember 2016.  Foto: Berit Roald \/ NTB\" class=\"_image_qp4xg_65 layout-component layout-normal\" data-fullscreen- data-track-element-type=\"Article image fullscreen\" data-track-name=\"ImageFullscreen\" decoding=\"async\" loading=\"lazy\" height=\"3139\" itemprop=\"image\"  src=\"https:\/\/www.europesays.com\/no\/wp-content\/uploads\/2025\/12\/4c44d2e2-5e65-41bc-92b5-43aee04a1a4d\"  style=\"object-position:0% 0%\" width=\"4639\"\/>Her er skuespillerne Siri Skjeggedal (fra h\u00f8yre), Kevin Haugan, Even Aakre og Charlotte Myrest da \u00abSn\u00f8fall\u00bb f\u00f8rst ble presentert av NRK i forkant av desember 2016.  Foto: Berit Roald \/ NTB<\/p>\n<p class=\"_paragraph_o9xde_4 _paragraph_xtcu6_10 layout-component text-serif-m layout-normal text-serif-m layout-padded\">Som barn var Skjeggedal borte fra skolen et helt \u00e5r for \u00e5 spille inn serien. NRK hadde en egen l\u00e6rer p\u00e5 settet for barna, og hun m\u00e5tte gj\u00f8re skolearbeid i alle innspillingspausene.<\/p>\n<p class=\"_paragraph_o9xde_4 _paragraph_xtcu6_10 layout-component text-serif-m layout-normal text-serif-m layout-padded\">\u2013 Det gikk egentlig fint, men det var s\u00e5nn at i alle innspillingspausene s\u00e5 var det bare rett inn og gj\u00f8re skole. Og det ble av og til litt slitsomt, fortalte hun til VG i 2016.<\/p>\n<p>Blir fortsatt gjenkjent<\/p>\n<p class=\"_paragraph_o9xde_4 _paragraph_xtcu6_10 layout-component text-serif-m layout-normal text-serif-m layout-padded\">Selv om det har g\u00e5tt ti \u00e5r siden innspillingen, blir Skjeggedal fortsatt gjenkjent p\u00e5 gaten.<\/p>\n<p class=\"_paragraph_o9xde_4 _paragraph_xtcu6_10 layout-component text-serif-m layout-normal text-serif-m layout-padded\">\u2013 Barn er r\u00e5gode p\u00e5 s\u00e5nt! Personlig synes jeg jo at jeg har endret meg en del p\u00e5 ti \u00e5r, men folk er veldig flinke til \u00e5 kjenne igjen alts\u00e5, sier hun.<\/p>\n<p class=\"_paragraph_o9xde_4 _paragraph_xtcu6_10 layout-component text-serif-m layout-normal text-serif-m layout-padded\">Serien fikk terningkast <a href=\"https:\/\/www.vg.no\/rampelys\/i\/RWpLJ\/tv-anmeldelse-snoefall-doenn-koselig\" data-track-element-type=\"Link\" data-track-id=\"link:RWpLJ\" class=\"_link_o9xde_39\" rel=\"nofollow noopener\" target=\"_blank\">fem av VGs anmelder da den kom. <\/a>Rekorden til den popul\u00e6re julekalenderen <a href=\"https:\/\/www.vg.no\/rampelys\/i\/g6y4G1\/mest-sette-julekalender-paa-fem-aar\" data-track-element-type=\"Link\" data-track-id=\"link:g6y4G1\" class=\"_link_o9xde_39\" rel=\"nofollow noopener\" target=\"_blank\">har v\u00e6rt vanskelig \u00e5 sl\u00e5 i ettertid.<\/a><\/p>\n<p><img alt=\"Produksjonen av den f\u00f8rste \u00abSn\u00f8fall\u00bb-serien gikk over flere uker.\" class=\"_image_qp4xg_65 layout-component layout-normal\" data-fullscreen- data-track-element-type=\"Article image fullscreen\" data-track-name=\"ImageFullscreen\" decoding=\"async\" loading=\"lazy\" height=\"2592\" itemprop=\"image\"  src=\"https:\/\/www.europesays.com\/no\/wp-content\/uploads\/2025\/12\/5fe7467b-abcf-4a43-9d97-34c6df058439\"  style=\"object-position:0% 0%\" width=\"1936\"\/>Produksjonen av den f\u00f8rste \u00abSn\u00f8fall\u00bb-serien gikk over flere uker.<\/p>\n<p class=\"_paragraph_o9xde_4 _paragraph_xtcu6_10 layout-component text-serif-m layout-normal text-serif-m layout-padded\">Som 11-\u00e5ring sa hun til VG at hun ikke likte at folk stirret p\u00e5 henne, og at hun stirret tilbake. Men hun la til at hun m\u00e5tte slutte med det for ikke \u00e5 skremme folk.<\/p>\n<p class=\"_paragraph_o9xde_4 _paragraph_xtcu6_10 layout-component text-serif-m layout-normal text-serif-m layout-padded\">\u2013 Har f\u00e5tt mange hyggelige meldinger, eller folk som kommer bort p\u00e5 gaten og s\u00e5nt. Jeg skal innr\u00f8mme at jeg kan synes det blir litt mye innimellom, men det er alltid bare hyggelige henvendelser, forteller hun n\u00e5.<\/p>\n<p>Ser ikke p\u00e5 egen julekalender<\/p>\n<p class=\"_paragraph_o9xde_4 _paragraph_xtcu6_10 layout-component text-serif-m layout-normal text-serif-m layout-padded\">Ironisk nok ser ikke Skjeggedal p\u00e5 \u00abSn\u00f8fall\u00bb selv i juletiden.<\/p>\n<p class=\"_paragraph_o9xde_4 _paragraph_xtcu6_10 layout-component text-serif-m layout-normal text-serif-m layout-padded\">\u2013 Jeg ser ikke p\u00e5 \u00abSn\u00f8fall\u00bb selv, nei. \u00abJul p\u00e5 m\u00e5netoppen\u00ab og \u00abJul i svingen\u00bb kan jeg titte innom en episode her og der, men jeg har det egentlig altfor travelt i desember til \u00e5 rekke \u00e5 se julekalender hver dag, sier hun.<\/p>\n<p class=\"_paragraph_o9xde_4 _paragraph_xtcu6_10 layout-component text-serif-m layout-normal text-serif-m layout-padded\">For henne fungerer serien mer som et minne. Hele tre ganger de siste 10 \u00e5rene har serien v\u00e6rt sendt som julekalender p\u00e5 NRK.<\/p>\n<p>Dette er julekalenderseriene NRK har sendt de siste ti \u00e5rene:<\/p>\n<ul class=\"_list_o9xde_3 _list_xtcu6_9 _list_16v91_9 _unordered_o9xde_106 layout-component text-serif-m layout-normal text-sans-m layout-padded\">\n<li class=\"_item_o9xde_30\">2015\u00a0Julekongen<\/li>\n<li class=\"_item_o9xde_30\">2016<strong class=\"_strong_o9xde_25\">\u00a0<\/strong>Sn\u00f8fall<\/li>\n<li class=\"_item_o9xde_30\">2017\u00a0Jul i Svingen<\/li>\n<li class=\"_item_o9xde_30\">2018\u00a0Julekongen<\/li>\n<li class=\"_item_o9xde_30\">2019:\u00a0Sn\u00f8fall<\/li>\n<li class=\"_item_o9xde_30\">2020:\u00a0Stjernest\u00f8v<\/li>\n<li class=\"_item_o9xde_30\">2021:\u00a0Kristiania magiske tivolitheater<\/li>\n<li class=\"_item_o9xde_30\">2022:\u00a0Sn\u00f8fall<\/li>\n<li class=\"_item_o9xde_30\">2023:\u00a0Sn\u00f8fall 2<\/li>\n<li class=\"_item_o9xde_30\">2024:\u00a0Stjernest\u00f8v<\/li>\n<li class=\"_item_o9xde_30\">2025:\u00a0Kristiania Magiske Tivoliteater<\/li>\n<\/ul>\n<p>Vis mer<\/p>\n<p class=\"_paragraph_o9xde_4 _paragraph_xtcu6_10 layout-component text-serif-m layout-normal text-serif-m layout-padded\">\u2013 For meg er serien egentlig mer som et slags fotoalbum enn en historie man f\u00f8lger. Selv om jeg bare var 9 og 10 \u00e5r husker jeg s\u00e5 \u00e5 si alt fra innspilling, og de ulike scenene minner meg p\u00e5 hva vi gjorde de dagene vi spilte inn, forklarer hun.<\/p>\n<p class=\"_paragraph_o9xde_4 _paragraph_xtcu6_10 layout-component text-serif-m layout-normal text-serif-m layout-padded\">Skjeggedal har fortsatt kontakt med noen fra produksjonen, men skulle \u00f8nske hun hadde mer kontakt med dem.<\/p>\n<p class=\"_paragraph_o9xde_4 _paragraph_xtcu6_10 layout-component text-serif-m layout-normal text-serif-m layout-padded\">\u2013 Hele produksjonen, alle b\u00e5de foran og bak kamera, er ordentlig fine mennesker som jeg f\u00f8ler meg utrolig heldig for \u00e5 ha blitt kjent med, sier hun.<\/p>\n<p class=\"_paragraph_o9xde_4 _paragraph_xtcu6_10 layout-component text-serif-m layout-normal text-serif-m layout-padded\">Akkurat n\u00e5 har hun juleforestillinger p\u00e5 skuespillerstudiet, noe hun beskriver som \u00abveldig stas\u00bb.<\/p>\n","protected":false},"excerpt":{"rendered":"Siri Skjeggedal spilte hovedrollen i NRKs popul\u00e6re julekalender \u00abSn\u00f8fall\u00bb som barn. Hun har gode minner fra innspillingen. N\u00e5&hellip;\n","protected":false},"author":2,"featured_media":119789,"comment_status":"","ping_status":"","sticky":false,"template":"","format":"standard","meta":{"footnotes":""},"categories":[58],"tags":[71,5721,30,28,29,787,3318,792,72],"class_list":{"0":"post-119788","1":"post","2":"type-post","3":"status-publish","4":"format-standard","5":"has-post-thumbnail","7":"category-underholdning","8":"tag-entertainment","9":"tag-julekalender","10":"tag-no","11":"tag-norge","12":"tag-norway","13":"tag-nrk","14":"tag-skuespiller","15":"tag-tv-serie","16":"tag-underholdning"},"share_on_mastodon":{"url":"https:\/\/pubeurope.com\/@no\/115764525174661200","error":""},"_links":{"self":[{"href":"https:\/\/www.europesays.com\/no\/wp-json\/wp\/v2\/posts\/119788","targetHints":{"allow":["GET"]}}],"collection":[{"href":"https:\/\/www.europesays.com\/no\/wp-json\/wp\/v2\/posts"}],"about":[{"href":"https:\/\/www.europesays.com\/no\/wp-json\/wp\/v2\/types\/post"}],"author":[{"embeddable":true,"href":"https:\/\/www.europesays.com\/no\/wp-json\/wp\/v2\/users\/2"}],"replies":[{"embeddable":true,"href":"https:\/\/www.europesays.com\/no\/wp-json\/wp\/v2\/comments?post=119788"}],"version-history":[{"count":0,"href":"https:\/\/www.europesays.com\/no\/wp-json\/wp\/v2\/posts\/119788\/revisions"}],"wp:featuredmedia":[{"embeddable":true,"href":"https:\/\/www.europesays.com\/no\/wp-json\/wp\/v2\/media\/119789"}],"wp:attachment":[{"href":"https:\/\/www.europesays.com\/no\/wp-json\/wp\/v2\/media?parent=119788"}],"wp:term":[{"taxonomy":"category","embeddable":true,"href":"https:\/\/www.europesays.com\/no\/wp-json\/wp\/v2\/categories?post=119788"},{"taxonomy":"post_tag","embeddable":true,"href":"https:\/\/www.europesays.com\/no\/wp-json\/wp\/v2\/tags?post=119788"}],"curies":[{"name":"wp","href":"https:\/\/api.w.org\/{rel}","templated":true}]}}