{"id":119801,"date":"2025-12-22T18:12:31","date_gmt":"2025-12-22T18:12:31","guid":{"rendered":"https:\/\/www.europesays.com\/no\/119801\/"},"modified":"2025-12-22T18:12:31","modified_gmt":"2025-12-22T18:12:31","slug":"trafikk-kjoreforhold-glatte-kjoreforhold-i-namdalen-viktig-a-kjore-forsiktig","status":"publish","type":"post","link":"https:\/\/www.europesays.com\/no\/119801\/","title":{"rendered":"Trafikk, Kj\u00f8reforhold | Glatte kj\u00f8reforhold i Namdalen: \u2013 Viktig \u00e5 kj\u00f8re forsiktig"},"content":{"rendered":"\n<p><b>NAMDALEN<\/b>: \u2013 Det er litt individuelt n\u00e5r man f\u00f8ler det er for glatt. Hvis man f\u00f8ler det er for glatt og for vanskelig \u00e5 kj\u00f8re, m\u00e5 man ned med farta. I verste fall m\u00e5 man stoppe og ta seg en pause til forholdene bedrer seg, sier trafikkoperat\u00f8r Per Morten Trymer i Vegtrafikksentralen.<\/p>\n<p>Han forteller at de i l\u00f8pet av dagen har f\u00e5tt inn en klage p\u00e5 fylkesveg 17 i Skage\/Overhalla-omr\u00e5det.<\/p>\n<p>If\u00f8lge vakthavende meteorolog Julie Solsvik V\u00e5gane i Meteorologisk institutt kan glatt f\u00f8re oppst\u00e5 lokalt, selv om temperaturene i lufta ligger p\u00e5 plussida.<\/p>\n<p>\u2013 P\u00e5 denne tida av \u00e5ret har vi lange netter uten noe oppvarming fra sola. Da kan bakken bli kald, og vegbanen kan f\u00e5 minusgrader selv om lufttemperaturen er over null, forklarer hun.<\/p>\n<p>Mild luft og kald vegbane<\/p>\n<p>Det har v\u00e6rt plussgrader i Overhalla det siste d\u00f8gnet, men kombinasjonen av mild luft og kald bakke kan f\u00f8re til at f\u00f8ret endrer seg raskt og overraskende for bilistene.<\/p>\n<p>Meteorologen anbefaler \u00e5 sjekke Statens vegvesens oversikt over vegbanetemperaturer og webkamera f\u00f8r man legger ut p\u00e5 tur.<\/p>\n<p>\u2013 Det finnes m\u00e5lestasjoner som viser minusgrader b\u00e5de i lufta og i vegbanen, blant annet p\u00e5 fylkesveg 17 s\u00f8r for Namsos. Nattefrost og glatte veger er ikke uvanlig p\u00e5 denne tida av \u00e5ret, s\u00e5 det er viktig \u00e5 kj\u00f8re forsiktig og v\u00e6re forberedt p\u00e5 at forholdene kan variere undervegs, sier V\u00e5gane.<\/p>\n<p>I Trondheim ble det for eksempel m\u00e5lt 3,5 grader p\u00e5 det kaldeste i natt, og da skal det mye til for at det fryser p\u00e5.<\/p>\n<p>\u2013 Det er mer typisk p\u00e5 sideveger, og i dalstr\u00f8k, sier hun.<\/p>\n<p>P\u00e5 E6 \u00d8ykneset i Grong advarer Statens vegvesen mot isnedfall. Vegen er \u00e5pen, men de opplyser at flere kj\u00f8refelt er p\u00e5virket. Farevarselet gjelder i dag fra klokka 12.44, med beregnet sluttid kl. 16.44.<\/p>\n","protected":false},"excerpt":{"rendered":"NAMDALEN: \u2013 Det er litt individuelt n\u00e5r man f\u00f8ler det er for glatt. Hvis man f\u00f8ler det er&hellip;\n","protected":false},"author":2,"featured_media":119802,"comment_status":"","ping_status":"","sticky":false,"template":"","format":"standard","meta":{"footnotes":""},"categories":[10],"tags":[36,20,21,24,25,13761,15,11746,22,23,3158,13,30,28,29,14,16,1510,26,27,224],"class_list":{"0":"post-119801","1":"post","2":"type-post","3":"status-publish","4":"format-standard","5":"has-post-thumbnail","7":"category-norge","8":"tag-art","9":"tag-breaking-news","10":"tag-breakingnews","11":"tag-featured-news","12":"tag-featurednews","13":"tag-glatt-vegbane","14":"tag-headlines","15":"tag-kjoreforhold","16":"tag-latest-news","17":"tag-latestnews","18":"tag-namdalen","19":"tag-news","20":"tag-no","21":"tag-norge","22":"tag-norway","23":"tag-nyheter","24":"tag-overskrifter","25":"tag-story","26":"tag-top-stories","27":"tag-topstories","28":"tag-trafikk"},"share_on_mastodon":{"url":"https:\/\/pubeurope.com\/@no\/115764575817161975","error":""},"_links":{"self":[{"href":"https:\/\/www.europesays.com\/no\/wp-json\/wp\/v2\/posts\/119801","targetHints":{"allow":["GET"]}}],"collection":[{"href":"https:\/\/www.europesays.com\/no\/wp-json\/wp\/v2\/posts"}],"about":[{"href":"https:\/\/www.europesays.com\/no\/wp-json\/wp\/v2\/types\/post"}],"author":[{"embeddable":true,"href":"https:\/\/www.europesays.com\/no\/wp-json\/wp\/v2\/users\/2"}],"replies":[{"embeddable":true,"href":"https:\/\/www.europesays.com\/no\/wp-json\/wp\/v2\/comments?post=119801"}],"version-history":[{"count":0,"href":"https:\/\/www.europesays.com\/no\/wp-json\/wp\/v2\/posts\/119801\/revisions"}],"wp:featuredmedia":[{"embeddable":true,"href":"https:\/\/www.europesays.com\/no\/wp-json\/wp\/v2\/media\/119802"}],"wp:attachment":[{"href":"https:\/\/www.europesays.com\/no\/wp-json\/wp\/v2\/media?parent=119801"}],"wp:term":[{"taxonomy":"category","embeddable":true,"href":"https:\/\/www.europesays.com\/no\/wp-json\/wp\/v2\/categories?post=119801"},{"taxonomy":"post_tag","embeddable":true,"href":"https:\/\/www.europesays.com\/no\/wp-json\/wp\/v2\/tags?post=119801"}],"curies":[{"name":"wp","href":"https:\/\/api.w.org\/{rel}","templated":true}]}}