{"id":119805,"date":"2025-12-22T18:34:09","date_gmt":"2025-12-22T18:34:09","guid":{"rendered":"https:\/\/www.europesays.com\/no\/119805\/"},"modified":"2025-12-22T18:34:09","modified_gmt":"2025-12-22T18:34:09","slug":"ukraina-russland-veien-til-fred-na-ma-putin-tenke-nytt","status":"publish","type":"post","link":"https:\/\/www.europesays.com\/no\/119805\/","title":{"rendered":"Ukraina, Russland | Veien til fred: \u2013 N\u00e5 m\u00e5 Putin tenke nytt"},"content":{"rendered":"\n<p>For f\u00e5 dager siden ble EU-landene enige om et l\u00e5n p\u00e5 omtrent 1000 milliarder norske kroner til Ukraina.<\/p>\n<p>Den danske milit\u00e6ranalytikeren og orlogskapteinen Anders Puck Nielsen mener l\u00e5net er helt avgj\u00f8rende for Ukraina, et krigsherjet land i ferd med \u00e5 t\u00f8mme statskassen i kampen mot den russiske invasjonen.<\/p>\n<p>\u2013 Jeg mener media ikke har dekket dette nok, sier <a href=\"https:\/\/www.youtube.com\/watch?v=BiTNUZ2zONY\" rel=\"Follow nofollow noopener\" target=\"_blank\">Nielsen i en fersk video<\/a>.<\/p>\n<p><b>Les ogs\u00e5: <a href=\"https:\/\/www.nettavisen.no\/nyheter\/norske-forskere-overrasket-over-ukraina-okonomien-er-skadet\/s\/5-95-2500946\" rel=\"Follow nofollow noopener\" target=\"_blank\">Norske forskere overrasket over Ukraina: \u2013 \u00d8konomien er skadet<\/a><\/b><\/p>\n<p>\u2013 Jeg har sagt lenge at hvis du kun skal f\u00f8lge \u00e9n forhandling i desember, s\u00e5 f\u00f8lg det som foreg\u00e5r i EU. Det var det viktige. Fredsforhandlingene er bare politisk teater, legger han til.<\/p>\n<p>Fredsforhandlingene mellom Ukraina, Russland, USA og Europa har v\u00e6rt en runddans gjennom hele 2025, der man knapt har blitt enige om annet enn fangeutvekslinger.<\/p>\n<p>Den fastl\u00e5ste situasjonen virker \u00e5 handle om Russlands urokkelige, maksimalistiske krav, som <a href=\"https:\/\/www.nettavisen.no\/ukraina\/fred\/russland\/ukrainas-folk-med-klar-beskjed-russlands-fredforslag-er-fullstendig-uakseptabelt\/s\/5-95-2782231\" rel=\"Follow nofollow noopener\" target=\"_blank\">verken lederne eller folket i Ukraina er villige til \u00e5 akseptere<\/a>. Ukraina har p\u00e5 sin side v\u00e6rt <a href=\"https:\/\/www.nettavisen.no\/ukraina\/russland\/usa\/zelenskyj-moter-trumps-menn-na-alt-skjer-i-det-apne\/s\/5-95-2779756\" rel=\"Follow nofollow noopener\" target=\"_blank\">\u00e5pen for \u00e5 diskutere landavst\u00e5elser<\/a>, s\u00e5 lenge sikkerhetsgarantier er p\u00e5 plass, men dette har forel\u00f8pig ikke skjedd.<\/p>\n<p><b>Les mer: <a href=\"https:\/\/www.nettavisen.no\/ukraina\/fred\/russland\/ukrainas-folk-med-klar-beskjed-russlands-fredforslag-er-fullstendig-uakseptabelt\/s\/5-95-2782231\" rel=\"Follow nofollow noopener\" target=\"_blank\">Ukrainas folk med klar beskjed: \u2013 Russlands fredskrav er fullstendig uakseptable<\/a><\/b><\/p>\n<p>\u2013 Ukraina kunne tapt krigen i 2026<\/p>\n<p>Forhandlingene i EU har derimot ledet frem til noe konkret, nemlig dette nye milliardl\u00e5net. Det er livsviktig for Ukraina, ettersom USA <a href=\"https:\/\/www.kielinstitut.de\/publications\/news\/ukraine-support-tracker-europe-fails-to-offset-us-aid-drop\/\" rel=\"Follow nofollow noopener\" target=\"_blank\">ikke har gitt en dollar i milit\u00e6rst\u00f8tte<\/a> etter at Trump ble innsatt:<\/p>\n<p>   <img decoding=\"async\" width=\"631\" height=\"746\" fetchpriority=\"low\"  loading=\"lazy\"  src=\"https:\/\/www.europesays.com\/no\/wp-content\/uploads\/2025\/12\/trump+usa+penger+ukraina.jpg\" alt=\"\" class=\"brick-c-cFOWSL\" style=\"--brick-image-ratio: 631 \/ 746;\"\/><\/p>\n<p>      NEDGANG: Europa har i 2025 slitt med \u00e5 erstatte tomrommet i Ukraina-st\u00f8tten som USA etterlot seg, skriver Kiel-instituttet i en fersk rapport.<br \/>\n      Foto: Kiel-instituttet\n    <\/p>\n<p>\u2013 Ukraina kunne potensielt tapt krigen i 2026. De var p\u00e5 et punkt der det, uten ekstern finansering, var usikkert om de hadde nok penger til \u00e5 betale soldatenes l\u00f8nninger og andre helt grunnleggende utgifter, sier Nielsen.<\/p>\n<p>\u2013 Ukraina sto overfor en katastrofe uten denne finanseringen. Det var det som sto p\u00e5 spill her, sier Nielsen.<\/p>\n<p>\u2013 Tvinger Putin til \u00e5 tenke nytt<\/p>\n<p>EU-l\u00e5net skal finansiere Ukrainas kamp for \u00e5 overleve i b\u00e5de 2026 og 2027. Det kan f\u00e5 store konsekvenser for fredsforhandlingene, tror Puck Nielsen, siden det tvinger Kreml og Putin til \u00e5 tenke nytt:<\/p>\n<p>\u2013 Dette er en utmattelseskrig, og den som vinner er den som holder ut lengst, sier Nielsen, og legger til:<\/p>\n<p>\u2013 \u00d8konomien er det som til slutt vil avgj\u00f8re, og den russiske \u00f8konomien er under et enormt press. Men frem til denne EU-pakken kom var det mange optimister i Russland som mente at selv om de slet, s\u00e5 ville de v\u00e6re i stand til \u00e5 holde ut lenger enn Ukraina, sier Nielsen.<\/p>\n<p><b>Les mer: <a href=\"https:\/\/www.nettavisen.no\/okonomi\/rekordgjeld-for-putin-pa-niva-med-krisearene\/s\/5-95-2783320\" rel=\"Follow nofollow noopener\" target=\"_blank\">Rekordgjeld for Putin: \u2013 P\u00e5 niv\u00e5 med krise\u00e5rene<\/a><\/b><\/p>\n<p>Med EUs finansering p\u00e5 plass er situasjonen en helt annen, mener han:<\/p>\n<p>\u2013 N\u00e5 m\u00e5 Russland holde ut i flere \u00e5r, ikke bare de neste seks m\u00e5nedene. Dette endrer hele strategikalkulasjonen for Moskvas del. Det reiser alvorlige sp\u00f8rsm\u00e5l om hvor vidt kravene de kommer med er realistiske og gir mening, eller om de er n\u00f8dt til \u00e5 senke forventningene n\u00e5r det gjelder hva de kan f\u00e5 ut av en fredsavtale, sier Nielsen.<\/p>\n<p>            Russlands fredsforslag<\/p>\n<ul>\n<li>USA og Europa opphever alle sanksjoner mot Russland <\/li>\n<li>Det russiske spr\u00e5ket f\u00e5r offisiell status i Ukraina<\/li>\n<li>Ukraina m\u00e5 redusere h\u00e6ren sin betydelig og begrense sine v\u00e5pen <\/li>\n<li>Ukraina gir opp Nato-medlemskap permanent, og Vesten kan ikke lenger levere v\u00e5pen til Ukraina <\/li>\n<li>Russland har rett til \u00e5 bestemme hvilke sikkerhetsgarantier som skal v\u00e6re for Ukraina, og vil v\u00e6re en av garantistene for Ukrainas sikkerhet <\/li>\n<li>Ukraina trekker tilbake tropper fra den delen av Donetsk oblast som de for tiden kontrollerer, dvs. fra Kramatorsk, Slovjansk og andre byer <\/li>\n<li>Ukraina anerkjenner offisielt Krym-, Donetsk- og Luhansk-regionene som en del av Russland og gir avkall p\u00e5 dem for alltid <\/li>\n<li>Russland beholder kontrollen over de okkuperte delene av Kherson-regionen og Zaporizjzja<\/li>\n<\/ul>\n<p>(Kilde: Kyiv International Institute of Sociology)<\/p>\n<p>  Tror Putin er irritert p\u00e5 Europa<\/p>\n<p>Den danske milit\u00e6ranalytikeren legger til at han ikke forventer at en slik endring kommer over natten i Kreml:<\/p>\n<p>\u2013 Putin tror fremdeles at han kommer til \u00e5 vinne denne krigen uansett, og at det er uunng\u00e5elig, men han er synlig irritert over at europeerne fremdeles st\u00f8tter Ukraina p\u00e5 en m\u00e5te som gj\u00f8r det virkelig vanskelig for ham \u00e5 vinne. Han m\u00e5 bruke mange flere ressurser enn han mener burde v\u00e6re n\u00f8dvendig, sier Nielsen.<\/p>\n<p>Senest forrige uke raste Putin mot Europa, og <a href=\"https:\/\/www.nettavisen.no\/nyheter\/vladimir-putin-raser-mot-europa-svin\/s\/5-95-2786039\" rel=\"Follow nofollow noopener\" target=\"_blank\">kalte europeiske ledere for \u00absvin\u00bb<\/a>.<\/p>\n<p><b>Les mer: <a href=\"https:\/\/www.nettavisen.no\/nyheter\/vladimir-putin-raser-mot-europa-svin\/s\/5-95-2786039\" rel=\"Follow nofollow noopener\" target=\"_blank\">Putin raser mot Europa: \u2013 Svin<\/a><\/b><\/p>\n<p>\u2013 Denne \u00f8kende frustrasjonen i Moskva, i retning Europa, f\u00e5r meg til \u00e5 tenke p\u00e5 Europa som en stormakt og som en akt\u00f8r de andre stormaktene m\u00e5 forholde seg til, sier Nielsen.<\/p>\n<p>Og ikke bare er Putin frustrert. Ogs\u00e5 USA-president Donald Trump har i det siste ytret frustrasjon n\u00e5r det gjelder europeiske ledere, og hevdet at europeerne <a href=\"https:\/\/www.politico.com\/news\/2025\/12\/09\/trump-dasha-burns-interview-europe-immigration-ukraine-00682016?utm_content=topic\/politics&amp;utm_source=flipboard\" rel=\"Follow nofollow noopener\" target=\"_blank\">blander seg inn i fredsforhandlingene uten \u00e5 komme noen vei<\/a>.<\/p>\n","protected":false},"excerpt":{"rendered":"For f\u00e5 dager siden ble EU-landene enige om et l\u00e5n p\u00e5 omtrent 1000 milliarder norske kroner til Ukraina.&hellip;\n","protected":false},"author":2,"featured_media":119806,"comment_status":"","ping_status":"","sticky":false,"template":"","format":"standard","meta":{"footnotes":""},"categories":[12],"tags":[20,21,24,25,15,22,23,13,30,28,29,14,16,26,27,42,43,44,45],"class_list":{"0":"post-119805","1":"post","2":"type-post","3":"status-publish","4":"format-standard","5":"has-post-thumbnail","7":"category-verden","8":"tag-breaking-news","9":"tag-breakingnews","10":"tag-featured-news","11":"tag-featurednews","12":"tag-headlines","13":"tag-latest-news","14":"tag-latestnews","15":"tag-news","16":"tag-no","17":"tag-norge","18":"tag-norway","19":"tag-nyheter","20":"tag-overskrifter","21":"tag-top-stories","22":"tag-topstories","23":"tag-verden","24":"tag-world","25":"tag-world-news","26":"tag-worldnews"},"share_on_mastodon":{"url":"https:\/\/pubeurope.com\/@no\/115764662532735208","error":""},"_links":{"self":[{"href":"https:\/\/www.europesays.com\/no\/wp-json\/wp\/v2\/posts\/119805","targetHints":{"allow":["GET"]}}],"collection":[{"href":"https:\/\/www.europesays.com\/no\/wp-json\/wp\/v2\/posts"}],"about":[{"href":"https:\/\/www.europesays.com\/no\/wp-json\/wp\/v2\/types\/post"}],"author":[{"embeddable":true,"href":"https:\/\/www.europesays.com\/no\/wp-json\/wp\/v2\/users\/2"}],"replies":[{"embeddable":true,"href":"https:\/\/www.europesays.com\/no\/wp-json\/wp\/v2\/comments?post=119805"}],"version-history":[{"count":0,"href":"https:\/\/www.europesays.com\/no\/wp-json\/wp\/v2\/posts\/119805\/revisions"}],"wp:featuredmedia":[{"embeddable":true,"href":"https:\/\/www.europesays.com\/no\/wp-json\/wp\/v2\/media\/119806"}],"wp:attachment":[{"href":"https:\/\/www.europesays.com\/no\/wp-json\/wp\/v2\/media?parent=119805"}],"wp:term":[{"taxonomy":"category","embeddable":true,"href":"https:\/\/www.europesays.com\/no\/wp-json\/wp\/v2\/categories?post=119805"},{"taxonomy":"post_tag","embeddable":true,"href":"https:\/\/www.europesays.com\/no\/wp-json\/wp\/v2\/tags?post=119805"}],"curies":[{"name":"wp","href":"https:\/\/api.w.org\/{rel}","templated":true}]}}