{"id":119821,"date":"2025-12-22T18:52:14","date_gmt":"2025-12-22T18:52:14","guid":{"rendered":"https:\/\/www.europesays.com\/no\/119821\/"},"modified":"2025-12-22T18:52:14","modified_gmt":"2025-12-22T18:52:14","slug":"sport-fotball-han-blir-ny-trener-i-strommen","status":"publish","type":"post","link":"https:\/\/www.europesays.com\/no\/119821\/","title":{"rendered":"Sport, Fotball | Han blir ny trener i Str\u00f8mmen"},"content":{"rendered":"\n<p>I helga ble det kjent at \u00d8rjan Heiberg har valgt <a href=\"https:\/\/www.rb.no\/strommen-treneren-slutter\/s\/5-43-2640108\" rel=\"Follow nofollow noopener\" target=\"_blank\">\u00e5 gi seg som trener<\/a> i Str\u00f8mmen IF. Mandag ettermiddag blir det kjent at han tar over den ledige trenerjobben i Bryne.<\/p>\n<p>Allerede dagen etter er erstatteren p\u00e5 plass i Str\u00f8mmen IF, melder fotballklubben p\u00e5 sin<a href=\"https:\/\/strommen-if.no\/a-laget-fotball\/jens-wedeborg-er-ny-hovedtrener-i-strommen-if\" rel=\"Follow nofollow noopener\" target=\"_blank\"> egen nettside.<\/a><\/p>\n<p>De har signert svenske Jens Wedeborg (46) som sin nye hovedtrener. Han har skrevet under p\u00e5 en kontrakt som strekker seg ut 2026, med opsjon p\u00e5 ett \u00e5r til, skriver klubben.<\/p>\n<p>I dialog med flere<\/p>\n<p>\u2013 I prosessen har Jens vist at han st\u00e5r for mye av det samme som vi har jobbet etter de siste to \u00e5rene, sier daglig leder Jan Martin Knashaug til klubben.<\/p>\n<p>Han forteller at de har v\u00e6rt i dialog med flere og at klubben var godt forberedt da Heiberg offentliggjorde at han ikke ville fortsette.<\/p>\n<p>\u2013 Jens er vant til \u00e5 jobbe med sm\u00e5 ressurser, b\u00e5de \u00f8konomisk og menneskelig. Hos oss trenger vi en sulten trener som legger ned et stort stykke arbeid, og det vet vi at Jens gj\u00f8r, sier Knashaug.<\/p>\n<p>  <a href=\"https:\/\/www.rb.no\/5-43-2640108\" class=\"related-teaser has-image default-story-teaser article--c-eRUmMG article--c-eRUmMG-jKCPdD-design-default\" rel=\"nofollow noopener\" target=\"_blank\"><\/p>\n<p>    <img decoding=\"async\" loading=\"lazy\"  src=\"https:\/\/www.europesays.com\/no\/wp-content\/uploads\/2025\/12\/98rjan%2BHeiberg.jpeg\" alt=\"\" class=\"brick-c-cFOWSL\" style=\"\"\/><\/p>\n<p>\n            Les ogs\u00e5<\/p>\n<p>              Str\u00f8mmen-treneren slutter\n        <\/p>\n<p>  <\/a><br \/>\n  Fra jobb p\u00e5 F\u00e6r\u00f8yene<\/p>\n<p>46-\u00e5ringen kommer fra jobben som trener i den f\u00e6r\u00f8yske klubben NS\u00cd Runavik, som blant annet har v\u00e6rt kvalifisert til Conference League.<\/p>\n<p>\u2013 Str\u00f8mmen IF er en veletablert klubb med verdier som stemmer godt overens med det jeg st\u00e5r for som trener og leder. Jeg er ekstremt inspirert til \u00e5 komme i gang og drives av utfordringen som venter i n\u00e6r fremtid, sier svensken.<\/p>\n","protected":false},"excerpt":{"rendered":"I helga ble det kjent at \u00d8rjan Heiberg har valgt \u00e5 gi seg som trener i Str\u00f8mmen IF.&hellip;\n","protected":false},"author":2,"featured_media":119822,"comment_status":"","ping_status":"","sticky":false,"template":"","format":"standard","meta":{"footnotes":""},"categories":[59],"tags":[36,92,30,28,29,83,82,1510,1894],"class_list":{"0":"post-119821","1":"post","2":"type-post","3":"status-publish","4":"format-standard","5":"has-post-thumbnail","7":"category-sport","8":"tag-art","9":"tag-fotball","10":"tag-no","11":"tag-norge","12":"tag-norway","13":"tag-sport","14":"tag-sports","15":"tag-story","16":"tag-strommen"},"share_on_mastodon":{"url":"https:\/\/pubeurope.com\/@no\/115764733180681308","error":""},"_links":{"self":[{"href":"https:\/\/www.europesays.com\/no\/wp-json\/wp\/v2\/posts\/119821","targetHints":{"allow":["GET"]}}],"collection":[{"href":"https:\/\/www.europesays.com\/no\/wp-json\/wp\/v2\/posts"}],"about":[{"href":"https:\/\/www.europesays.com\/no\/wp-json\/wp\/v2\/types\/post"}],"author":[{"embeddable":true,"href":"https:\/\/www.europesays.com\/no\/wp-json\/wp\/v2\/users\/2"}],"replies":[{"embeddable":true,"href":"https:\/\/www.europesays.com\/no\/wp-json\/wp\/v2\/comments?post=119821"}],"version-history":[{"count":0,"href":"https:\/\/www.europesays.com\/no\/wp-json\/wp\/v2\/posts\/119821\/revisions"}],"wp:featuredmedia":[{"embeddable":true,"href":"https:\/\/www.europesays.com\/no\/wp-json\/wp\/v2\/media\/119822"}],"wp:attachment":[{"href":"https:\/\/www.europesays.com\/no\/wp-json\/wp\/v2\/media?parent=119821"}],"wp:term":[{"taxonomy":"category","embeddable":true,"href":"https:\/\/www.europesays.com\/no\/wp-json\/wp\/v2\/categories?post=119821"},{"taxonomy":"post_tag","embeddable":true,"href":"https:\/\/www.europesays.com\/no\/wp-json\/wp\/v2\/tags?post=119821"}],"curies":[{"name":"wp","href":"https:\/\/api.w.org\/{rel}","templated":true}]}}