{"id":119823,"date":"2025-12-22T19:00:18","date_gmt":"2025-12-22T19:00:18","guid":{"rendered":"https:\/\/www.europesays.com\/no\/119823\/"},"modified":"2025-12-22T19:00:18","modified_gmt":"2025-12-22T19:00:18","slug":"stromsgodset-podkast-kyss-kjeft-og-varslingssak-dette-husker-vi-fra-kaosaret","status":"publish","type":"post","link":"https:\/\/www.europesays.com\/no\/119823\/","title":{"rendered":"Str\u00f8msgodset, Podkast | Kyss, kjeft og varslingssak: Dette husker vi fra kaos\u00e5ret"},"content":{"rendered":"\n<p>I sesongens siste ordin\u00e6re episode gir Daniel og Emma status p\u00e5 varslingssaken i Str\u00f8msgodset. Hva g\u00e5r de d\u00e5rlige opplevelsene ut p\u00e5?<\/p>\n<p>Vi k\u00e5rer ogs\u00e5 oppturer og nedturer, og drar fram noen artige \u00f8yeblikk.<\/p>\n<p>I tillegg avsl\u00f8rer vi hvem som gjester v\u00e5r julespesial i romjula.<\/p>\n<p>I studio: Emma Stangbye Larsen og Daniel Kristiansen, journalister i Drammens Tidende.<\/p>\n<p>            Ny podkast om Str\u00f8msgodset<\/p>\n<p>     iframe {<br \/>\n  width: 100% !important;<br \/>\n  height: 100% !important;<br \/>\n}<\/p>\n<p>.am-embed-ratio {<br \/>\n  position: relative;<br \/>\n  height: 0;<br \/>\n}<\/p>\n<p>.am-embed-error {<br \/>\n  color: #292827;<br \/>\n  background: #e7e6e2;<br \/>\n  padding: 10px 20px;<br \/>\n  line-height: 1.3em;<br \/>\n}<\/p>\n<p>amedia-smartembed-iframe {<br \/>\n  display: block;<br \/>\n}<\/p>\n<p>.am-embed-ratio.x-scroll {<br \/>\n  overflow-x: scroll;<br \/>\n}<\/p>\n<p>.am-embed-ratio.x-scroll iframe {<br \/>\n  min-width: 800px;<br \/>\n}<\/p>\n<p>.am-embed-ratio.x-scroll::-webkit-scrollbar {<br \/>\n  height: 8px;<br \/>\n}<\/p>\n<p>.am-embed-ratio.x-scroll::-webkit-scrollbar-track {<br \/>\n  margin: 0 10px;<br \/>\n  background-color: #eee;<br \/>\n  border-radius: 10px;<br \/>\n}<\/p>\n<p>.am-embed-ratio.x-scroll::-webkit-scrollbar-thumb {<br \/>\n  background-color: #484544;<br \/>\n  border-radius: 10px;<br \/>\n}<\/p>\n<p>amedia-smartembed iframe {<br \/>\n  border: none;<br \/>\n  width: 100%;<br \/>\n}<br \/>\n]]]]>]]><\/p>\n<p>  ]]><\/p>\n<p><b>Du kan f\u00f8lge podkasten p\u00e5 Spotify og Apple podcast:<\/b><\/p>\n<p><b>Spotify: <\/b><a rel=\"Follow nofollow noopener\" href=\"https:\/\/open.spotify.com\/show\/75ieIOXw7pubRwcFAaFRv1\" target=\"_blank\">https:\/\/open.spotify.com\/show\/75ieIOXw7pubRwcFAaFRv1<\/a><\/p>\n<p><b>Apple: <\/b><a rel=\"Follow nofollow noopener\" href=\"https:\/\/podcasts.apple.com\/us\/podcast\/dt-tribunen\/id1846824789\" target=\"_blank\">https:\/\/podcasts.apple.com\/us\/podcast\/dt-tribunen\/id1846824789<\/a><\/p>\n","protected":false},"excerpt":{"rendered":"I sesongens siste ordin\u00e6re episode gir Daniel og Emma status p\u00e5 varslingssaken i Str\u00f8msgodset. Hva g\u00e5r de d\u00e5rlige&hellip;\n","protected":false},"author":2,"featured_media":119824,"comment_status":"","ping_status":"","sticky":false,"template":"","format":"standard","meta":{"footnotes":""},"categories":[59],"tags":[36,92,30,28,29,1270,83,82,1510,3325],"class_list":{"0":"post-119823","1":"post","2":"type-post","3":"status-publish","4":"format-standard","5":"has-post-thumbnail","7":"category-sport","8":"tag-art","9":"tag-fotball","10":"tag-no","11":"tag-norge","12":"tag-norway","13":"tag-podkast","14":"tag-sport","15":"tag-sports","16":"tag-story","17":"tag-stromsgodset"},"share_on_mastodon":{"url":"https:\/\/pubeurope.com\/@no\/115764764552161629","error":""},"_links":{"self":[{"href":"https:\/\/www.europesays.com\/no\/wp-json\/wp\/v2\/posts\/119823","targetHints":{"allow":["GET"]}}],"collection":[{"href":"https:\/\/www.europesays.com\/no\/wp-json\/wp\/v2\/posts"}],"about":[{"href":"https:\/\/www.europesays.com\/no\/wp-json\/wp\/v2\/types\/post"}],"author":[{"embeddable":true,"href":"https:\/\/www.europesays.com\/no\/wp-json\/wp\/v2\/users\/2"}],"replies":[{"embeddable":true,"href":"https:\/\/www.europesays.com\/no\/wp-json\/wp\/v2\/comments?post=119823"}],"version-history":[{"count":0,"href":"https:\/\/www.europesays.com\/no\/wp-json\/wp\/v2\/posts\/119823\/revisions"}],"wp:featuredmedia":[{"embeddable":true,"href":"https:\/\/www.europesays.com\/no\/wp-json\/wp\/v2\/media\/119824"}],"wp:attachment":[{"href":"https:\/\/www.europesays.com\/no\/wp-json\/wp\/v2\/media?parent=119823"}],"wp:term":[{"taxonomy":"category","embeddable":true,"href":"https:\/\/www.europesays.com\/no\/wp-json\/wp\/v2\/categories?post=119823"},{"taxonomy":"post_tag","embeddable":true,"href":"https:\/\/www.europesays.com\/no\/wp-json\/wp\/v2\/tags?post=119823"}],"curies":[{"name":"wp","href":"https:\/\/api.w.org\/{rel}","templated":true}]}}