{"id":119825,"date":"2025-12-22T19:04:17","date_gmt":"2025-12-22T19:04:17","guid":{"rendered":"https:\/\/www.europesays.com\/no\/119825\/"},"modified":"2025-12-22T19:04:17","modified_gmt":"2025-12-22T19:04:17","slug":"russisk-general-drept-av-bilbombe-i-moskva-etterforskning-pagar","status":"publish","type":"post","link":"https:\/\/www.europesays.com\/no\/119825\/","title":{"rendered":"Russisk general drept av bilbombe i Moskva \u2013 etterforskning p\u00e5g\u00e5r"},"content":{"rendered":"<p class=\"kicker t15 font-weight-bold m-font-weight-bold color_mobile_no_bg_color quaternary color_mobile_quaternary font-Trim text-case-transform-upper mobile-hasTextPadding\" style=\"\">russland<\/p>\n<p>    Den russiske generall\u00f8ytnanten Fanil Sarvarov ble mandag morgen drept i en bileksplosjon i Moskva, oppgir Russlands f\u00f8derale etterforskningskomit\u00e9.<\/p>\n<p>\n        EKSPLODERT: Den russiske etterforskningskomiteen har publisert dette bildet etter at en general ble drept pa\u030a en parkeringsplass i et boligomra\u030ade s\u00f8r i Moskva mandag morgen. Fanil Sarvarov ledet den milit\u00e6re etaten som har ansvar for oppl\u00e6ring av soldater.<br \/>\n        Foto: Etterforskningskomiteen via AP, NTB\n    <\/p>\n<p>Sarvarov ledet en spesialenhet i milit\u00e6ret med ansvar for oppl\u00e6ring av russiske styrker, if\u00f8lge meldingen. Han kj\u00f8rte selv bilen som eksploderte, og d\u00f8de kort tid senere av skadene.<\/p>\n<p>Hendelsen skjedde mandag morgen. En bombe var plassert under bilen, if\u00f8lge komiteen.<\/p>\n<p>\u2013 Flere ulike spor blir unders\u00f8kt i drapsetterforskningen. Ett av dem er at Ukrainas etterretningstjeneste st\u00e5r bak, sier komiteens talsperson Svetlana Petrenko.<\/p>\n<p>Video av bilen<\/p>\n<p>Etterforskningskomiteen har publisert en video som viser den \u00f8delagte bilen med blod p\u00e5 f\u00f8rersetet. Eksplosjonen skal ha skjedd da Sarvarov forlot en parkeringsplass like f\u00f8r klokka sju mandag morgen.<\/p>\n<p>Ukrainske myndigheter har forel\u00f8pig ikke kommentert hendelsen.<\/p>\n<p>For litt over et \u00e5r siden, 17. desember 2024, ble en annen russisk general, Igor Kirillov, drept av en bombe i Moskva. Den var festet til en elsparkesykkel utenfor blokka der han bodde. Ogs\u00e5 assistenten hans ble drept.<\/p>\n<p>Ukrainas sikkerhetstjeneste tok da p\u00e5 seg skylden for drapet, og en mann fra Usbekistan ble kort tid etter p\u00e5grepet og siktet for \u00e5 ha utf\u00f8rt drapet p\u00e5 vegne av sikkerhetstjenesten.<\/p>\n<p>Hyllest fra Zelenskyj<\/p>\n<p>Ogs\u00e5 i april i \u00e5r ble en russisk general drept p\u00e5 lignende vis. Jaroslav Moskalik d\u00f8de av en bombe plassert i bilen hans som sto parkert utenfor boligblokka han bodde i like utenfor Moskva.<\/p>\n<p>Etter dette hyllet Ukrainas president Volodymyr Zelenskyj etterretningstjenesten for likvideringene av h\u00f8ytst\u00e5ende milit\u00e6re ledere i Russland.<\/p>\n","protected":false},"excerpt":{"rendered":"russland Den russiske generall\u00f8ytnanten Fanil Sarvarov ble mandag morgen drept i en bileksplosjon i Moskva, oppgir Russlands f\u00f8derale&hellip;\n","protected":false},"author":2,"featured_media":119826,"comment_status":"","ping_status":"","sticky":false,"template":"","format":"standard","meta":{"footnotes":""},"categories":[12],"tags":[20,21,24,25,15,22,23,13,30,28,29,14,16,26,27,42,43,44,45],"class_list":{"0":"post-119825","1":"post","2":"type-post","3":"status-publish","4":"format-standard","5":"has-post-thumbnail","7":"category-verden","8":"tag-breaking-news","9":"tag-breakingnews","10":"tag-featured-news","11":"tag-featurednews","12":"tag-headlines","13":"tag-latest-news","14":"tag-latestnews","15":"tag-news","16":"tag-no","17":"tag-norge","18":"tag-norway","19":"tag-nyheter","20":"tag-overskrifter","21":"tag-top-stories","22":"tag-topstories","23":"tag-verden","24":"tag-world","25":"tag-world-news","26":"tag-worldnews"},"share_on_mastodon":{"url":"https:\/\/pubeurope.com\/@no\/115764780274182090","error":""},"_links":{"self":[{"href":"https:\/\/www.europesays.com\/no\/wp-json\/wp\/v2\/posts\/119825","targetHints":{"allow":["GET"]}}],"collection":[{"href":"https:\/\/www.europesays.com\/no\/wp-json\/wp\/v2\/posts"}],"about":[{"href":"https:\/\/www.europesays.com\/no\/wp-json\/wp\/v2\/types\/post"}],"author":[{"embeddable":true,"href":"https:\/\/www.europesays.com\/no\/wp-json\/wp\/v2\/users\/2"}],"replies":[{"embeddable":true,"href":"https:\/\/www.europesays.com\/no\/wp-json\/wp\/v2\/comments?post=119825"}],"version-history":[{"count":0,"href":"https:\/\/www.europesays.com\/no\/wp-json\/wp\/v2\/posts\/119825\/revisions"}],"wp:featuredmedia":[{"embeddable":true,"href":"https:\/\/www.europesays.com\/no\/wp-json\/wp\/v2\/media\/119826"}],"wp:attachment":[{"href":"https:\/\/www.europesays.com\/no\/wp-json\/wp\/v2\/media?parent=119825"}],"wp:term":[{"taxonomy":"category","embeddable":true,"href":"https:\/\/www.europesays.com\/no\/wp-json\/wp\/v2\/categories?post=119825"},{"taxonomy":"post_tag","embeddable":true,"href":"https:\/\/www.europesays.com\/no\/wp-json\/wp\/v2\/tags?post=119825"}],"curies":[{"name":"wp","href":"https:\/\/api.w.org\/{rel}","templated":true}]}}