{"id":119831,"date":"2025-12-22T19:11:20","date_gmt":"2025-12-22T19:11:20","guid":{"rendered":"https:\/\/www.europesays.com\/no\/119831\/"},"modified":"2025-12-22T19:11:20","modified_gmt":"2025-12-22T19:11:20","slug":"russland-reagerer-alvorlig-bekymret","status":"publish","type":"post","link":"https:\/\/www.europesays.com\/no\/119831\/","title":{"rendered":"Russland reagerer: &#8211; Alvorlig bekymret"},"content":{"rendered":"<p>    Kort fortalt<\/p>\n<ul lang=\"nb-NO\">\n<li>Jeff Landry, kjent som en hardliner og Trump-lojalist, er utnevnt til USAs spesialutsending til Gr\u00f8nland.<\/li>\n<li>Utnevnelsen har skapt sjokkb\u00f8lger i Danmark, som reagerer sterkt p\u00e5 USAs interesse for Gr\u00f8nland.<\/li>\n<li>Landry har en historie som konfronterende politiker, kjent for sine kontroversielle standpunkter og handlinger.<\/li>\n<li>Trumps utnevnelse av Landry ses som et uttrykk for hans vedvarende interesse i \u00e5 ta kontroll over Gr\u00f8nland.<\/li>\n<\/ul>\n<p class=\"italic ai-disclaimer\" data-lab-italic=\"italic\">Sammendraget er laget av ChatGPT og godkjent av Dagbladet.<\/p>\n<p>      Vis mer<br \/>\n      Vis mindre<\/p>\n<p>Jeff Landry (54) er ikke diplomat, men en av Donald Trumps (79) mest lojale menn.\u00a0<\/p>\n<p class=\"font-weight-bold m-font-weight-bold\" data-lab-font_weight=\"font-weight-bold\">N\u00e5 har presidenten gitt ham <a href=\"https:\/\/www.dagbladet.no\/nyheter\/trump-tar-gronland-grep-utnevner-spesialutsending\/84018225\" rel=\"nofollow noopener\" target=\"_blank\">et oppdrag som setter fullstendig fyr p\u00e5 forholdet mellom USA, Danmark og Gr\u00f8nland<\/a>.<\/p>\n<p>    <a itemprop=\"url\" href=\"https:\/\/www.dagbladet.no\/nyheter\/trump-tar-gronland-grep-utnevner-spesialutsending\/84018225\" rel=\"nofollow noopener\" target=\"_blank\"><\/p>\n<p>        <img loading=\"lazy\" decoding=\"async\" src=\"https:\/\/www.europesays.com\/no\/wp-content\/uploads\/2025\/12\/84018231.webp\" width=\"147\" height=\"98\" title=\"Trump tar Gr\u00f8nland-grep: Utnevner spesialutsending\" alt=\"\" class=\"lazyload\" style=\"--aspect-ratio-image: 1.50; \"\/><\/p>\n<p>        Trump tar Gr\u00f8nland-grep: Utnevner spesialutsending<\/p>\n<p>    <\/a><\/p>\n<p>Mandag kom nyheten om at Donald Trump har utnevnt Louisiana-guvern\u00f8r Jeff Landry som USAs spesialutsending til Gr\u00f8nland.<\/p>\n<p>Trump legger ikke skjul p\u00e5 hvorfor han velger Landry.<\/p>\n<p>\u00abJeff forst\u00e5r hvor avgj\u00f8rende Gr\u00f8nland er for v\u00e5r nasjonale sikkerhet, og vil sterkt fremme v\u00e5rt lands interesser for sikkerheten, tryggheten og overlevelsen til v\u00e5re allierte \u2013 og faktisk hele verden\u00bb, skriver Trump p\u00e5 <a href=\"https:\/\/truthsocial.com\/@realDonaldTrump\/posts\/115760829286615399\" rel=\"nofollow noopener\" target=\"_blank\">Truth Social<\/a>.<\/p>\n<p>Landry svarer enda tydeligere:<\/p>\n<p>\u00abDet er en \u00e6re \u00e5 f\u00e5 p\u00e5ta meg denne frivillige rollen for \u00e5 gj\u00f8re Gr\u00f8nland til en del av USA. Dette p\u00e5virker p\u00e5 ingen m\u00e5te min rolle som guvern\u00f8r i Louisiana\u00bb, skriver han p\u00e5 X.\u00a0<\/p>\n<blockquote class=\"twitter-tweet\">\n<p lang=\"en\" dir=\"ltr\">Thank you <a href=\"https:\/\/twitter.com\/realDonaldTrump?ref_src=twsrc%5Etfw\" rel=\"nofollow noopener\" target=\"_blank\">@realDonaldTrump<\/a>! It\u2019s an honor to serve you in this volunteer position to make Greenland a part of the U.S. This in no way affects my position as Governor of Louisiana!<\/p>\n<p>\u2014 Governor Jeff Landry (@LAGovJeffLandry) <a href=\"https:\/\/twitter.com\/LAGovJeffLandry\/status\/2002950029494124986?ref_src=twsrc%5Etfw\" rel=\"nofollow noopener\" target=\"_blank\">December 22, 2025<\/a><\/p><\/blockquote>\n<p>Danmark svarer<\/p>\n<p>Utnevnelsen har sendt sjokkb\u00f8lger gjennom Danmark.\u00a0<a href=\"https:\/\/politiken.dk\/internationalt\/art10672702\/Nu-bliver-der-bidt-negle-i-Statsministeriet-og-Udenrigsministeriet\" rel=\"nofollow noopener\" target=\"_blank\">Politiken<\/a> skriver at b\u00e5de statsministerkontoret og utenriksdepartementet biter negler. <\/p>\n<p> <a href=\"https:\/\/www.reuters.com\/world\/us\/trump-announces-louisiana-governor-greenland-special-envoy-2025-12-22\" rel=\"nofollow noopener\" target=\"_blank\">Reuters<\/a>\u00a0beskriver utnevnelsen som del av en amerikansk strategi, og knytter den til Trumps langvarige fokus p\u00e5 Gr\u00f8nland. <\/p>\n<p>        <img loading=\"lazy\" decoding=\"async\" src=\"https:\/\/www.europesays.com\/no\/wp-content\/uploads\/2025\/12\/84019250.webp\" width=\"686\" height=\"460\" title=\"FORBANNA: Danmarks statsminister Mette Frederiksen og utenriksminister Lars L\u00f8kke Rasmussen har flere ganger rast mot Donald Trumps planer for Gr\u00f8nland. Foto: Kristian Tuxen Ladegaard Berg \/ NurPhoto \/ Shutterstock.\" alt=\"\" class=\"\" style=\"--aspect-ratio-image: 1.49; \"\/><\/p>\n<p>\n        FORBANNA: Danmarks statsminister Mette Frederiksen og utenriksminister Lars L\u00f8kke Rasmussen har flere ganger rast mot Donald Trumps planer for Gr\u00f8nland. Foto: Kristian Tuxen Ladegaard Berg \/ NurPhoto \/ Shutterstock.\n    <\/p>\n<p>Landets utenriksminister Lars L\u00f8kke Rasmussen (61) er bare \u00e9n av den som reagerer kraftig p\u00e5 utnevnelsen.<\/p>\n<p>Han har allerede varslet at han skal kalle inn USAs ambassad\u00f8r, Ken Howery (50), p\u00e5 teppet allerede i dag eller i morgen.<\/p>\n<p class=\"font-weight-bold m-font-weight-bold\" data-lab-font_weight=\"font-weight-bold\">&#8211; Jeg er sterkt oppr\u00f8rt over utnevnelsen og uttalelsen, som jeg mener er totalt uakseptabel, sier han til danske <a href=\"https:\/\/nyheder.tv2.dk\/live\/2025-01-06-kampen-om-groenlands-fremtid\" rel=\"nofollow noopener\" target=\"_blank\">TV2<\/a>.<\/p>\n<p>        <img loading=\"lazy\" decoding=\"async\" src=\"https:\/\/www.europesays.com\/no\/wp-content\/uploads\/2025\/12\/84019084.webp\" width=\"686\" height=\"460\" title=\"HARD LINJE: USAs innenriksminister Kristi Noem bes\u00f8ker interneringsanlegget Camp 57 ved Louisiana State Penitentiary sammen med Jeff Landry, justisminister Pam Bondi og nestleder i ICE, Madison Sheahan. Foto: Gerald Herbert \/ AP \/ NTB\" alt=\"\" class=\"\" style=\"--aspect-ratio-image: 1.49; \"\/><\/p>\n<p>\n        HARD LINJE: USAs innenriksminister Kristi Noem bes\u00f8ker interneringsanlegget Camp 57 ved Louisiana State Penitentiary sammen med Jeff Landry, justisminister Pam Bondi og nestleder i ICE, Madison Sheahan. Foto: Gerald Herbert \/ AP \/ NTB\n    <\/p>\n<p>Lav profil<\/p>\n<p> Jeff Landry er kjent som en uredd mann som g\u00e5r langt for \u00e5 f\u00e5 det som han\u00a0\u2013 og Trump \u2013 vil. <\/p>\n<p> Han er gift og familiefar, og bor i Louisiana. Privat holder han en relativt lav profil, men er kjent for \u00e5 leve et tradisjonelt familieliv og for \u00e5 v\u00e6re tydelig religi\u00f8st forankret.\u00a0<\/p>\n<p>    <a itemprop=\"url\" href=\"https:\/\/www.dagbladet.no\/nyheter\/trump-bilde-er-tilbake-latterlig\/84018204\" rel=\"nofollow noopener\" target=\"_blank\"><\/p>\n<p>        <img loading=\"lazy\" decoding=\"async\" src=\"https:\/\/www.europesays.com\/no\/wp-content\/uploads\/2025\/12\/1766430673_23_84018210.webp\" width=\"980\" height=\"441\" title=\"Trump-bilde er tilbake: - Latterlig\" alt=\"\" class=\"lazyload\" style=\"--aspect-ratio-image: 2.22; \"\/><\/p>\n<p>        Trump-bilde er tilbake: &#8211; Latterlig<\/p>\n<p>    <\/a><\/p>\n<p>Han er sterkt konservativ i verdisaker, og har gjennom hele karrieren hatt tette b\u00e5nd til republikanske grasrotmilj\u00f8er i s\u00f8rstatene, s\u00e6rlig blant velgere som er opptatt av lov og orden, kristne verdier og statlig selvstyre. <\/p>\n<p>        <img loading=\"lazy\" decoding=\"async\" src=\"https:\/\/www.europesays.com\/no\/wp-content\/uploads\/2025\/12\/84019146.webp\" width=\"686\" height=\"1023\" title=\"LANG FARTSTID: Jeff Landry, som den gang var kongressmedlem, holder pressekonferanse i Kongressen i Washington i oktober 2011. Foto: Chip Somodevilla \/ Getty Images \/ AFP\" alt=\"\" class=\"\" style=\"--aspect-ratio-image: 0.67; \"\/><\/p>\n<p>\n        LANG FARTSTID: Jeff Landry, som den gang var kongressmedlem, holder pressekonferanse i Kongressen i Washington i oktober 2011. Foto: Chip Somodevilla \/ Getty Images \/ AFP\n    <\/p>\n<p>Han ble f\u00f8dt i St. Martinville, Louisiana, hvor han ogs\u00e5 vokste opp.\u00a0<\/p>\n<p>Han har bakgrunn fra Louisiana National Guard, har jobbet som politibetjent, og er utdannet jurist.\u00a0<\/p>\n<p>Han ble valgt inn i Representantenes hus i 2011, men det var som justisminister i Louisiana fra 2016 at han virkelig gjorde seg bemerket nasjonalt.\u00a0<\/p>\n<p class=\"font-weight-bold m-font-weight-bold\" data-lab-font_weight=\"font-weight-bold\">Som justisminister gikk Landry gjentatte ganger til sak mot f\u00f8derale myndigheter \u2013 s\u00e6rlig i saker om klima, v\u00e5penlovgivning og innvandring.<\/p>\n<p>        <img loading=\"lazy\" decoding=\"async\" src=\"https:\/\/www.europesays.com\/no\/wp-content\/uploads\/2025\/12\/84018905.webp\" width=\"686\" height=\"460\" title=\"ER MED: Donald Trump ankommer New Orleans internasjonale lufthavn 25. juli 2023, sammen med Louisianas dav\u00e6rende justisminister Jeff Landry (t.v). Foto: Gerald Herbert \/ AP \/ NTB.\" alt=\"\" class=\"\" style=\"--aspect-ratio-image: 1.49; \"\/><\/p>\n<p>\n        ER MED: Donald Trump ankommer New Orleans internasjonale lufthavn 25. juli 2023, sammen med Louisianas dav\u00e6rende justisminister Jeff Landry (t.v). Foto: Gerald Herbert \/ AP \/ NTB.\n    <\/p>\n<p>Vil ha De ti bud i alle klasserom<\/p>\n<p>Han har bygget seg et rykte som kompromissl\u00f8s og konfronterende, og kritikere\u00a0mener Landry bevisst provoserer fram rettsoppgj\u00f8r som skaper kaos og kostnader.<\/p>\n<p class=\"font-weight-bold m-font-weight-bold\" data-lab-font_weight=\"font-weight-bold\">I USA er Landry en kjent abortmotstander. Han er konsekvent imot abort &#8211; uten unntak, ogs\u00e5 i saker som gjelder voldtekt og incest, if\u00f8lge <a href=\"https:\/\/abc7chicago.com\/post\/abortion-drugs-louisiana-house-passes-bill-classify-abortion\/14859030\/\" rel=\"nofollow noopener\" target=\"_blank\">ABC News<\/a>.<\/p>\n<p>Han har v\u00e6rt en sentral p\u00e5driver for \u00e5 innf\u00f8re og forsvare nesten totalforbud mot abort i Louisiana.<\/p>\n<p>Han er ogs\u00e5 kjent for kravet om at De ti bud skal henge p\u00e5 en plakat i alle offentlige klasserom i delstaten.<\/p>\n<p>Loven ble vedtatt i juni 2024, men ble stanset i retten etter flere s\u00f8ksm\u00e5l.<\/p>\n<p>    <a itemprop=\"url\" href=\"https:\/\/www.dagbladet.no\/meninger\/syltynt-soksmal\/84014952\" rel=\"nofollow noopener\" target=\"_blank\"><\/p>\n<p>        <img loading=\"lazy\" decoding=\"async\" src=\"https:\/\/www.europesays.com\/no\/wp-content\/uploads\/2025\/12\/83849664.webp\" width=\"980\" height=\"441\" title=\"Syltynt s\u00f8ksm\u00e5l\" alt=\"\" class=\"lazyload\" style=\"--aspect-ratio-image: 2.22; \"\/><\/p>\n<p>        Syltynt s\u00f8ksm\u00e5l<\/p>\n<p>    <\/a><\/p>\n<p>Slik kom han til makta  <\/p>\n<p>I guvern\u00f8rvalget i Louisiana i 2023 fikk Landry tidlig og tung st\u00f8tte fra Trump, som offentlig kalte ham en \u00abfantastisk justisminister\u00bb.\u00a0<\/p>\n<p>Valget ble avgjort allerede i f\u00f8rste runde.\u00a0<\/p>\n<p>Landry tiltr\u00e5dte som guvern\u00f8r i januar 2024, og satte umiddelbart en hard politisk kurs.\u00a0\u00a0<\/p>\n<p>        SYRIA: Etter et bakholdsangrep mot tre amerikanere, deriblant to soldater, bestemmer Trump-administrasjonen seg for \u00e5 iverksette flere milit\u00e6re angrep i Syria. Video: AP. Reporter: Trond Markus Gravdal<\/p>\n<p>\u00abEt alvorlig tilbakeskritt for menneskeheten\u00bb<\/p>\n<p>Som guvern\u00f8r \u00e5pnet Landry for bruk av nitrogenhypoksi \u2013 kvelning ved \u00e5 puste inn nitrogen \u2013 som henrettelsesmetode.\u00a0<\/p>\n<p>I sommer ble en d\u00f8dsd\u00f8mt mann henrettet p\u00e5 denne m\u00e5ten i Louisiana, for f\u00f8rste gang p\u00e5 15 \u00e5r, if\u00f8lge <a href=\"https:\/\/www.nbcnews.com\/news\/us-news\/louisiana-execute-jessie-hoffman-using-nitrogen-gas-rcna196619\" rel=\"nofollow noopener\" target=\"_blank\">NBC News<\/a>.<\/p>\n<p>Menneskerettighetsgrupper har kalt dette \u00abet alvorlig tilbakeskritt for menneskeheten\u00bb, og advart om uoverskuelige, potensielt katastrofale konsekvenser for rettssikkerheten og delstatens omd\u00f8mme.<\/p>\n<p class=\"font-weight-bold m-font-weight-bold\" data-lab-font_weight=\"font-weight-bold\">&#8211; Louisiana skal ikke v\u00e6re et fristed for de verste forbryterne, svarte Landry.<\/p>\n<p>        <img loading=\"lazy\" decoding=\"async\" src=\"https:\/\/www.europesays.com\/no\/wp-content\/uploads\/2025\/12\/84018911.webp\" width=\"686\" height=\"460\" title=\"GODT SELSKAP: Donald Trump taler under et m\u00f8te med republikanske guvern\u00f8rer p\u00e5 Mar-a-Lago i Palm Beach i Florida 9. januar 2025. Jeff Landry sitter til venstre for ham. Foto: Evan Vucci \/ AP \/ NTB.\" alt=\"\" class=\"\" style=\"--aspect-ratio-image: 1.49; \"\/><\/p>\n<p>\n        GODT SELSKAP: Donald Trump taler under et m\u00f8te med republikanske guvern\u00f8rer p\u00e5 Mar-a-Lago i Palm Beach i Florida 9. januar 2025. Jeff Landry sitter til venstre for ham. Foto: Evan Vucci \/ AP \/ NTB.\n    <\/p>\n<p>    <a itemprop=\"url\" href=\"https:\/\/www.dagbladet.no\/nyheter\/etterretning-putins-krigsmal-uendret\/84015814\" rel=\"nofollow noopener\" target=\"_blank\"><\/p>\n<p>        <img loading=\"lazy\" decoding=\"async\" src=\"https:\/\/www.europesays.com\/no\/wp-content\/uploads\/2025\/12\/84015822.webp\" width=\"147\" height=\"98\" title=\"Etterretning: Putins krigsm\u00e5l uendret\" alt=\"\" class=\"lazyload\" style=\"--aspect-ratio-image: 1.50; \"\/><\/p>\n<p>        Etterretning: Putins krigsm\u00e5l uendret<\/p>\n<p>    <\/a><\/p>\n<p>Forsterker risikoen for katastrofer  <\/p>\n<p>Like mye br\u00e5k har det blitt etter at Landry har prioritert olje- og gassn\u00e6ringen og g\u00e5tt til sak mot f\u00f8derale klimatiltak i Louisiana, en delstat som rammes hardt av flom, orkaner og havniv\u00e5stigning.\u00a0<\/p>\n<p> Milj\u00f8organisasjoner har flere ganger advart om at politikken hans forsterker risikoen for katastrofer langs Mexicogolfen. <\/p>\n<p>Landry har <a href=\"https:\/\/earthjustice.org\/press\/2024\/federal-court-deals-major-blow-to-environmental-civil-rights-enforcement?\" rel=\"nofollow noopener\" target=\"_blank\">svart med \u00e5 g\u00e5 til sak mot f\u00f8derale klimatiltak<\/a>.<\/p>\n<p>        <img loading=\"lazy\" decoding=\"async\" src=\"https:\/\/www.europesays.com\/no\/wp-content\/uploads\/2025\/12\/1766430678_682_84018231.webp\" width=\"686\" height=\"460\" title=\"I GR\u00d8NT: Jeff Landry snakker med pressen ved Louisiana State Penitentiary i Angola 3. september 2025. Foto: Gerald Herbert \/ AP \/ NTB\" alt=\"\" class=\"\" style=\"--aspect-ratio-image: 1.49; \"\/><\/p>\n<p>\n        I GR\u00d8NT: Jeff Landry snakker med pressen ved Louisiana State Penitentiary i Angola 3. september 2025. Foto: Gerald Herbert \/ AP \/ NTB\n    <\/p>\n<p>I 2025 inngikk Landry et forlik etter kritikk for manglende rapportering av gratisreiser da han var justisminister.\u00a0<\/p>\n<p>Han betalte bot og etterrapporterte reisene.\u00a0<\/p>\n<p>        <img loading=\"lazy\" decoding=\"async\" src=\"https:\/\/www.europesays.com\/no\/wp-content\/uploads\/2025\/12\/84018908.webp\" width=\"667\" height=\"654\" title=\"P\u00c5 KAF\u00c9: Donald Trump bes\u00f8ker Caf\u00e9 du Monde i New Orleans 25. juli 2023, sammen med Jeff Landry. Foto: Gerald Herbert \/ AP \/ NTB.\" alt=\"\" class=\"\" style=\"--aspect-ratio-image: 1.02; \"\/><\/p>\n<p>\n        P\u00c5 KAF\u00c9: Donald Trump bes\u00f8ker Caf\u00e9 du Monde i New Orleans 25. juli 2023, sammen med Jeff Landry. Foto: Gerald Herbert \/ AP \/ NTB.\n    <\/p>\n<p>Hvorfor Trump sender ham til Gr\u00f8nland<\/p>\n<p>Trump har gjentatte ganger uttalt at han \u00f8nsker Gr\u00f8nland l\u00f8srevet fra Danmark og innlemmet i USA.\u00a0<\/p>\n<p>Han har heller ikke utelukket bruk av milit\u00e6rmakt for \u00e5 sikre amerikansk kontroll.\u00a0<\/p>\n<p>Dagbladet skrev nylig at\u00a0<a href=\"https:\/\/www.dagbladet.no\/nyheter\/vekker-oppsikt-gronland-nevnes-ikke\/83959462\" rel=\"nofollow noopener\" target=\"_blank\">Gr\u00f8nland ikke nevnes \u00e9n eneste gang i USAs nye sikkerhetsstrategi<\/a>.\u00a0<\/p>\n<p>Samtidig nevner Danmark USA for f\u00f8rste gang i sin trusselvurdering. <\/p>\n<p>        <img loading=\"lazy\" decoding=\"async\" src=\"https:\/\/www.europesays.com\/no\/wp-content\/uploads\/2025\/12\/84019114.webp\" width=\"980\" height=\"559\" title=\"PASSER P\u00c5: Et dansk marinefart\u00f8y avbildet utenfor Gr\u00f8nlands hovedstad Nuuk i mars. Foto: Odd Andersen\/ AFP\/NTB\" alt=\"\" class=\"\" style=\"--aspect-ratio-image: 1.75; \"\/><\/p>\n<p>\n        PASSER P\u00c5: Et dansk marinefart\u00f8y avbildet utenfor Gr\u00f8nlands hovedstad Nuuk i mars. Foto: Odd Andersen\/ AFP\/NTB\n    <\/p>\n<p> Donald Trumps utnevnelse av Landry er \u00abhelt \u00e5penbart\u00bb et uttrykk for presidentens vedvarende interesse for \u00e5 ta kontroll over Gr\u00f8nland, mener Rasmus Sinding S\u00f8ndergaard.<\/p>\n<p>Han er seniorforsker med spesialisering i amerikansk utenrikspolitikk ved Dansk institutt for internasjonale studier (DIIS).\u00a0<\/p>\n<p>Overfor <a href=\"https:\/\/politiken.dk\/internationalt\/art10672702\/Nu-bliver-der-bidt-negle-i-Statsministeriet-og-Udenrigsministeriet\" rel=\"nofollow noopener\" target=\"_blank\">Politiken<\/a> peker han p\u00e5 at det i seg selv er oppsiktsvekkende at USA sender beryktede Jeff Landry til Gr\u00f8nland.<\/p>\n<p>&#8211; Det er ikke mange land i verden som f\u00e5r sin egen amerikanske utsending, sier han.<\/p>\n<p><script async src=\"https:\/\/platform.twitter.com\/widgets.js\" charset=\"utf-8\"><\/script><\/p>\n","protected":false},"excerpt":{"rendered":"Kort fortalt Jeff Landry, kjent som en hardliner og Trump-lojalist, er utnevnt til USAs spesialutsending til Gr\u00f8nland. Utnevnelsen&hellip;\n","protected":false},"author":2,"featured_media":119832,"comment_status":"","ping_status":"","sticky":false,"template":"","format":"standard","meta":{"footnotes":""},"categories":[12],"tags":[20,21,24,25,15,22,23,13,30,28,29,14,16,188,2670,26,27,50,412,42,43,44,45],"class_list":{"0":"post-119831","1":"post","2":"type-post","3":"status-publish","4":"format-standard","5":"has-post-thumbnail","7":"category-verden","8":"tag-breaking-news","9":"tag-breakingnews","10":"tag-featured-news","11":"tag-featurednews","12":"tag-headlines","13":"tag-latest-news","14":"tag-latestnews","15":"tag-news","16":"tag-no","17":"tag-norge","18":"tag-norway","19":"tag-nyheter","20":"tag-overskrifter","21":"tag-russland","22":"tag-sergej-lavrov","23":"tag-top-stories","24":"tag-topstories","25":"tag-usa","26":"tag-utenriks","27":"tag-verden","28":"tag-world","29":"tag-world-news","30":"tag-worldnews"},"share_on_mastodon":{"url":"https:\/\/pubeurope.com\/@no\/115764808246260195","error":""},"_links":{"self":[{"href":"https:\/\/www.europesays.com\/no\/wp-json\/wp\/v2\/posts\/119831","targetHints":{"allow":["GET"]}}],"collection":[{"href":"https:\/\/www.europesays.com\/no\/wp-json\/wp\/v2\/posts"}],"about":[{"href":"https:\/\/www.europesays.com\/no\/wp-json\/wp\/v2\/types\/post"}],"author":[{"embeddable":true,"href":"https:\/\/www.europesays.com\/no\/wp-json\/wp\/v2\/users\/2"}],"replies":[{"embeddable":true,"href":"https:\/\/www.europesays.com\/no\/wp-json\/wp\/v2\/comments?post=119831"}],"version-history":[{"count":0,"href":"https:\/\/www.europesays.com\/no\/wp-json\/wp\/v2\/posts\/119831\/revisions"}],"wp:featuredmedia":[{"embeddable":true,"href":"https:\/\/www.europesays.com\/no\/wp-json\/wp\/v2\/media\/119832"}],"wp:attachment":[{"href":"https:\/\/www.europesays.com\/no\/wp-json\/wp\/v2\/media?parent=119831"}],"wp:term":[{"taxonomy":"category","embeddable":true,"href":"https:\/\/www.europesays.com\/no\/wp-json\/wp\/v2\/categories?post=119831"},{"taxonomy":"post_tag","embeddable":true,"href":"https:\/\/www.europesays.com\/no\/wp-json\/wp\/v2\/tags?post=119831"}],"curies":[{"name":"wp","href":"https:\/\/api.w.org\/{rel}","templated":true}]}}