{"id":119839,"date":"2025-12-22T19:18:08","date_gmt":"2025-12-22T19:18:08","guid":{"rendered":"https:\/\/www.europesays.com\/no\/119839\/"},"modified":"2025-12-22T19:18:08","modified_gmt":"2025-12-22T19:18:08","slug":"to-russiske-su-30-jagerfly-odelagt","status":"publish","type":"post","link":"https:\/\/www.europesays.com\/no\/119839\/","title":{"rendered":"To russiske Su-30 jagerfly \u00f8delagt"},"content":{"rendered":"<p>    Ukrainske sabot\u00f8rer slo til mot milit\u00e6r flyplass 34 mil unna grensen.<\/p>\n<p>\n        Sukhoj Su-30 (NATO-kallenavn Flanker-C) er et multirolle kampfly basert p\u00e5 Sukhoj Su-27, som har sv\u00e6rt gode luftkamp-egenskaper, og er spesialisert for \u00e5 ta ut m\u00e5l p\u00e5 bakken. Flyet har lang rekkevidde og multirolleevne, og er ansett \u00e5 v\u00e6re det mest avanserte russisk-designede flyet som er i tjeneste i dag.<br \/>\n        AP \/ NTB\n    <\/p>\n<p>If\u00f8lge ukrainsk etterretning skal sabotasjeaksjonen ha sl\u00e5tt ut to kampfly av typen Su-30. Begge flyene skal ha begynt \u00e5 brenne etter at eksplosiver ble utl\u00f8st i hangarene hvor flyene sto parkert.<\/p>\n<p>Planleggingen av operasjonen tok to uker, og skal ha blitt utf\u00f8rt av motstandsfolk dypt inne p\u00e5 russisk territorium, skriver <a href=\"https:\/\/kyivindependent.com\/ukraine-strikes-russian-su-30-su-27-fighter-jets-in-russias-lipetsk-oblast-intelligence-says\/\" rel=\"nofollow noopener\" target=\"_blank\">ukrainske medier.<\/a><\/p>\n<p>Angrepet var rettet mot en flyplass n\u00e6r byen Lipetsk, om lag 340 kilometer fra den ukrainske grensen.<\/p>\n<p>Sabot\u00f8rene skal ha studert patruljeruter og vaktplaner f\u00f8r de slo til. Dermed kunne de komme helt innp\u00e5 de bevoktede milit\u00e6ranlegget og angripe kampflyene. Retretten skal ogs\u00e5 ha v\u00e6rt vellykket, og ingen ble oppdaget under flukten.<\/p>\n<p>Ukrainsk etterretning har publisert en video av den risikable spesialoperasjonen.<\/p>\n<p>If\u00f8lge ukrainsk etterretning skal verdien av de \u00f8delagte kampflyene v\u00e6re p\u00e5 anslagsvis \u00e9n milliard norske kroner.<\/p>\n<p>Russland bruker SU-30 prim\u00e6rt til luftover\u00e5king, avskj\u00e6ring av ukrainske fly og luftst\u00f8tte til russiske bakkestyrker under angrep.<\/p>\n","protected":false},"excerpt":{"rendered":"Ukrainske sabot\u00f8rer slo til mot milit\u00e6r flyplass 34 mil unna grensen. Sukhoj Su-30 (NATO-kallenavn Flanker-C) er et multirolle&hellip;\n","protected":false},"author":2,"featured_media":119840,"comment_status":"","ping_status":"","sticky":false,"template":"","format":"standard","meta":{"footnotes":""},"categories":[12],"tags":[20,21,24,25,15,22,23,13,30,28,29,14,16,26,27,42,43,44,45],"class_list":{"0":"post-119839","1":"post","2":"type-post","3":"status-publish","4":"format-standard","5":"has-post-thumbnail","7":"category-verden","8":"tag-breaking-news","9":"tag-breakingnews","10":"tag-featured-news","11":"tag-featurednews","12":"tag-headlines","13":"tag-latest-news","14":"tag-latestnews","15":"tag-news","16":"tag-no","17":"tag-norge","18":"tag-norway","19":"tag-nyheter","20":"tag-overskrifter","21":"tag-top-stories","22":"tag-topstories","23":"tag-verden","24":"tag-world","25":"tag-world-news","26":"tag-worldnews"},"share_on_mastodon":{"url":"https:\/\/pubeurope.com\/@no\/115764835400811388","error":""},"_links":{"self":[{"href":"https:\/\/www.europesays.com\/no\/wp-json\/wp\/v2\/posts\/119839","targetHints":{"allow":["GET"]}}],"collection":[{"href":"https:\/\/www.europesays.com\/no\/wp-json\/wp\/v2\/posts"}],"about":[{"href":"https:\/\/www.europesays.com\/no\/wp-json\/wp\/v2\/types\/post"}],"author":[{"embeddable":true,"href":"https:\/\/www.europesays.com\/no\/wp-json\/wp\/v2\/users\/2"}],"replies":[{"embeddable":true,"href":"https:\/\/www.europesays.com\/no\/wp-json\/wp\/v2\/comments?post=119839"}],"version-history":[{"count":0,"href":"https:\/\/www.europesays.com\/no\/wp-json\/wp\/v2\/posts\/119839\/revisions"}],"wp:featuredmedia":[{"embeddable":true,"href":"https:\/\/www.europesays.com\/no\/wp-json\/wp\/v2\/media\/119840"}],"wp:attachment":[{"href":"https:\/\/www.europesays.com\/no\/wp-json\/wp\/v2\/media?parent=119839"}],"wp:term":[{"taxonomy":"category","embeddable":true,"href":"https:\/\/www.europesays.com\/no\/wp-json\/wp\/v2\/categories?post=119839"},{"taxonomy":"post_tag","embeddable":true,"href":"https:\/\/www.europesays.com\/no\/wp-json\/wp\/v2\/tags?post=119839"}],"curies":[{"name":"wp","href":"https:\/\/api.w.org\/{rel}","templated":true}]}}