{"id":119866,"date":"2025-12-22T19:53:20","date_gmt":"2025-12-22T19:53:20","guid":{"rendered":"https:\/\/www.europesays.com\/no\/119866\/"},"modified":"2025-12-22T19:53:20","modified_gmt":"2025-12-22T19:53:20","slug":"vaer-vaermelding-flere-farevarsler-pa-julaften-kan-bli-oppgradert","status":"publish","type":"post","link":"https:\/\/www.europesays.com\/no\/119866\/","title":{"rendered":"V\u00e6r, V\u00e6rmelding | Flere farevarsler p\u00e5 julaften: \u2013 Kan bli oppgradert"},"content":{"rendered":"\n<p>Varsom.no har sendt ut oransje farevarsel for sn\u00f8skred i Lofoten og Vester\u00e5len fra midnatt lille julaften. Det inneb\u00e6rer betydelig fare, faregrad 3. Da kan skred l\u00f8sne av seg selv p\u00e5 grunn av nedb\u00f8r, vind og mildv\u00e6r.<\/p>\n<p>\u2013 Unng\u00e5 skredterreng, advarer Varsom.no.<\/p>\n<p>Skredvarslet omfatter ogs\u00e5 L\u00f8dingen og Gullesfjorden. En observasjon fra Sortland 22. desember forteller blant annet om d\u00e5rlig binding mellom lag i fokksn\u00f8en.<\/p>\n<p>Gult regnvarsel \u2013 s\u00e5 langt<\/p>\n<p>Farevarselet for regn er gult \u2013 s\u00e5 langt. Farevarselet gjelder fra klokken 19 julaften, og til klokka 19 f\u00f8rste juledag.<\/p>\n<p>Det kan nemlig bli verre, advarer Meteorologisk Institutt:<\/p>\n<p><b>\u2013 Det er fare for sv\u00e6rt mye regn, lokalt 40-70 millimeter p\u00e5 24 timer, mest nedb\u00f8r i s\u00f8r. Farevarselet vil bli oppgradert til oransje niv\u00e5 dersom v\u00e6rsituasjonen tilsier det, st\u00e5r det i varselet i skrivende stund.<\/b><\/p>\n<p>Med det kommer meteorologene med noen oppfordringer og advarsler:<\/p>\n<p>\u2013 Det er fare for overvann i tettbygde omr\u00e5der. Vann kan trenge inn i hus. Rens stikkrenner og avl\u00f8p slik at vannet kan renne unna.<\/p>\n<p>\u2013 Det kan bli vanskelige kj\u00f8reforhold p\u00e5 grunn av overvann og fare for vannplaning. Veier kan bli stengt, og det kan v\u00e6re mye vann i veibanen, s\u00e6rlig ved bekke-og elvel\u00f8p. Mange reiser kan f\u00e5 lengre reisetid. Sjekk veimeldinger p\u00e5 <a href=\"https:\/\/vegvesen.no\/trafikk\" rel=\"nofollow noopener\" target=\"_blank\">vegvesen.no\/trafikk<\/a>. Tilpass farten og kj\u00f8r etter forholdene. <b>Vurder om reiser er n\u00f8dvendig.<\/b><\/p>\n<p>\u2013 Veibanen kan bli dekket av v\u00e5t is. Tilpass farten og kj\u00f8r etter forholdene.<\/p>\n<p>\u2013 Regnet kan f\u00f8re til at noen steder kan miste veiforbindelsen. F\u00f8lg r\u00e5d fra lokale beredskapsmyndigheter.<\/p>\n<p>Av kommunesentrene her er Borkenes, L\u00f8dingen og Harstad og hele Ofoten inkludert slik varselet er n\u00e5. Ogs\u00e5 Evenes lufthavn er i fareomr\u00e5det.<\/p>\n<p>Selv om deler av Vester\u00e5len ikke er i farevarselet i skrivende stund, er det meldt mye regn i regionen som helhet julaften.<\/p>\n<p>  <a href=\"https:\/\/www.blv.no\/5-9-903921\" class=\"related-teaser has-image default-story-teaser article--c-eRUmMG article--c-eRUmMG-jKCPdD-design-default\" rel=\"nofollow noopener\" target=\"_blank\"><\/p>\n<p>    <img decoding=\"async\" loading=\"lazy\"  src=\"https:\/\/www.europesays.com\/no\/wp-content\/uploads\/2025\/12\/Ulykke+E10+berging.bin\" alt=\"\" class=\"brick-c-cFOWSL\" style=\"\"\/><\/p>\n<p>\n            Les ogs\u00e5<\/p>\n<p>              D\u00f8dsulykken p\u00e5 E10: Hastighet spredt p\u00e5 app\n        <\/p>\n<p>  <\/a><\/p>\n<p>  <a href=\"https:\/\/www.blv.no\/5-9-903689\" class=\"related-teaser has-image default-story-teaser article--c-eRUmMG article--c-eRUmMG-jKCPdD-design-default\" rel=\"nofollow noopener\" target=\"_blank\"><\/p>\n<p>    <img decoding=\"async\" loading=\"lazy\"  src=\"https:\/\/www.europesays.com\/no\/wp-content\/uploads\/2025\/12\/1000035923.jpg\" alt=\"\" class=\"brick-c-cFOWSL\" style=\"\"\/><\/p>\n<p>\n            Les ogs\u00e5<\/p>\n<p>              Flere fikk bilen skadet: Dette sier Statens vegvesen\n        <\/p>\n<p>  <\/a><\/p>\n","protected":false},"excerpt":{"rendered":"Varsom.no har sendt ut oransje farevarsel for sn\u00f8skred i Lofoten og Vester\u00e5len fra midnatt lille julaften. Det inneb\u00e6rer&hellip;\n","protected":false},"author":2,"featured_media":119867,"comment_status":"","ping_status":"","sticky":false,"template":"","format":"standard","meta":{"footnotes":""},"categories":[10],"tags":[36,20,21,102,24,25,15,2705,22,23,4954,13,30,28,29,14,16,1510,26,27,553,101],"class_list":{"0":"post-119866","1":"post","2":"type-post","3":"status-publish","4":"format-standard","5":"has-post-thumbnail","7":"category-norge","8":"tag-art","9":"tag-breaking-news","10":"tag-breakingnews","11":"tag-farevarsel","12":"tag-featured-news","13":"tag-featurednews","14":"tag-headlines","15":"tag-kvaefjord","16":"tag-latest-news","17":"tag-latestnews","18":"tag-lodingen","19":"tag-news","20":"tag-no","21":"tag-norge","22":"tag-norway","23":"tag-nyheter","24":"tag-overskrifter","25":"tag-story","26":"tag-top-stories","27":"tag-topstories","28":"tag-vaer","29":"tag-vaermelding"},"share_on_mastodon":{"url":"https:\/\/pubeurope.com\/@no\/115764973214423102","error":""},"_links":{"self":[{"href":"https:\/\/www.europesays.com\/no\/wp-json\/wp\/v2\/posts\/119866","targetHints":{"allow":["GET"]}}],"collection":[{"href":"https:\/\/www.europesays.com\/no\/wp-json\/wp\/v2\/posts"}],"about":[{"href":"https:\/\/www.europesays.com\/no\/wp-json\/wp\/v2\/types\/post"}],"author":[{"embeddable":true,"href":"https:\/\/www.europesays.com\/no\/wp-json\/wp\/v2\/users\/2"}],"replies":[{"embeddable":true,"href":"https:\/\/www.europesays.com\/no\/wp-json\/wp\/v2\/comments?post=119866"}],"version-history":[{"count":0,"href":"https:\/\/www.europesays.com\/no\/wp-json\/wp\/v2\/posts\/119866\/revisions"}],"wp:featuredmedia":[{"embeddable":true,"href":"https:\/\/www.europesays.com\/no\/wp-json\/wp\/v2\/media\/119867"}],"wp:attachment":[{"href":"https:\/\/www.europesays.com\/no\/wp-json\/wp\/v2\/media?parent=119866"}],"wp:term":[{"taxonomy":"category","embeddable":true,"href":"https:\/\/www.europesays.com\/no\/wp-json\/wp\/v2\/categories?post=119866"},{"taxonomy":"post_tag","embeddable":true,"href":"https:\/\/www.europesays.com\/no\/wp-json\/wp\/v2\/tags?post=119866"}],"curies":[{"name":"wp","href":"https:\/\/api.w.org\/{rel}","templated":true}]}}