{"id":119874,"date":"2025-12-22T19:59:07","date_gmt":"2025-12-22T19:59:07","guid":{"rendered":"https:\/\/www.europesays.com\/no\/119874\/"},"modified":"2025-12-22T19:59:07","modified_gmt":"2025-12-22T19:59:07","slug":"nederland-nunspeet-bil-kjorte-inn-i-folkemengde-i-nederland-minst-fem-skadet","status":"publish","type":"post","link":"https:\/\/www.europesays.com\/no\/119874\/","title":{"rendered":"Nederland, Nunspeet | Bil kj\u00f8rte inn i folkemengde i Nederland \u2013 minst fem skadet"},"content":{"rendered":"\n<p>Det melder <a rel=\"noopener nofollow\" href=\"https:\/\/www.telegraaf.nl\/binnenland\/auto-rijdt-in-op-groep-mensen-in-nunspeet-zeker-vijf-gewonden\/117480653.html\" target=\"_blank\">De Telegraaf <\/a>og andre nederlandske medier.<\/p>\n<p>Politiet skriver p\u00e5 X om en \u00abalvorlig ulykke p\u00e5 Elburgerweg\u00bb.<\/p>\n<p>Minst fem personer er skadet, men skadeomfanget er ikke kjent. Det er ikke kjent om det har blitt foretatt noen p\u00e5gripelser. Politiet etterforsker hendelsen.<\/p>\n<p>\u2013 Forferdelige nyheter fra Nunspeet. Mine tanker g\u00e5r til alle ofrene, de ber\u00f8rte og vitnene. Ogs\u00e5 styrke til politiet og alle n\u00f8detatene som er p\u00e5 stedet, skriver medlem av Representantenes hus i Nederland, Dilan Yesilg\u00f6z-Zegerius, p\u00e5 X.<\/p>\n","protected":false},"excerpt":{"rendered":"Det melder De Telegraaf og andre nederlandske medier. Politiet skriver p\u00e5 X om en \u00abalvorlig ulykke p\u00e5 Elburgerweg\u00bb.&hellip;\n","protected":false},"author":2,"featured_media":3844,"comment_status":"","ping_status":"","sticky":false,"template":"","format":"standard","meta":{"footnotes":""},"categories":[12],"tags":[20,21,24,25,15,22,23,13,30,28,29,14,16,26,27,42,43,44,45],"class_list":{"0":"post-119874","1":"post","2":"type-post","3":"status-publish","4":"format-standard","5":"has-post-thumbnail","7":"category-verden","8":"tag-breaking-news","9":"tag-breakingnews","10":"tag-featured-news","11":"tag-featurednews","12":"tag-headlines","13":"tag-latest-news","14":"tag-latestnews","15":"tag-news","16":"tag-no","17":"tag-norge","18":"tag-norway","19":"tag-nyheter","20":"tag-overskrifter","21":"tag-top-stories","22":"tag-topstories","23":"tag-verden","24":"tag-world","25":"tag-world-news","26":"tag-worldnews"},"share_on_mastodon":{"url":"https:\/\/pubeurope.com\/@no\/115764996613744975","error":""},"_links":{"self":[{"href":"https:\/\/www.europesays.com\/no\/wp-json\/wp\/v2\/posts\/119874","targetHints":{"allow":["GET"]}}],"collection":[{"href":"https:\/\/www.europesays.com\/no\/wp-json\/wp\/v2\/posts"}],"about":[{"href":"https:\/\/www.europesays.com\/no\/wp-json\/wp\/v2\/types\/post"}],"author":[{"embeddable":true,"href":"https:\/\/www.europesays.com\/no\/wp-json\/wp\/v2\/users\/2"}],"replies":[{"embeddable":true,"href":"https:\/\/www.europesays.com\/no\/wp-json\/wp\/v2\/comments?post=119874"}],"version-history":[{"count":0,"href":"https:\/\/www.europesays.com\/no\/wp-json\/wp\/v2\/posts\/119874\/revisions"}],"wp:featuredmedia":[{"embeddable":true,"href":"https:\/\/www.europesays.com\/no\/wp-json\/wp\/v2\/media\/3844"}],"wp:attachment":[{"href":"https:\/\/www.europesays.com\/no\/wp-json\/wp\/v2\/media?parent=119874"}],"wp:term":[{"taxonomy":"category","embeddable":true,"href":"https:\/\/www.europesays.com\/no\/wp-json\/wp\/v2\/categories?post=119874"},{"taxonomy":"post_tag","embeddable":true,"href":"https:\/\/www.europesays.com\/no\/wp-json\/wp\/v2\/tags?post=119874"}],"curies":[{"name":"wp","href":"https:\/\/api.w.org\/{rel}","templated":true}]}}