{"id":119875,"date":"2025-12-22T20:00:48","date_gmt":"2025-12-22T20:00:48","guid":{"rendered":"https:\/\/www.europesays.com\/no\/119875\/"},"modified":"2025-12-22T20:00:48","modified_gmt":"2025-12-22T20:00:48","slug":"amy-skader-disse-to-kommunene-havnet-pa-skadetoppen","status":"publish","type":"post","link":"https:\/\/www.europesays.com\/no\/119875\/","title":{"rendered":"Amy, Skader | Disse to kommunene havnet p\u00e5 skadetoppen"},"content":{"rendered":"\n<p>Ekstremv\u00e6ret Amy f\u00f8rte til omfattende skogskader i Vestfold og Telemark, som samlet st\u00e5r for 171 av totalt 642 skademeldinger totalt p\u00e5 landsbasis.<\/p>\n<p>\u2013 Det spesielle i Vestfold og Telemark-regionen er at konsekvensene fra Amy griper rett inn i hverdagen til folk. Brorparten av skogskadene er i tettsteder, tett p\u00e5 hytteomr\u00e5der, turstier og veier. Det gj\u00f8r det enda tydeligere at vi m\u00e5 jobbe mer med klimatilpasning og beredskap fremover, sier per Asbj\u00f8rn Flugstad, administrerende direkt\u00f8r i Skogbrand.<\/p>\n<p>P\u00e5 topplisten<\/p>\n<p>B\u00e5de Bamble, Skien og Larvik er p\u00e5 topplisten for innmeldte skogskader nasjonalt, med sistnevnte p\u00e5 tredjeplass, men skadeomfang ser ut til \u00e5 v\u00e6re st\u00f8rre i Notodden og Midt-Telemark. Til sammen utgj\u00f8r regionen et av de hardest rammede omr\u00e5dene.<\/p>\n<p>\u2013 Larvik som var tidlig ute med r\u00f8dt farevarsel endte med omfattende skader p\u00e5 skog og infrastruktur. I Telemark hvor det er mye utsatt industri, var deler av fylket var uten str\u00f8m da uv\u00e6ret sto p\u00e5 som verst. L\u00e6rdommen er at alt henger sammen med alt, og at vi aldri kan forberede oss godt nok p\u00e5 en stor hendelse, sier Flugstad. Flugstad minner om at det f\u00f8rste skogeiere b\u00f8r gj\u00f8re er \u00e5 dokumentere og melde inn skaden, slik at den raskt kan bli taksert. Men arbeidet med \u00e5 planlegge uttak sammen med t\u00f8mmerkj\u00f8per eller skogbruksleder b\u00f8r ogs\u00e5 starte raskt.<\/p>\n<p>Sikkerhet f\u00f8rst<\/p>\n<p>\u2013 Vindfall som blir liggende kan gj\u00f8re den gjenst\u00e5ende skogen mer s\u00e5rbar og utsatt for eksempelvis barkbiller. Det b\u00f8r v\u00e6re insentiv til \u00e5 komme i gang med taksering og opprydding, sier Flugstad, som ogs\u00e5 er opptatt av sikkerheten. Han legger til:<\/p>\n<p>\u2013 Ustabil grunn og tr\u00e6r som st\u00e5r i spenn gj\u00f8r at \u00e9n feilvurdering kan f\u00e5 sv\u00e6rt alvorlige konsekvenser, s\u00e5 her er det ekstra viktig at skogeiere bruker profesjonelle entrepren\u00f8rer og tar sikkerhet p\u00e5 st\u00f8rste alvor. La motorsaga st\u00e5, og tenk alltid sikkerhet f\u00f8rst. I tillegg kan slik rotvelt medf\u00f8re fare for allmenheten, s\u00e5 det er viktig at folk holder avstand, sier Flugstad.<\/p>\n<p>Andre treslag<\/p>\n<p>Skogbrand merker allerede konsekvensene av endret klima i antallet skadesaker de siste \u00e5rene. De oppfordrer skogeiere som ikke har sett til skogen sin, om \u00e5 gj\u00f8re det. I tillegg mener de det kan v\u00e6re hensiktsmessig \u00e5 planlegge godt og annerledes i en ny hverdag.<\/p>\n<p>\u2013 Det er viktigere enn noen gang \u00e5 skape en stabil, klimatilpasset fremtidsskog. Det er s\u00e6rlig viktig \u00e5 ta hensyn til lokale forhold. S\u00e6rlig riktig ungskogpleie er viktig med tanke p\u00e5 \u00e5 f\u00e5 en stabil fremtidsskog. Det gj\u00f8r at fremtidstr\u00e6rne for utviklet et godt rotsystem. I noen omr\u00e5der b\u00f8r man ogs\u00e5 vurdere \u00e5 plante andre treslag \u2013 ikke bare gran. Da unng\u00e5r man \u00e5 legge alle eggene i \u00e9n kurv, avslutter Flugstad.<\/p>\n","protected":false},"excerpt":{"rendered":"Ekstremv\u00e6ret Amy f\u00f8rte til omfattende skogskader i Vestfold og Telemark, som samlet st\u00e5r for 171 av totalt 642&hellip;\n","protected":false},"author":2,"featured_media":119876,"comment_status":"","ping_status":"","sticky":false,"template":"","format":"standard","meta":{"footnotes":""},"categories":[10],"tags":[7934,36,20,21,24,25,15,22,23,13,30,28,29,14,16,8192,1510,992,26,27],"class_list":{"0":"post-119875","1":"post","2":"type-post","3":"status-publish","4":"format-standard","5":"has-post-thumbnail","7":"category-norge","8":"tag-amy","9":"tag-art","10":"tag-breaking-news","11":"tag-breakingnews","12":"tag-featured-news","13":"tag-featurednews","14":"tag-headlines","15":"tag-latest-news","16":"tag-latestnews","17":"tag-news","18":"tag-no","19":"tag-norge","20":"tag-norway","21":"tag-nyheter","22":"tag-overskrifter","23":"tag-skader","24":"tag-story","25":"tag-telemark","26":"tag-top-stories","27":"tag-topstories"},"share_on_mastodon":{"url":"https:\/\/pubeurope.com\/@no\/115765004430600660","error":""},"_links":{"self":[{"href":"https:\/\/www.europesays.com\/no\/wp-json\/wp\/v2\/posts\/119875","targetHints":{"allow":["GET"]}}],"collection":[{"href":"https:\/\/www.europesays.com\/no\/wp-json\/wp\/v2\/posts"}],"about":[{"href":"https:\/\/www.europesays.com\/no\/wp-json\/wp\/v2\/types\/post"}],"author":[{"embeddable":true,"href":"https:\/\/www.europesays.com\/no\/wp-json\/wp\/v2\/users\/2"}],"replies":[{"embeddable":true,"href":"https:\/\/www.europesays.com\/no\/wp-json\/wp\/v2\/comments?post=119875"}],"version-history":[{"count":0,"href":"https:\/\/www.europesays.com\/no\/wp-json\/wp\/v2\/posts\/119875\/revisions"}],"wp:featuredmedia":[{"embeddable":true,"href":"https:\/\/www.europesays.com\/no\/wp-json\/wp\/v2\/media\/119876"}],"wp:attachment":[{"href":"https:\/\/www.europesays.com\/no\/wp-json\/wp\/v2\/media?parent=119875"}],"wp:term":[{"taxonomy":"category","embeddable":true,"href":"https:\/\/www.europesays.com\/no\/wp-json\/wp\/v2\/categories?post=119875"},{"taxonomy":"post_tag","embeddable":true,"href":"https:\/\/www.europesays.com\/no\/wp-json\/wp\/v2\/tags?post=119875"}],"curies":[{"name":"wp","href":"https:\/\/api.w.org\/{rel}","templated":true}]}}