{"id":119887,"date":"2025-12-22T20:19:20","date_gmt":"2025-12-22T20:19:20","guid":{"rendered":"https:\/\/www.europesays.com\/no\/119887\/"},"modified":"2025-12-22T20:19:20","modified_gmt":"2025-12-22T20:19:20","slug":"de-voldtok-meg-begge-to","status":"publish","type":"post","link":"https:\/\/www.europesays.com\/no\/119887\/","title":{"rendered":"\u2013 De voldtok meg, begge to."},"content":{"rendered":"\n<p class=\"_paragraph_o9xde_4 _paragraph_xtcu6_10 layout-component text-serif-m layout-normal text-serif-m layout-padded\">\u2013 Jeg pr\u00f8ver \u00e5 glemme meg selv. Jeg pr\u00f8ver \u00e5 ikke tenke p\u00e5 alt som har skjedd.<\/p>\n<p class=\"_paragraph_o9xde_4 _paragraph_xtcu6_10 layout-component text-serif-m layout-normal text-serif-m layout-padded\">Det er litt over en uke siden 25 \u00e5r gamle Nour kom g\u00e5ende alene over grensen. Med seg har hun en historie verden forel\u00f8pig bare vet bruddstykker av.<\/p>\n<p class=\"_paragraph_o9xde_4 _paragraph_xtcu6_10 layout-component text-serif-m layout-normal text-serif-m layout-padded\"><strong class=\"_strong_o9xde_25\">Hun skal snart fortelle om hvordan ektemannen og hennes fem \u00e5r gamle s\u00f8nn er drept, at broren ble f\u00f8rt vekk av krigere og hun selv ble voldtatt i to ulike hendelser. <\/strong><\/p>\n<p class=\"_paragraph_o9xde_4 _paragraph_xtcu6_10 layout-component text-serif-m layout-normal text-serif-m layout-padded\">Ingen journalister eller hjelpearbeidere, strengt tatt ingen, har f\u00e5tt komme inn i byen El Fasher i Darfur-regionen i <a href=\"https:\/\/www.vg.no\/tag\/sudan?utm_source=vg-article&amp;utm_medium=auto-tagger&amp;utm_campaign=M7gy4M\" class=\"_link_o9xde_39\" rel=\"nofollow noopener\" target=\"_blank\">Sudan<\/a>, etter massakren som startet for to m\u00e5neder siden.<\/p>\n<p class=\"_paragraph_o9xde_4 _paragraph_xtcu6_10 layout-component text-serif-m layout-normal text-serif-m layout-padded\">Den gang spredte <a href=\"https:\/\/www.vg.no\/nyheter\/i\/4B6g2g\/der-er-min-onkel\" data-track-element-type=\"Link\" data-track-id=\"link:4B6g2g\" class=\"_link_o9xde_39\" rel=\"nofollow noopener\" target=\"_blank\">drapsmennenes egne henrettelsesvideoer seg raskt<\/a>, og satte verdens \u00f8yne, for et \u00f8yeblikk, mot Darfur.<\/p>\n<p><img alt=\"Foto: AFP\" class=\"_image_qp4xg_65 layout-component layout-normal\" data-fullscreen- data-track-element-type=\"Article image fullscreen\" data-track-name=\"ImageFullscreen\" decoding=\"async\" loading=\"lazy\" height=\"680\" itemprop=\"image\"  src=\"https:\/\/www.europesays.com\/no\/wp-content\/uploads\/2025\/12\/8f4133ce-10ab-4816-8dbf-ad71b308e8e3\"  style=\"object-position:0% 0%\" width=\"906\"\/>Foto: AFP<\/p>\n<p class=\"_paragraph_o9xde_4 _paragraph_xtcu6_10 layout-component text-serif-m layout-normal text-serif-m layout-padded\">Men siden har det blitt stille. Hva som egentlig skjedde, og fortsetter \u00e5 skje, i byen, vet omverdenen lite om.<\/p>\n<p class=\"_paragraph_o9xde_4 _paragraph_xtcu6_10 layout-component text-serif-m layout-normal text-serif-m layout-padded\"><strong class=\"_strong_o9xde_25\">VG har derfor v\u00e6rt i Tine, grenseomr\u00e5det mellom Tsjad og Darfur, for \u00e5 snakke med de som har kommet seg ut av byen i live. <\/strong><\/p>\n<p class=\"_paragraph_o9xde_4 _paragraph_xtcu6_10 layout-component text-serif-m layout-normal text-serif-m layout-padded\">I likhet med tusenvis av andre flyktet Nour, som ikke er hennes egentlige navn, fra El Fasher da RSF-soldaterRSF-soldaterMilitsgruppen Rapid support forces (RSF) er i krig med det sudanske milit\u00e6ret, en krig som har splittet landet i to. tok kontroll over byen 26. oktober i \u00e5r. <\/p>\n<p class=\"_paragraph_o9xde_4 _paragraph_xtcu6_10 layout-component text-serif-m layout-normal text-serif-m layout-padded\">Fluktruten er livsfarlig, og mange av de vi m\u00f8ter p\u00e5 grensen har brukt uker og m\u00e5neder p\u00e5 \u00e5 komme seg ut av landet i trygghet. Men ingen av dem har unnsluppet RSF p\u00e5 veien.<\/p>\n<p><img alt=\"\" class=\"_image_qp4xg_65 layout-component layout-normal\" data-fullscreen- data-track-element-type=\"Article image fullscreen\" data-track-name=\"ImageFullscreen\" decoding=\"async\" loading=\"lazy\" height=\"4000\" itemprop=\"image\"  src=\"https:\/\/www.europesays.com\/no\/wp-content\/uploads\/2025\/12\/679bebe4-0547-4f74-8ee5-251b1daaca0c\"  style=\"object-position:0% 0%\" width=\"5333\"\/><\/p>\n<p class=\"_paragraph_o9xde_4 _paragraph_xtcu6_10 layout-component text-serif-m layout-normal text-serif-m layout-padded\">VG m\u00f8ter Nour for f\u00f8rste gang i et telt i transittleiren der flere kvinner har samlet seg. Etter hvert er det noen som setter p\u00e5 musikk, og en etter en reiser de seg opp for \u00e5 danse.<\/p>\n<p class=\"_paragraph_o9xde_4 _paragraph_xtcu6_10 layout-component text-serif-m layout-normal text-serif-m layout-padded\">Men Nour blir sittende, dypt konsentrert mens hun maler henna p\u00e5 hendene til kvinnen ved siden av henne.<\/p>\n<p class=\"_paragraph_o9xde_4 _paragraph_xtcu6_10 layout-component text-serif-m layout-normal text-serif-m layout-padded\">Kvinnene pr\u00f8ver iherdig \u00e5 glemme krigen noen timer, men det er vanskelig, forteller de. <\/p>\n<p class=\"_paragraph_o9xde_4 _paragraph_xtcu6_10 layout-component text-serif-m layout-normal text-serif-m layout-padded\"><strong class=\"_strong_o9xde_25\">Etter hvert signaliserer flere av dem at de \u00f8nsker \u00e5 snakke privat, blant dem Nour. Hun vil fortelle hva RSF-soldatene gjorde mot henne. <\/strong><\/p>\n<p class=\"_paragraph_o9xde_4 _paragraph_xtcu6_10 layout-component text-serif-m layout-normal text-serif-m layout-padded\">Tidligere i \u00e5r ble ektemannen og deres fem \u00e5r gamle s\u00f8nn drept i flyktningleiren Zamzam da soldater fra RSF-militsen stormet inn. Da RSF-soldatene i oktober inntok El Fasher, var hun derfor alene hjemme \u2013 og gravid i femte m\u00e5ned.<\/p>\n<p class=\"_paragraph_o9xde_4 _paragraph_xtcu6_10 layout-component text-serif-m layout-normal text-serif-m layout-padded\">F\u00f8r Nour rakk \u00e5 flykte, tok to soldater seg inn i huset hennes. De dro henne inn p\u00e5 et soverom, der de bandt hendene hennes.<\/p>\n<p class=\"_paragraph_o9xde_4 _paragraph_xtcu6_10 layout-component text-serif-m layout-normal text-serif-m layout-padded\">Hun ser ned og snakker med lav stemme n\u00e5r hun forteller hva som skjedde videre.<\/p>\n<p class=\"_paragraph_o9xde_4 _paragraph_xtcu6_10 layout-component text-serif-m layout-normal text-serif-m layout-padded\">\u2013 De voldtok meg, begge to.<\/p>\n<p class=\"_paragraph_o9xde_4 _paragraph_xtcu6_10 layout-component text-serif-m layout-normal text-serif-m layout-padded\">\u00d8ynene fylles med t\u00e5rer. <\/p>\n<p><img alt=\"\" class=\"_image_qp4xg_65 layout-component layout-normal\" data-fullscreen- data-track-element-type=\"Article image fullscreen\" data-track-name=\"ImageFullscreen\" decoding=\"async\" loading=\"lazy\" height=\"3988\" itemprop=\"image\"  src=\"https:\/\/www.europesays.com\/no\/wp-content\/uploads\/2025\/12\/f28147fd-639c-4db1-8a50-8f9328056139\"  style=\"object-position:0% 0%\" width=\"5318\"\/><\/p>\n<p class=\"_paragraph_o9xde_4 _paragraph_xtcu6_10 layout-component text-serif-m layout-normal text-serif-m layout-padded\">Hun husker bruddstykker, som at mennene var maskerte med sjal rundt ansiktet. <\/p>\n<p class=\"_paragraph_o9xde_4 _paragraph_xtcu6_10 layout-component text-serif-m layout-normal text-serif-m layout-padded\">\u2013 Hvem var de?<\/p>\n<p class=\"_paragraph_o9xde_4 _paragraph_xtcu6_10 layout-component text-serif-m layout-normal text-serif-m layout-padded\">\u2013 Janjaweed. Jeg s\u00e5 det p\u00e5 kl\u00e6rne og hudfargen deres, sier Nour.<\/p>\n<p class=\"_paragraph_o9xde_4 _paragraph_xtcu6_10 layout-component text-serif-m layout-normal text-serif-m layout-padded\">I leiren er det flere kvinner som forteller om brutale gjengvoldtekter utf\u00f8rt av \u00abJanjaweed\u00bb. Det er navnet alle i leiren bruker p\u00e5 RSF-soldatene. <\/p>\n<p class=\"_paragraph_o9xde_4 _paragraph_xtcu6_10 layout-component text-serif-m layout-normal text-serif-m layout-padded\">VG har ikke kunnet uavhengig etterg\u00e5 detaljene i det Nour og de andre forteller, men en rekke hjelpe- og menneskerettighetsorganisasjoner beskriver et utstrakt omfang av seksuell vold av RSF.<\/p>\n<p><img alt=\"\" class=\"_image_qp4xg_65 layout-component layout-normal\" data-fullscreen- data-track-element-type=\"Article image fullscreen\" data-track-name=\"ImageFullscreen\" decoding=\"async\" loading=\"lazy\" height=\"3986\" itemprop=\"image\"  src=\"https:\/\/www.europesays.com\/no\/wp-content\/uploads\/2025\/12\/eae3d16e-1dfb-434e-8760-84075980a04c\"  style=\"object-position:0% 0%\" width=\"5315\"\/><\/p>\n<p class=\"_paragraph_o9xde_4 _paragraph_xtcu6_10 layout-component text-serif-m layout-normal text-serif-m layout-padded\">Etter at de to soldatene hadde forlatt huset til Nour, skj\u00f8nte hun at hun m\u00e5tte komme seg ut av byen s\u00e5 fort som mulig. <\/p>\n<p class=\"_paragraph_o9xde_4 _paragraph_xtcu6_10 layout-component text-serif-m layout-normal text-serif-m layout-padded\">Hun gikk ut for \u00e5 finne broren sin. <\/p>\n<p class=\"_paragraph_o9xde_4 _paragraph_xtcu6_10 layout-component text-serif-m layout-normal text-serif-m layout-padded\"><strong class=\"_strong_o9xde_25\">Byen var i et komplett og d\u00f8delig kaos. Tusenvis av mennesker pr\u00f8vde \u00e5 flykte i l\u00f8pet av den f\u00f8rste dagen. Da hun fant broren, la de p\u00e5 sprang ut av El Fasher, mot landsbyen Garni.<\/strong><\/p>\n<p class=\"_paragraph_o9xde_4 _paragraph_xtcu6_10 layout-component text-serif-m layout-normal text-serif-m layout-padded\">Dagen etter ble de stoppet av RSF-soldater, som tok broren til fange. <\/p>\n<p class=\"_paragraph_o9xde_4 _paragraph_xtcu6_10 layout-component text-serif-m layout-normal text-serif-m layout-padded\">Hun har ikke h\u00f8rt fra ham siden.<\/p>\n<p class=\"_paragraph_o9xde_4 _paragraph_xtcu6_10 layout-component text-serif-m layout-normal text-serif-m layout-padded\"><strong class=\"_strong_o9xde_25\">Frav\u00e6ret av menn i flyktningleiren er p\u00e5fallende. If\u00f8lge tall fra UNHCR er nesten 90 prosent av alle som kommer over grensen kvinner og barn. Mennene er enten tatt til fange av RSF, forsvunnet eller drept.<\/strong><\/p>\n<p class=\"_paragraph_o9xde_4 _paragraph_xtcu6_10 layout-component text-serif-m layout-normal text-serif-m layout-padded\">Nour m\u00e5tte dra videre alene, og dro til Garni sammen med flere andre kvinner hun m\u00f8tte p\u00e5 veien. <\/p>\n<p class=\"_paragraph_o9xde_4 _paragraph_xtcu6_10 layout-component text-serif-m layout-normal text-serif-m layout-padded\">Da hun kom frem, spontanaborterte hun. <\/p>\n<p class=\"_paragraph_o9xde_4 _paragraph_xtcu6_10 layout-component text-serif-m layout-normal text-serif-m layout-padded\">Dagen etter kom RSF-soldater til landsbyen, og Nour forteller at hun ble gjengvoldtatt nok en gang sammen med fire andre eldre kvinner.<\/p>\n<p class=\"_paragraph_o9xde_4 _paragraph_xtcu6_10 layout-component text-serif-m layout-normal text-serif-m layout-padded\"><strong class=\"_strong_o9xde_25\">\u2013 De surret sjalene v\u00e5re over ansiktet v\u00e5rt, og tok oss med til en g\u00e5rd i landsbyen. Det varte i nesten to timer f\u00f8r de lot oss g\u00e5.<\/strong><\/p>\n<p class=\"_paragraph_o9xde_4 _paragraph_xtcu6_10 layout-component text-serif-m layout-normal text-serif-m layout-padded\">I teltet med kvinnene forteller 17 \u00e5r gamle Israa en lignende historie.<\/p>\n<p><img alt=\"Israa (17) kom alene til flyktningleiren i Tine.\" class=\"_image_qp4xg_65 layout-component layout-normal\" data-fullscreen- data-track-element-type=\"Article image fullscreen\" data-track-name=\"ImageFullscreen\" decoding=\"async\" loading=\"lazy\" height=\"4000\" itemprop=\"image\"  src=\"https:\/\/www.europesays.com\/no\/wp-content\/uploads\/2025\/12\/8926b600-eea6-4d00-8546-6d0a4f582f9f\"  style=\"object-position:0% 0%\" width=\"3000\"\/>Israa (17) kom alene til flyktningleiren i Tine.<img alt=\"Israa (17) kom alene til flyktningleiren i Tine.\" class=\"_image_qp4xg_65 layout-component layout-fullscreen\" data-fullscreen- data-track-element-type=\"Article image fullscreen\" data-track-name=\"ImageFullscreen\" decoding=\"async\" loading=\"lazy\" height=\"4000\" itemprop=\"image\"  src=\"https:\/\/www.europesays.com\/no\/wp-content\/uploads\/2025\/12\/e4907398-f327-49b9-9631-51b12eb10157\"  style=\"object-position:0% 0%\" width=\"6000\"\/>Israa (17) kom alene til flyktningleiren i Tine.<img alt=\"Israa (17) kom alene til flyktningleiren i Tine.\" class=\"_image_qp4xg_65 layout-component layout-fullscreen\" data-fullscreen- data-track-element-type=\"Article image fullscreen\" data-track-name=\"ImageFullscreen\" decoding=\"async\" loading=\"lazy\" height=\"4000\" itemprop=\"image\"  src=\"https:\/\/www.europesays.com\/no\/wp-content\/uploads\/2025\/12\/e4907398-f327-49b9-9631-51b12eb10157\"  style=\"object-position:0% 0%\" width=\"6000\"\/>Israa (17) kom alene til flyktningleiren i Tine.<\/p>\n<p class=\"_paragraph_o9xde_4 _paragraph_xtcu6_10 layout-component text-serif-m layout-normal text-serif-m layout-padded\">Hun flyktet fra El Fasher sammen med moren og broren. <\/p>\n<p class=\"_paragraph_o9xde_4 _paragraph_xtcu6_10 layout-component text-serif-m layout-normal text-serif-m layout-padded\">Da de kom et stykke p\u00e5 vei, ble de stoppet av RSF-soldater. De skilte kvinner fra menn, og mennene ble tatt til fange. <\/p>\n<p class=\"_paragraph_o9xde_4 _paragraph_xtcu6_10 layout-component text-serif-m layout-normal text-serif-m layout-padded\"><strong class=\"_strong_o9xde_25\">\u2013 Da de tok broren min, protesterte jeg. Jeg ropte og skrek, forteller Israa, som ikke er hennes egentlig navn.<\/strong><\/p>\n<p class=\"_paragraph_o9xde_4 _paragraph_xtcu6_10 layout-component text-serif-m layout-normal text-serif-m layout-padded\">En RSF-soldat slo henne og ba henne v\u00e6re stille. Da hun ikke sluttet, fikk hun et t\u00f8ystykke knyttet rundt ansiktet. Dette er siste gangen hun s\u00e5 moren og s\u00f8steren. <\/p>\n<p><img alt=\"Israa f\u00e5r en klem av en kvinne som har hjulpet henne i leiren.\" class=\"_image_qp4xg_65 layout-component layout-normal\" data-fullscreen- data-track-element-type=\"Article image fullscreen\" data-track-name=\"ImageFullscreen\" decoding=\"async\" loading=\"lazy\" height=\"3936\" itemprop=\"image\"  src=\"https:\/\/www.europesays.com\/no\/wp-content\/uploads\/2025\/12\/5ab6d467-5a39-4d92-bafc-c6c5014731c3\"  style=\"object-position:0% 0%\" width=\"5248\"\/>Israa f\u00e5r en klem av en kvinne som har hjulpet henne i leiren.<\/p>\n<p class=\"_paragraph_o9xde_4 _paragraph_xtcu6_10 layout-component text-serif-m layout-normal text-serif-m layout-padded\">Hun og to andre jenter ble f\u00f8rt noen hundre meter bort fra veien av tre soldater. Her voldtok de jentene p\u00e5 tur, forteller hun.<\/p>\n<p class=\"_paragraph_o9xde_4 _paragraph_xtcu6_10 layout-component text-serif-m layout-normal text-serif-m layout-padded\">\u2013 Det varte fra klokken 16 p\u00e5 ettermiddagen til morgenen etter, sier hun.<\/p>\n<p class=\"_paragraph_o9xde_4 _paragraph_xtcu6_10 layout-component text-serif-m layout-normal text-serif-m layout-padded\">Etterp\u00e5 ble de forlatt langs veien uten kl\u00e6r, og fikk etter hvert hjelp av noen som kj\u00f8rte forbi. <\/p>\n<p class=\"_paragraph_o9xde_4 _paragraph_xtcu6_10 layout-component text-serif-m layout-normal text-serif-m layout-padded\">Da hun kom til transittleiren i Tine, opps\u00f8kte hun Leger uten grenser. Hun viser oss dokumentet hun fikk av dem, et bevis p\u00e5 at hun har fortalt om seksuell vold. <\/p>\n<p class=\"_paragraph_o9xde_4 _paragraph_xtcu6_10 layout-component text-serif-m layout-normal text-serif-m layout-padded\">Ellers er det f\u00e5 som vet. Folk har mer enn nok med sine egne historier.<\/p>\n<p><img alt=\"\" class=\"_image_qp4xg_65 layout-component layout-normal\" data-fullscreen- data-track-element-type=\"Article image fullscreen\" data-track-name=\"ImageFullscreen\" decoding=\"async\" loading=\"lazy\" height=\"3982\" itemprop=\"image\"  src=\"https:\/\/www.europesays.com\/no\/wp-content\/uploads\/2025\/12\/ee7877e6-cfca-4263-bfa8-5fa9a028a602\"  style=\"object-position:0% 0%\" width=\"5309\"\/><\/p>\n<p class=\"_paragraph_o9xde_4 _paragraph_xtcu6_10 layout-component text-serif-m layout-normal text-serif-m layout-padded\"><strong class=\"_strong_o9xde_25\">Hvor mange er egentlig drept i El Fasher?<\/strong><\/p>\n<p class=\"_paragraph_o9xde_4 _paragraph_xtcu6_10 layout-component text-serif-m layout-normal text-serif-m layout-padded\">Verdenssamfunnet frykter at d\u00f8dstallet er skyh\u00f8yt. FN estimerer at det var rundt 260.000 sivile i El Fasher da RSF tok kontroll. <\/p>\n<p class=\"_paragraph_o9xde_4 _paragraph_xtcu6_10 layout-component text-serif-m layout-normal text-serif-m layout-padded\">If\u00f8lge FNs internasjonale organisasjon for migrasjon (IOM) har rundt 100.000 kommet seg ut, mens 50.000 skal v\u00e6re tatt til fange av RSF, if\u00f8lge kilder til <a href=\"https:\/\/sudantribune.com\/article\/306963\" class=\"_link_o9xde_39\" rel=\"nofollow noopener\" target=\"_blank\">Sudan Tribune<\/a>.<\/p>\n<p class=\"_paragraph_o9xde_4 _paragraph_xtcu6_10 layout-component text-serif-m layout-normal text-serif-m layout-padded\"><strong class=\"_strong_o9xde_25\">\u2013 Da gjenst\u00e5r det 100.000 mennesker som ikke er gjort rede for, sier Nathaniel Raymond, direkt\u00f8r ved anerkjente Yale&#8217;s Humanitarian Research Lab (HRL) i et intervju med VG.<\/strong><\/p>\n<p class=\"_paragraph_o9xde_4 _paragraph_xtcu6_10 layout-component text-serif-m layout-normal text-serif-m layout-padded\">HRL ansl\u00e5r at minst 60.000 er drept, men at det er et lavt estimat.<\/p>\n<p class=\"_paragraph_o9xde_4 _paragraph_xtcu6_10 layout-component text-serif-m layout-normal text-serif-m layout-padded\">\u2013 Det er grusomme tall, og de kan \u00f8ke til langt over de tallene som vi har p\u00e5 bordet n\u00e5, sier Sudan-ekspert Ahmed Soliman ved Chatham House.<\/p>\n<p class=\"_paragraph_o9xde_4 _paragraph_xtcu6_10 layout-component text-serif-m layout-normal text-serif-m layout-padded\">Siden ingen internasjonale akt\u00f8rer slipper inn, er det umulig \u00e5 tallfeste n\u00f8yaktig hvor mange som er drept. HRL har derfor <a href=\"https:\/\/files-profile.medicine.yale.edu\/documents\/001a93f9-1c99-4437-a023-bac1294d3d0e\" class=\"_link_o9xde_39\" rel=\"nofollow noopener\" target=\"_blank\">analysert satellittbilder<\/a> av El Fasher for \u00e5 komme n\u00e6rmere et svar. <\/p>\n<p><img alt=\"Yale Humanitarian Research Lab bruker satellittbilder til \u00e5 identifisere det som ligner p\u00e5 menneskekropper og store blodp\u00f8ler i byen. Objektene har senere forsvunnet fra bildene.  Foto: Airbus DS 2025\/Yale\" class=\"_image_qp4xg_65 layout-component layout-normal\" data-fullscreen- data-track-element-type=\"Article image fullscreen\" data-track-name=\"ImageFullscreen\" decoding=\"async\" loading=\"lazy\" height=\"604\" itemprop=\"image\"  src=\"https:\/\/www.europesays.com\/no\/wp-content\/uploads\/2025\/12\/3751f0b5-a720-4301-b5c8-229de5c34cbb\"  style=\"object-position:0% 0%\" width=\"806\"\/>Yale Humanitarian Research Lab bruker satellittbilder til \u00e5 identifisere det som ligner p\u00e5 menneskekropper og store blodp\u00f8ler i byen. Objektene har senere forsvunnet fra bildene.  Foto: Airbus DS 2025\/Yale<\/p>\n<p class=\"_paragraph_o9xde_4 _paragraph_xtcu6_10 layout-component text-serif-m layout-normal text-serif-m layout-padded\">De har observert RSF begrave og brenne det som ligner p\u00e5 menneskekropper helt siden de tok kontroll over byen for to m\u00e5neder siden, og det p\u00e5g\u00e5r fremdeles. <\/p>\n<p class=\"_paragraph_o9xde_4 _paragraph_xtcu6_10 layout-component text-serif-m layout-normal text-serif-m layout-padded\"><strong class=\"_strong_o9xde_25\">De ser ikke lenger sivil aktivitet.<\/strong><\/p>\n<p class=\"_paragraph_o9xde_4 _paragraph_xtcu6_10 layout-component text-serif-m layout-normal text-serif-m layout-padded\">\u2013 Vi ser helt intakt gress, som tyder p\u00e5 at ingen beveger seg rundt. Det er ingen dyr. Det er ingen aktivitet ved vannpunktene, bortsett fra RSF. Det er ingen sivile kj\u00f8ret\u00f8y, ingen eselkjerrer. Det er ingen folkemengder i gatene. Gresset vokser fritt. Det er fordi det ikke er noen folk der, sier Raymond i HRL.<\/p>\n<p class=\"_paragraph_o9xde_4 _paragraph_xtcu6_10 layout-component text-serif-m layout-normal text-serif-m layout-padded\">Han sammenligner det RSF gj\u00f8r, ikke bare i El Fasher, men over hele Sudan, med folkemordet i Rwanda. <\/p>\n<p><img decoding=\"async\" alt=\"Bilde av Nathaniel Raymond\" class=\"_image_ygndg_42\" height=\"40\" itemprop=\"image\" loading=\"lazy\"  src=\"https:\/\/www.europesays.com\/no\/wp-content\/uploads\/2025\/12\/c68ba3cb-5b0b-4fa1-b4fe-63ab4d631af4\"  width=\"40\"\/><strong class=\"_name_ygndg_51 title-serif-xs\">Nathaniel Raymond<\/strong><\/p>\n<p class=\"_paragraph_o9xde_4 text-sans-m _description_ygndg_56\">direkt\u00f8r ved Yale Humanitarian Research Lab (HRL)<\/p>\n<p class=\"_paragraph_o9xde_4 _paragraph_xtcu6_10 layout-component text-serif-m layout-normal text-serif-m layout-padded\">Trolig er det fremdeles folk inne i byen som gjemmer seg, sier han, og sier at det haster \u00e5 gj\u00f8re noe. <\/p>\n<p class=\"_paragraph_o9xde_4 _paragraph_xtcu6_10 layout-component text-serif-m layout-normal text-serif-m layout-padded\">Den humanit\u00e6re situasjonen var allerede katastrofal da RSF inntok El Fasher. RSF isolerte byen  i mai 2024, og innf\u00f8rte en blokade p\u00e5 mat og medisiner. I sommer <a href=\"https:\/\/news.un.org\/en\/story\/2025\/08\/1165731\" class=\"_link_o9xde_39\" rel=\"nofollow noopener\" target=\"_blank\">meldte FN<\/a> at minst 63 personer d\u00f8de av underern\u00e6ring i byen i l\u00f8pet av \u00e9n uke.<\/p>\n<p class=\"_paragraph_o9xde_4 _paragraph_xtcu6_10 layout-component text-serif-m layout-normal text-serif-m layout-padded\"><strong class=\"_strong_o9xde_25\">\u2013 Det du ser er etnisk rensing. Det forklarer denne sykelige konflikten, sier Soliman.<\/strong><\/p>\n<p class=\"_paragraph_o9xde_4 _paragraph_xtcu6_10 layout-component text-serif-m layout-normal text-serif-m layout-padded\">RSF springer ut av den brutale Janjaweed-militsen, som ble finansiert av den sudanske regjeringen for \u00e5 sl\u00e5 ned p\u00e5 et ikke-arabisk oppr\u00f8r i Darfur-regionen p\u00e5 starten av 2000-tallet. <\/p>\n<p class=\"_paragraph_o9xde_4 _paragraph_xtcu6_10 layout-component text-serif-m layout-normal text-serif-m layout-padded\">Flere hundretusen sudanere ble drept i l\u00f8pet av f\u00e5 \u00e5r.<\/p>\n<p class=\"_paragraph_o9xde_4 _paragraph_xtcu6_10 layout-component text-serif-m layout-normal text-serif-m layout-padded\">\u2013 20 \u00e5r med etnisk konflikt har f\u00f8rt til dette hatet, drepingen og den brutaliteten vi ser n\u00e5, sier Soliman.<\/p>\n<p>Seksuell vold som v\u00e5pen i krig<\/p>\n<ul class=\"_list_o9xde_3 _list_xtcu6_9 _list_16v91_9 _unordered_o9xde_106 layout-component text-serif-m layout-normal text-sans-m layout-padded\">\n<li class=\"_item_o9xde_30\">FN sier at seksuell vold som v\u00e5pen brukes i \u00abet svimlende omfang\u00bb i Sudan.<\/li>\n<li class=\"_item_o9xde_30\">S\u00e6rlig RSF-soldatene bruker voldtekt som v\u00e5pen og som krigsstrategi. <\/li>\n<li class=\"_item_o9xde_30\">Overgrep sprer terror, tvinger folk p\u00e5 flukt og t\u00f8mmer omr\u00e5der for befolkning.<\/li>\n<li class=\"_item_o9xde_30\">De bryter ned lokalsamfunn, og \u00f8delegger mennesker og familier psykologisk. Slik blir det ogs\u00e5 enklere \u00e5 ta over et landomr\u00e5de, if\u00f8lge eksperter.<\/li>\n<li class=\"_item_o9xde_30\">Kvinner, menn og barn kan utsettes, selv om kvinner og jenter rammes oftest.<\/li>\n<li class=\"_item_o9xde_30\">Det er grunn til \u00e5 tro at RSF har beg\u00e5tt alvorlige krigsforbrytelser og forbrytelser mot menneskeheten, sl\u00e5r en FN-rapport fast.<\/li>\n<li class=\"_item_o9xde_30\">Overgrepene har s\u00e6rlig rammet kvinner og jenter i omr\u00e5der kontrollert av RSF.<\/li>\n<\/ul>\n<p>Vis mer<\/p>\n<p class=\"_paragraph_o9xde_4 _paragraph_xtcu6_10 layout-component text-serif-m layout-normal text-serif-m layout-padded\">Borgerkrigen mellom regjeringsh\u00e6ren og RSF har p\u00e5g\u00e5tt siden april 2023, og handler om <a href=\"https:\/\/www.vg.no\/nyheter\/i\/QMndb8\/sudan-ekspert-rsf-faar-vaapenstoette-av-emiratene\" data-track-element-type=\"Link\" data-track-id=\"link:QMndb8\" class=\"_link_o9xde_39\" rel=\"nofollow noopener\" target=\"_blank\">gull, makt og naturressurser<\/a>, men den er ogs\u00e5 dypt etnisk motivert.<\/p>\n<p class=\"_paragraph_o9xde_4 _paragraph_xtcu6_10 layout-component text-serif-m layout-normal text-serif-m layout-padded\">\u2013 RSF-soldatene er stort sett sudanere. De er fra s\u00e5kalte baggara nomadiske arabiske stammesamfunn, som blant annet holder til i Darfur. I tillegg har RSF rekruttert militser og leiesoldater fra andre land, blant annet fra Sahel-beltet, i bytte mot makt og penger, sier Soliman.<\/p>\n<p class=\"_paragraph_o9xde_4 _paragraph_xtcu6_10 layout-component text-serif-m layout-normal text-serif-m layout-padded\">Han skildrer soldatene som for det meste unge menn som er villig til \u00e5 utf\u00f8re grove forbrytelser ut av egeninteresse.<\/p>\n<p><img alt=\"14.000 sudanere har kommet over grensen til Tsjad etter at RSF tok kontroll over El Fasher 26. oktober.\" class=\"_image_qp4xg_65 layout-component layout-normal\" data-fullscreen- data-track-element-type=\"Article image fullscreen\" data-track-name=\"ImageFullscreen\" decoding=\"async\" loading=\"lazy\" height=\"2533\" itemprop=\"image\"  src=\"https:\/\/www.europesays.com\/no\/wp-content\/uploads\/2025\/12\/6c938c35-5205-4f9e-a7a1-776cbbdc3f13\"  style=\"object-position:0% 0%\" width=\"3376\"\/>14.000 sudanere har kommet over grensen til Tsjad etter at RSF tok kontroll over El Fasher 26. oktober.<\/p>\n<p class=\"_paragraph_o9xde_4 _paragraph_xtcu6_10 layout-component text-serif-m layout-normal text-serif-m layout-padded\">Etter hvert skal Nour og Israa flyttes til de mer permanente flyktningleirene litt lenger inn i landet. Her bor det fremdeles flyktninger som kom for over 20 \u00e5r siden.<\/p>\n<p class=\"_paragraph_o9xde_4 _paragraph_xtcu6_10 layout-component text-serif-m layout-normal text-serif-m layout-padded\">N\u00e5 ser de fremover: Nour \u00f8nsker \u00e5 finne seg jobb, Israa vil utdanne seg.<\/p>\n<p>Slik jobber VG med frilansere<\/p>\n<p class=\"_paragraph_o9xde_4 _paragraph_xtcu6_10 _paragraph_16v91_10 layout-component text-serif-m layout-normal text-sans-m layout-padded\">Denne reportasjen er laget av en frilansjournalist. VG samarbeider med frilansere i enkelte reportasjer, de kan bidra med alt fra unders\u00f8kende arbeid og reportasjer fra bestemte geografiske omr\u00e5der til foto, video og annen journalistisk virksomhet. Selv om frilanserne ikke er fast ansatte, jobber de etter VGs redaksjonelle retningslinjer og etiske regler, og stoffet deres redigeres av redaksjonen f\u00f8r publisering.<\/p>\n<p>Vis mer<\/p>\n<p class=\"_paragraph_o9xde_4 _paragraph_xtcu6_10 layout-component text-serif-m layout-normal text-serif-m layout-padded\">Begge to sliter med \u00e5 sove, og sier at minnene kommer tilbake n\u00e5r det blir m\u00f8rkt. Nour sier at det er gjennom samtaler med andre kvinner at hun greier \u00e5 holde hum\u00f8ret oppe. <\/p>\n<p class=\"_paragraph_o9xde_4 _paragraph_xtcu6_10 layout-component text-serif-m layout-normal text-serif-m layout-padded\">For 17-\u00e5ringen har dans v\u00e6rt redningen. <\/p>\n<p class=\"_paragraph_o9xde_4 _paragraph_xtcu6_10 layout-component text-serif-m layout-normal text-serif-m layout-padded\"><strong class=\"_strong_o9xde_25\">\u2013 Det er kun n\u00e5r jeg danser at jeg ikke tenker p\u00e5 det som skjedde, sier hun.<\/strong><\/p>\n<p>Les ogs\u00e5<br \/>\n    <img decoding=\"async\" alt=\"Tips oss illustrasjon\" src=\"https:\/\/www.europesays.com\/no\/wp-content\/uploads\/2025\/10\/pssst-small.webp.webp\"\/>    <\/p>\n<p class=\"title-serif-s\">Har du tips?<\/p>\n<p class=\"text-sans-m\">Send oss informasjon, bilder eller video.<\/p>\n<p>  <a href=\"https:\/\/www.vg.no\/tips-oss\" rel=\"nofollow noopener\" target=\"_blank\"> Tips oss <\/a>      <\/p>\n","protected":false},"excerpt":{"rendered":"\u2013 Jeg pr\u00f8ver \u00e5 glemme meg selv. Jeg pr\u00f8ver \u00e5 ikke tenke p\u00e5 alt som har skjedd. Det&hellip;\n","protected":false},"author":2,"featured_media":119888,"comment_status":"","ping_status":"","sticky":false,"template":"","format":"standard","meta":{"footnotes":""},"categories":[12],"tags":[20,21,24,25,15,394,474,22,23,13,30,28,29,14,16,3918,26,27,412,42,43,44,45],"class_list":{"0":"post-119887","1":"post","2":"type-post","3":"status-publish","4":"format-standard","5":"has-post-thumbnail","7":"category-verden","8":"tag-breaking-news","9":"tag-breakingnews","10":"tag-featured-news","11":"tag-featurednews","12":"tag-headlines","13":"tag-konflikt","14":"tag-krig","15":"tag-latest-news","16":"tag-latestnews","17":"tag-news","18":"tag-no","19":"tag-norge","20":"tag-norway","21":"tag-nyheter","22":"tag-overskrifter","23":"tag-sudan","24":"tag-top-stories","25":"tag-topstories","26":"tag-utenriks","27":"tag-verden","28":"tag-world","29":"tag-world-news","30":"tag-worldnews"},"share_on_mastodon":{"url":"https:\/\/pubeurope.com\/@no\/115765076081544322","error":""},"_links":{"self":[{"href":"https:\/\/www.europesays.com\/no\/wp-json\/wp\/v2\/posts\/119887","targetHints":{"allow":["GET"]}}],"collection":[{"href":"https:\/\/www.europesays.com\/no\/wp-json\/wp\/v2\/posts"}],"about":[{"href":"https:\/\/www.europesays.com\/no\/wp-json\/wp\/v2\/types\/post"}],"author":[{"embeddable":true,"href":"https:\/\/www.europesays.com\/no\/wp-json\/wp\/v2\/users\/2"}],"replies":[{"embeddable":true,"href":"https:\/\/www.europesays.com\/no\/wp-json\/wp\/v2\/comments?post=119887"}],"version-history":[{"count":0,"href":"https:\/\/www.europesays.com\/no\/wp-json\/wp\/v2\/posts\/119887\/revisions"}],"wp:featuredmedia":[{"embeddable":true,"href":"https:\/\/www.europesays.com\/no\/wp-json\/wp\/v2\/media\/119888"}],"wp:attachment":[{"href":"https:\/\/www.europesays.com\/no\/wp-json\/wp\/v2\/media?parent=119887"}],"wp:term":[{"taxonomy":"category","embeddable":true,"href":"https:\/\/www.europesays.com\/no\/wp-json\/wp\/v2\/categories?post=119887"},{"taxonomy":"post_tag","embeddable":true,"href":"https:\/\/www.europesays.com\/no\/wp-json\/wp\/v2\/tags?post=119887"}],"curies":[{"name":"wp","href":"https:\/\/api.w.org\/{rel}","templated":true}]}}