{"id":119894,"date":"2025-12-22T20:27:14","date_gmt":"2025-12-22T20:27:14","guid":{"rendered":"https:\/\/www.europesays.com\/no\/119894\/"},"modified":"2025-12-22T20:27:14","modified_gmt":"2025-12-22T20:27:14","slug":"dode-etter-trafikkulykke-romerikes-blad","status":"publish","type":"post","link":"https:\/\/www.europesays.com\/no\/119894\/","title":{"rendered":"D\u00f8de etter trafikkulykke &#8211; Romerikes Blad"},"content":{"rendered":"<ol>\n<li><a href=\"https:\/\/news.google.com\/rss\/articles\/CBMiY0FVX3lxTE1ic0VWS1JHT2oxVHBDZjBJcE5EVDM2SVNUOWFxX3dlR1NyTGt4bm5LWUxUZTJLbl9reDZjMS1lMzY1bVVvckhCWkVuVWNOMEVvS1lULUFlOVNQR2NDTUtCMmpnaw?oc=5\" target=\"_blank\" rel=\"nofollow noopener\">D\u00f8de etter trafikkulykke<\/a>&nbsp;&nbsp;Romerikes Blad<\/li>\n<li><a href=\"https:\/\/news.google.com\/rss\/articles\/CBMidkFVX3lxTE9uTXpCVTZVYXlCYUgzT2VoLTJnMW5Xei1jQXFRSWNpc1d2OWZDdGFTWEY2Mmd5Q0doRjF6Vzl4THhmYnBVNG4zVWZxZnhFdV80SWduQXBWVlpZRTZ6SUNxOWJCbkRGRFVrTDYyb0RQRUhTZExwd0E?oc=5\" target=\"_blank\" rel=\"nofollow noopener\">Ulykke i Eidsvoll: \u2013 Front mot front<\/a>&nbsp;&nbsp;Eidsvoll Ullensaker Blad<\/li>\n<li><a href=\"https:\/\/news.google.com\/rss\/articles\/CBMibkFVX3lxTE1NUDFkZklGWW9Ick02MzBiMm5EWjlDN1l4Nl9Db2lfaWtKTUJMUHJHUnF3RVlQTG9NbGhmTDY0NDFjVFZTN3BScGtJeTQxZkMzTDI1TFFYOENlaV94YmlGRWNTcTRxNjdPX0JjTC1B?oc=5\" target=\"_blank\" rel=\"nofollow noopener\">N\u00c5: Mann d\u00f8de etter m\u00f8teulykke<\/a>&nbsp;&nbsp;Sol.no samler de viktigste nyhetene for deg!<\/li>\n<li><a href=\"https:\/\/news.google.com\/rss\/articles\/CBMimAFBVV95cUxNZnI2aGFmZ2Y1MkFTYkhpYUJXdXZVWUlPd1daZTdWZk9hTDhRZUY5cVU4Q2hTM0hoYVlXQmxQenNoOVF5ZTVnaHpzUDZmVW5INFJqOEN3WEZ6YnZ1b3JBVXdNZi1lRWZCVFhIMExQVUFGb09ESENKdDljOHFtYnVNT2o0MmFRTTlYeDJ3T3lDY2lOMHpwLUZsdQ?oc=5\" target=\"_blank\" rel=\"nofollow noopener\">En person kritisk skadet i trafikkulykke i Eidsvoll<\/a>&nbsp;&nbsp;Aftenposten<\/li>\n<li><a href=\"https:\/\/news.google.com\/rss\/articles\/CBMijAFBVV95cUxQYlVucVhLdlE0VDJuVlVxOWpkUGNCUzVndTA0N3pjdDlSY0FLcWJEbzVidkhPdlI1dXFaWnZZbFUxU0h3NE54eE1oTWdMTUlqcElSNU56UjBsY0RDak0zT1BySGxWakJ1RDJXZVhyVm40dmFfUUk3TC1VOEhlOWQ5bmxCZ1lPLU5XcWl0Ng?oc=5\" target=\"_blank\" rel=\"nofollow noopener\">Dagens viktigste nyheter s\u00e5 langt<\/a>&nbsp;&nbsp;adressa.no<\/li>\n<\/ol>\n","protected":false},"excerpt":{"rendered":"D\u00f8de etter trafikkulykke&nbsp;&nbsp;Romerikes Blad Ulykke i Eidsvoll: \u2013 Front mot front&nbsp;&nbsp;Eidsvoll Ullensaker Blad N\u00c5: Mann d\u00f8de etter m\u00f8teulykke&nbsp;&nbsp;Sol.no&hellip;\n","protected":false},"author":2,"featured_media":119895,"comment_status":"","ping_status":"","sticky":false,"template":"","format":"standard","meta":{"footnotes":""},"categories":[12],"tags":[20,21,24,25,15,22,23,13,30,28,29,14,16,26,27,42,43,44,45],"class_list":{"0":"post-119894","1":"post","2":"type-post","3":"status-publish","4":"format-standard","5":"has-post-thumbnail","7":"category-verden","8":"tag-breaking-news","9":"tag-breakingnews","10":"tag-featured-news","11":"tag-featurednews","12":"tag-headlines","13":"tag-latest-news","14":"tag-latestnews","15":"tag-news","16":"tag-no","17":"tag-norge","18":"tag-norway","19":"tag-nyheter","20":"tag-overskrifter","21":"tag-top-stories","22":"tag-topstories","23":"tag-verden","24":"tag-world","25":"tag-world-news","26":"tag-worldnews"},"share_on_mastodon":{"url":"https:\/\/pubeurope.com\/@no\/115765106727949913","error":""},"_links":{"self":[{"href":"https:\/\/www.europesays.com\/no\/wp-json\/wp\/v2\/posts\/119894","targetHints":{"allow":["GET"]}}],"collection":[{"href":"https:\/\/www.europesays.com\/no\/wp-json\/wp\/v2\/posts"}],"about":[{"href":"https:\/\/www.europesays.com\/no\/wp-json\/wp\/v2\/types\/post"}],"author":[{"embeddable":true,"href":"https:\/\/www.europesays.com\/no\/wp-json\/wp\/v2\/users\/2"}],"replies":[{"embeddable":true,"href":"https:\/\/www.europesays.com\/no\/wp-json\/wp\/v2\/comments?post=119894"}],"version-history":[{"count":0,"href":"https:\/\/www.europesays.com\/no\/wp-json\/wp\/v2\/posts\/119894\/revisions"}],"wp:featuredmedia":[{"embeddable":true,"href":"https:\/\/www.europesays.com\/no\/wp-json\/wp\/v2\/media\/119895"}],"wp:attachment":[{"href":"https:\/\/www.europesays.com\/no\/wp-json\/wp\/v2\/media?parent=119894"}],"wp:term":[{"taxonomy":"category","embeddable":true,"href":"https:\/\/www.europesays.com\/no\/wp-json\/wp\/v2\/categories?post=119894"},{"taxonomy":"post_tag","embeddable":true,"href":"https:\/\/www.europesays.com\/no\/wp-json\/wp\/v2\/tags?post=119894"}],"curies":[{"name":"wp","href":"https:\/\/api.w.org\/{rel}","templated":true}]}}