{"id":119898,"date":"2025-12-22T20:32:17","date_gmt":"2025-12-22T20:32:17","guid":{"rendered":"https:\/\/www.europesays.com\/no\/119898\/"},"modified":"2025-12-22T20:32:17","modified_gmt":"2025-12-22T20:32:17","slug":"kultur-mosjoen-avsluttet-jubileumsaret-med-hoytidsstemt-konsert-fantastisk-a-hore-denne-musikken-i-kirka-var","status":"publish","type":"post","link":"https:\/\/www.europesays.com\/no\/119898\/","title":{"rendered":"Kultur, Mosj\u00f8en | Avsluttet jubileums\u00e5ret med h\u00f8ytidsstemt konsert: \u2013 Fantastisk \u00e5 h\u00f8re denne musikken i kirka v\u00e5r"},"content":{"rendered":"\n<p>Publikum fikk en helt spesiell musikalsk opplevelse og en magisk stund i kirka. P\u00e5 programmet sto to ulike stykker fra Paris; Marc-Antoine Charpentiers \u00abMesse for Julenatt fra 1694\u00bb og Camille Saint-Sa\u00ebns \u00abJuleoratorium fra 1858\u00bb.<\/p>\n<p>\u2013 Hva kan passe bedre for kulturbyen Mosj\u00f8en enn \u00e5 avslutte jubileums\u00e5ret med musikk fra en annen kulturby &#8211; Paris, innledet \u00d8ivind Mikalsen som hadde den musikalske ledelsen sammen med \u00d8ystein J\u00e6ger.<\/p>\n<p>Det f\u00f8rste verket, \u00abMesse for julenatt\u00bb, er karakterisert som et av de mest sjarmerende og unike verkene fra den franske barokken. Det er en beskrivelse som passer godt for framf\u00f8relsen i kirka. Det ble en mektig opplevelse. Et stjernelag av solister fra VocalArt \u2013 sopranene Una Krist\u00edn Sagatun Kristj\u00e1nsd\u00f3ttir og Ingeborg Dalheim, mezzosopran Siv Oda Hagerupsen, tenor Kristian Krokslett og bass Jacob Abel \u2013 l\u00f8ftet opplevelsen.<\/p>\n<p>   <img decoding=\"async\" width=\"5379\" height=\"3579\" fetchpriority=\"low\"  loading=\"lazy\"  src=\"https:\/\/www.europesays.com\/no\/wp-content\/uploads\/2025\/12\/JCN_6431.jpg\" alt=\"\" class=\"brick-c-cFOWSL\" style=\"--brick-image-ratio: 5379 \/ 3579;\"\/><\/p>\n<p>      SOLISTER: Siv Oda Hagerupsen, Kristian Krokslett og Jacob Abel var tre av sangsolistene.<br \/>\n      Foto: John Christian Nygaard\n    <\/p>\n<p>  H\u00f8ytid<\/p>\n<p>Da det andre verket, \u00abJuleoratorium fra 1858\u00bb, startet, hadde \u00d8ivind Mikalsen tatt plass bak kirkeorgelet. Da var ogs\u00e5 de yngste sangerne i Bod\u00f8 Domkirkes guttekor med.<\/p>\n<p>Om Saint-Sa\u00ebns&#8217; verk heter det at selv om han personlig var agnostiker, klarte han \u00e5 fange en stemning av ro, inderlighet og h\u00f8ytid. Musikerne formidlet alle disse f\u00f8lelsene, og publikummerne satt igjen med en varm og god f\u00f8lelse av at n\u00e5 kan jula komme.<\/p>\n<p>    Vil du se neste video?<\/p>\n<p>    <a href=\"https:\/\/www.helg.no\/se-video-musikklinjas-jul\/v\/5-24-1124955\" class=\"recommend-poster\" data-adp-clicklabel=\"video-recommend\" data-adp-clickvalue=\"poster\" rel=\"nofollow noopener\" target=\"_blank\"><br \/>\n      <img decoding=\"async\" width=\"200\" height=\"200\" loading=\"lazy\" src=\"https:\/\/www.europesays.com\/no\/wp-content\/uploads\/2025\/12\/v-i-82120cb9-565a-45c7-b07f-78516e7a51e2-1.jpg\" alt=\"\" class=\"brick-c-cFOWSL\" style=\"--brick-image-ratio: 200 \/ 200;\"\/><\/p>\n<p>Se video: Musikklinjas jul2:13<\/p>\n<p>    <\/a><\/p>\n<p>En av sangerne som kunne puste lettet ut etter konserten var Nikoline Korsvold Solvang. Med sine 16 \u00e5r er hun den yngste i kammerkoret. Konserten i Dolstad kirke var ogs\u00e5 hennes f\u00f8rste med koret.<\/p>\n<p>\u2013 Det var en veldig artig opplevelse, men jeg har v\u00e6rt syk og gjorde mitt beste for ikke \u00e5 hoste.<\/p>\n<p>\u2013 Frister det \u00e5 synge flere klassiske verk?<\/p>\n<p>\u2013 Ja, jeg syns det er s\u00e5 artige melodilinjer. Og s\u00e5 er det fine folk i koret.<\/p>\n<p>Samarbeid gjennom hele \u00e5ret<\/p>\n<p>Marit Thrana, prosjektleder i Helgeland Event og jubileumssjef, var full av begeistring etter endt konsert.<\/p>\n<p>   <img decoding=\"async\" width=\"4032\" height=\"3024\" fetchpriority=\"low\"  loading=\"lazy\"  src=\"https:\/\/www.europesays.com\/no\/wp-content\/uploads\/2025\/12\/IMG_4491.JPG\" alt=\"\" class=\"brick-c-cFOWSL\" style=\"--brick-image-ratio: 4032 \/ 3024;\"\/><\/p>\n<p>      SISTE TAKKETALE: Marit Thrana takket av dirigentene \u00d8ystein J\u00e6ger og \u00d8ivind Mikalsen.<br \/>\n      Foto: Marit Almendingen\n    <\/p>\n<p>\u2013 For ei avslutning p\u00e5 jubileums\u00e5ret v\u00e5rt! Det er fantastisk at vi n\u00e5 har bes\u00f8k fra Bod\u00f8 og tilreisende solister fra n\u00e6rmest hele landet. Det passer veldig bra \u00e5 avslutte p\u00e5 denne m\u00e5ten. I tillegg har vi tatt inn julestemning utenfra, og jeg tror vi n\u00e5 alle kan kjenne p\u00e5 julefreden, sa jubileumssjefen.<\/p>\n<p>Hun roste ogs\u00e5 samarbeidet med kirka.<\/p>\n<p>\u2013 Det har v\u00e6rt et tett og godt samarbeid gjennom hele \u00e5ret. Vi ser for oss at dette kan fortsette, sa Thrana mens akt\u00f8rene fikk velfortjent takk og blomster.<\/p>\n<p>N\u00e5 skal hun selv ta en pust i bakken f\u00f8r jubileums\u00e5ret oppsummeres.<\/p>\n<p>\u2013 Noe skal videref\u00f8res. Det er blant annet planer for Villa T\u00f8rrissen. Men hvilken form arbeidet skal ta m\u00e5 avklares.<\/p>\n<p>\u2013 Er du klar for jula n\u00e5 da?<\/p>\n<p>\u2013 Jeg sitter igjen med en veldig god f\u00f8lelse etter konserten. Det var fantastisk \u00e5 h\u00f8re denne musikken, med norsk tekst, i kirka v\u00e5r \u2013 et bygg med s\u00e5 mye historie. Julef\u00f8lelsen er definitivt p\u00e5 plass. Selv har jeg bakt noen rundstykker og kokt p\u00e6rer, s\u00e5 det blir helt sikkert jul i \u00e5r ogs\u00e5.<\/p>\n<p>   <img decoding=\"async\" width=\"6048\" height=\"4024\" fetchpriority=\"low\"  loading=\"lazy\"  src=\"https:\/\/www.europesays.com\/no\/wp-content\/uploads\/2025\/12\/JCN_6428-2.jpg\" alt=\"\" class=\"brick-c-cFOWSL\" style=\"--brick-image-ratio: 6048 \/ 4024;\"\/><\/p>\n<p>      FULLSATT KIRKE: Folk m\u00f8tte opp for \u00e5 f\u00e5 med seg avslutningskonserten av byjubileet .<br \/>\n      Foto: John Christian Nygaard\n    <\/p>\n<p>            Finalekonsert i Dolstad kirke<\/p>\n<p>Dolstad kammerkor, Bod\u00f8 domkirkes guttekor, Helgeland Sinfonietta og solister fra VocalArt; sopranen Una Krist\u00edn Sagatun Kristj\u00e1nsd\u00f3ttir, sopranen Ingeborg Dalheim, mezzosopranen Siv Oda Hagerupsen, tenor Kristian Krokslett og bass Jacob Abel. <\/p>\n<p>Musikalsk ledelse: \u00d8ivind Mikalsen og \u00d8ystein J\u00e6ger.<\/p>\n<p>Konserten i Mosj\u00f8en var i Dolstad kirke s\u00f8ndag. Mandag 22. desember har de samme musikerne konsert i Bod\u00f8 Domkirke. <\/p>\n","protected":false},"excerpt":{"rendered":"Publikum fikk en helt spesiell musikalsk opplevelse og en magisk stund i kirka. P\u00e5 programmet sto to ulike&hellip;\n","protected":false},"author":2,"featured_media":119899,"comment_status":"","ping_status":"","sticky":false,"template":"","format":"standard","meta":{"footnotes":""},"categories":[58],"tags":[36,10621,71,410,1068,4148,30,28,29,1510,72],"class_list":{"0":"post-119898","1":"post","2":"type-post","3":"status-publish","4":"format-standard","5":"has-post-thumbnail","7":"category-underholdning","8":"tag-art","9":"tag-dolstad-kirke","10":"tag-entertainment","11":"tag-kultur","12":"tag-mosjoen","13":"tag-mosjoen-mussere-150","14":"tag-no","15":"tag-norge","16":"tag-norway","17":"tag-story","18":"tag-underholdning"},"share_on_mastodon":{"url":"https:\/\/pubeurope.com\/@no\/115765126588156819","error":""},"_links":{"self":[{"href":"https:\/\/www.europesays.com\/no\/wp-json\/wp\/v2\/posts\/119898","targetHints":{"allow":["GET"]}}],"collection":[{"href":"https:\/\/www.europesays.com\/no\/wp-json\/wp\/v2\/posts"}],"about":[{"href":"https:\/\/www.europesays.com\/no\/wp-json\/wp\/v2\/types\/post"}],"author":[{"embeddable":true,"href":"https:\/\/www.europesays.com\/no\/wp-json\/wp\/v2\/users\/2"}],"replies":[{"embeddable":true,"href":"https:\/\/www.europesays.com\/no\/wp-json\/wp\/v2\/comments?post=119898"}],"version-history":[{"count":0,"href":"https:\/\/www.europesays.com\/no\/wp-json\/wp\/v2\/posts\/119898\/revisions"}],"wp:featuredmedia":[{"embeddable":true,"href":"https:\/\/www.europesays.com\/no\/wp-json\/wp\/v2\/media\/119899"}],"wp:attachment":[{"href":"https:\/\/www.europesays.com\/no\/wp-json\/wp\/v2\/media?parent=119898"}],"wp:term":[{"taxonomy":"category","embeddable":true,"href":"https:\/\/www.europesays.com\/no\/wp-json\/wp\/v2\/categories?post=119898"},{"taxonomy":"post_tag","embeddable":true,"href":"https:\/\/www.europesays.com\/no\/wp-json\/wp\/v2\/tags?post=119898"}],"curies":[{"name":"wp","href":"https:\/\/api.w.org\/{rel}","templated":true}]}}