{"id":119900,"date":"2025-12-22T20:35:15","date_gmt":"2025-12-22T20:35:15","guid":{"rendered":"https:\/\/www.europesays.com\/no\/119900\/"},"modified":"2025-12-22T20:35:15","modified_gmt":"2025-12-22T20:35:15","slug":"66-tilsette-sagt-opp-ved-kobenhavns-universitet","status":"publish","type":"post","link":"https:\/\/www.europesays.com\/no\/119900\/","title":{"rendered":"66 tilsette sagt opp ved K\u00f8benhavns universitet"},"content":{"rendered":"<p class=\"kicker t14 tm15 align-left mobile_text_align_align-left\" style=\"\">Danmark<\/p>\n<p>    Totalt 124 personar sluttar ved K\u00f8benhavns universitet etter ein stor nedbemanningsrunde. Halvparten av dei har ikkje slutta frivillig.<\/p>\n<p>        Niels Bohr-bygget er stort og moderne. Og dyrt. I tillegg til dette bygget gir det nye naturhistoriske museet ogs\u00e5 \u00f8konomisk hovudbry for K\u00f8benhavns universitet.<br \/>\n        Foto: Wikimedia\/Orf3us (<a href=\"https:\/\/creativecommons.org\/licenses\/by-sa\/4.0\/legalcode\" rel=\"nofollow noopener\" target=\"_blank\">CC BY-SA 4.0<\/a>)<\/p>\n<p>I slutten av november <a href=\"https:\/\/www.khrono.no\/hundre-ma-ga-etter-milliardsmell-for-skandalebygg\/1018239\" rel=\"nofollow noopener\" target=\"_blank\">skreiv Khrono<\/a> at hundre personar m\u00e5tte g\u00e5 ved K\u00f8benhavns universitet.<\/p>\n<p>Den gongen ville ikkje<a href=\"https:\/\/uniavisen.dk\/nu-rammer-fyringerne-bliv-klogere-paa-de-massive-besparelser-paa-science\/\" rel=\"nofollow noopener\" target=\"_blank\"> tillitsvald Nynne Christensen <\/a>seia konkret kor mange som var sagt opp, men ho stadfesta overfor Uniavisen at det totalt sett var snakk om at Det Natur- og Biovidenskabelige Fakultet (SCIENCE) ved universitetet hadde mista meir enn hundre medarbeidarar.<\/p>\n<p>\u2014 Det var ein hard dag, det var ein lang dag. Det er vanskeleg \u00e5 seia ha det til kollegaer som har gjort ein god jobb, sa ho til avisa.<\/p>\n<p class=\"font-weight-bold m-font-weight-bold\" data-lab-font_weight=\"font-weight-bold\">Ein knapp m\u00e5nad seinare viser <a href=\"https:\/\/uniavisen.dk\/science-mister-124-medarbejdere-nu-advarer-flere-om-konsekvenser-for-baade-forskning-og-uddannelse\/\" rel=\"nofollow noopener\" target=\"_blank\">Uniavisen<\/a> til ei melding p\u00e5 intranettet ved universitetet. Der kjem det fram at 66 tilsette har vorte sagt opp.<\/p>\n<p>        <a itemprop=\"url\" class=\"\" href=\"https:\/\/www.khrono.no\/den-dummeste-dyreste-og-mest-skadelige-reformen-noensinne\/1007149\" data-k5a-url=\"https:\/\/www.khrono.no\/a\/1007149\" rel=\"nofollow noopener\" target=\"_blank\"><\/p>\n<p>Danmark<\/p>\n<p>            \u00abDen dummeste, dyreste og mest skadelige reformen noensinne\u00bb<\/p>\n<p>        <\/a><\/p>\n<p>Sluttpakkar og senioravtalar<\/p>\n<p>Av desse 66 er 39 vitskapeleg tilsette og 27 teknisk-administrativt tilsette. I tillegg har 26 personar f\u00e5tt sluttpakke, og det er inng\u00e5tt 32 senioravtalar.<\/p>\n<p>Totalt sett vert dette 124 medarbeidarar.<\/p>\n<p>\u2014 Nokre er rett nok deltidstilsette. Men det er \u00f2g ein del vakante stillingar, og ein tek i mindre grad inn eksterne undervisarar S\u00e5 det samla tapet kan reelt vera st\u00f8rre, seier Christensen til Uniavisen.<\/p>\n<p>        <a itemprop=\"url\" class=\"\" href=\"https:\/\/www.khrono.no\/dansk-forskningsfond-dropper-panelene-til-fordel-for-eksterne-fagfeller\/1013631\" data-k5a-url=\"https:\/\/www.khrono.no\/a\/1013631\" rel=\"nofollow noopener\" target=\"_blank\"><\/p>\n<p>Forskningsmidler<\/p>\n<p>            Dansk forskningsfond dropper panelene til fordel for eksterne fagfeller<\/p>\n<p>        <\/a><\/p>\n<p>150 millionar meir i husleige<\/p>\n<p>Bakteppet for den kraftige nedbemanninga er \u00f8konomi. Niels Bohr Bygningen vart sju \u00e5r forseinka og tre milliardar danske kroner dyrare enn planlagt. I 2023 kunne SCIENCE til slutt flytta inn. Byggesaka har vore mykje omtala i danske medium.<\/p>\n<p>Sommaren 2024 skreiv <a href=\"https:\/\/kobenhavnliv.dk\/byudvikling\/skandale-byggeri-blev-3-milliarder-dyrere-end-forventet-nu-afsloerer-ny-rapport-helt-ekstraordinaere-problemer\" rel=\"nofollow noopener\" target=\"_blank\">K\u00f8benhavnLIV<\/a> om ein rapport fr\u00e5 det danske Vejdiektoratet: Prosjektet var underbudsjettert fr\u00e5 starten av, og det at det vart delt opp i mange mindre enterpriser f\u00f8rste til b\u00e5de koordinerings- og prosjekterings\u00adfeil. \u00c5ret f\u00f8r skreiv <a href=\"https:\/\/www.information.dk\/indland\/2023\/05\/kommer-vand-gennem-facaden-paa-staerkt-forsinkede-niels-bohr-bygning\" rel=\"nofollow noopener\" target=\"_blank\">Information<\/a> at det trengde vatn inn gjennom fasaden. Den f\u00f8rste delen av bygget vart teke i bruk i 2019 \u2014 tre \u00e5r etter at heile bygget skulle vore ferdig. Men i kontordelen kom det alts\u00e5 inn vatn, og det vart funne teikn til muggsopp.<\/p>\n<p>Sidan sj\u00f8lve bygningen, som er eigd av staten, vart s\u00e5 mykje dyrare, aukar husleiga som K\u00f8benhavns universitet skal betala. Den er 150 millionar danske kroner dyrare enn budsjettert. Fakultetet var klar over at husleiga kom til \u00e5 auka noko, og sette av pengar.<\/p>\n<p>        <a itemprop=\"url\" class=\"\" href=\"https:\/\/www.khrono.no\/de-tekniske-fagene-tar-over-universitetene-mens-humaniora-er-i-fritt-fall\/1002229\" data-k5a-url=\"https:\/\/www.khrono.no\/a\/1002229\" rel=\"nofollow noopener\" target=\"_blank\"><\/p>\n<p>\nDanmark\n<\/p>\n<p>            De tekniske fagene tar over universitetene, mens humaniora er i fritt fall<\/p>\n<p>        <\/a><\/p>\n<p>Men s\u00e5 skjedde det ikkje s\u00e5 mykje med bygget.<\/p>\n<p>\u2014 Det er jo ikkje meininga at ein ved eit universitet skal spara pengar og vera formuande. Midlane me har, skal brukast p\u00e5 forsking og utdanning. S\u00e5 me gjekk i gang med \u00e5 bruka av dei oppsparte midlane, noko som resulterte i at me i nokre \u00e5r hadde eit overforbruk, har SCIENCE-dekan Bi Jellesmark Thorsen tidlegare sagt til <a href=\"https:\/\/uniavisen.dk\/science-staar-med-milliardbygninger-og-millionunderskud-fyringer-kan-ikke-udelukkes\/\" rel=\"nofollow noopener\" target=\"_blank\">Uniavisen<\/a>.<\/p>\n<p>Det som har skjedd, har vorte kritisert. Mellom anna skreiv Brian Arly Jacobsen, som er f\u00f8rsteamanuensis i religionsvitskap ved K\u00f8benhavn universitet og leiar i fagforeininga DM Universitet, i danske <a href=\"https:\/\/dm.dk\/forskerforum\/debat\/naar-staten-loeber-fra-regningen-og-lader-forskningen-betale\/\" rel=\"nofollow noopener\" target=\"_blank\">Forskerforum<\/a>:<\/p>\n<p>\u2014 Ved SCIENCE skal det seiast opp forskarar og undervisarar. Ikkje p\u00e5 grunn av manglande kvalitet, nedgang i s\u00f8kjartal eller l\u00e5gare l\u00f8yvingar, men fordi staten og departementa har laga ein modell der universitetet som leigetakar og brukar skal dekka dei ekstraordin\u00e6re utgiftene ved \u00e5 driva eit bygg som staten sj\u00f8lv eig og har feila i oppf\u00f8ringa av.<\/p>\n","protected":false},"excerpt":{"rendered":"Danmark Totalt 124 personar sluttar ved K\u00f8benhavns universitet etter ein stor nedbemanningsrunde. Halvparten av dei har ikkje slutta&hellip;\n","protected":false},"author":2,"featured_media":98884,"comment_status":"","ping_status":"","sticky":false,"template":"","format":"standard","meta":{"footnotes":""},"categories":[12],"tags":[20,21,24,25,15,22,23,13,30,28,29,14,16,26,27,42,43,44,45],"class_list":{"0":"post-119900","1":"post","2":"type-post","3":"status-publish","4":"format-standard","5":"has-post-thumbnail","7":"category-verden","8":"tag-breaking-news","9":"tag-breakingnews","10":"tag-featured-news","11":"tag-featurednews","12":"tag-headlines","13":"tag-latest-news","14":"tag-latestnews","15":"tag-news","16":"tag-no","17":"tag-norge","18":"tag-norway","19":"tag-nyheter","20":"tag-overskrifter","21":"tag-top-stories","22":"tag-topstories","23":"tag-verden","24":"tag-world","25":"tag-world-news","26":"tag-worldnews"},"share_on_mastodon":{"url":"https:\/\/pubeurope.com\/@no\/115765138263054832","error":""},"_links":{"self":[{"href":"https:\/\/www.europesays.com\/no\/wp-json\/wp\/v2\/posts\/119900","targetHints":{"allow":["GET"]}}],"collection":[{"href":"https:\/\/www.europesays.com\/no\/wp-json\/wp\/v2\/posts"}],"about":[{"href":"https:\/\/www.europesays.com\/no\/wp-json\/wp\/v2\/types\/post"}],"author":[{"embeddable":true,"href":"https:\/\/www.europesays.com\/no\/wp-json\/wp\/v2\/users\/2"}],"replies":[{"embeddable":true,"href":"https:\/\/www.europesays.com\/no\/wp-json\/wp\/v2\/comments?post=119900"}],"version-history":[{"count":0,"href":"https:\/\/www.europesays.com\/no\/wp-json\/wp\/v2\/posts\/119900\/revisions"}],"wp:featuredmedia":[{"embeddable":true,"href":"https:\/\/www.europesays.com\/no\/wp-json\/wp\/v2\/media\/98884"}],"wp:attachment":[{"href":"https:\/\/www.europesays.com\/no\/wp-json\/wp\/v2\/media?parent=119900"}],"wp:term":[{"taxonomy":"category","embeddable":true,"href":"https:\/\/www.europesays.com\/no\/wp-json\/wp\/v2\/categories?post=119900"},{"taxonomy":"post_tag","embeddable":true,"href":"https:\/\/www.europesays.com\/no\/wp-json\/wp\/v2\/tags?post=119900"}],"curies":[{"name":"wp","href":"https:\/\/api.w.org\/{rel}","templated":true}]}}