{"id":119905,"date":"2025-12-22T20:42:12","date_gmt":"2025-12-22T20:42:12","guid":{"rendered":"https:\/\/www.europesays.com\/no\/119905\/"},"modified":"2025-12-22T20:42:12","modified_gmt":"2025-12-22T20:42:12","slug":"raser-kan-spise-dritt","status":"publish","type":"post","link":"https:\/\/www.europesays.com\/no\/119905\/","title":{"rendered":"Raser: &#8211; Kan spise dritt"},"content":{"rendered":"<p>  USAs visepresident JD Vance (41) er ikke n\u00e5dig med\u00a0den antisemittiske h\u00f8yreekstremisten Nicholas Fuentes etter kommentarer om kona Usha.<\/p>\n<p>\n    REAGERER: Visepresident JD Vance og kona Usha Vance. Foto: Alex WROBLEWSKI \/ POOL \/ AFP \/ NTB\n  <\/p>\n<p>USAs visepresident gikk i et ferskt intervju til kraftig angrep p\u00e5 flere som de siste m\u00e5nedene offentlig har angrepet kona hans, Usha Vance (39).<\/p>\n<p>39-\u00e5ringen er USAs f\u00f8rste indisk-amerikanske andrekvinne.\u00a0<\/p>\n<p>Den ytre h\u00f8yre-aktivisten Nicholas Fuentes skal gjentatte ganger ha komme med flere rasistiske skjellsord mot Vance-paret, som giftet seg tilbake i 2014 og har tre barn sammen.\u00a0<\/p>\n<p>&#8211; Hva slags mann gifter seg med noen som heter Usha? Det er \u00e5penbart at han ikke verdsetter sin rasemessige identitet, sin arv, sa Fuentes den gangen, gjengitt av <a href=\"https:\/\/www.rollingstone.com\/politics\/politics-news\/vance-defends-trump-nick-fuentes-dinner-1235077931\/\" rel=\"nofollow noopener\" target=\"_blank\">Rolling Stone<\/a>.<\/p>\n<p>    <a itemprop=\"url\" href=\"https:\/\/www.dagbladet.no\/nyheter\/trumps-katastrofe-konge-danmark-skjelver\/84018741\" rel=\"nofollow noopener\" target=\"_blank\"><\/p>\n<p>        <img loading=\"lazy\" decoding=\"async\" src=\"https:\/\/www.europesays.com\/no\/wp-content\/uploads\/2025\/12\/84018930.webp\" width=\"147\" height=\"98\" title=\"Trumps \u00abkatastrofe-konge\u00bb: Danmark skjelver\" alt=\"\" class=\"lazyload\" style=\"--aspect-ratio-image: 1.50; \"\/><\/p>\n<p>        Trumps \u00abkatastrofe-konge\u00bb: Danmark skjelver<\/p>\n<p>    <\/a><\/p>\n<p>Fuentes skal ogs\u00e5 ha kalt visepresidenten en \u00abfeit rasemikser\u00bb og en \u00abraseforr\u00e6der\u00bb, skriver <a href=\"https:\/\/www.thedailybeast.com\/jd-vance-loses-it-over-racist-attacks-on-wife-eat-st\/\" rel=\"nofollow noopener\" target=\"_blank\">The Daily Beast<\/a>.\u00a0<\/p>\n<p class=\"font-weight-bold m-font-weight-bold\" data-lab-font_weight=\"font-weight-bold\">&#8211;\u00a0La meg v\u00e6re tydelig. Alle som angriper kona mi, enten de heter Jen Psaki eller Nick Fuentes, kan spise dritt. Det er min offisielle politikk som USAs visepresident, sier JD Vance i et intervju med <a href=\"https:\/\/unherd.com\/2025\/12\/jd-vance-nick-fuentes-can-eat-shit\/\" rel=\"nofollow noopener\" target=\"_blank\">Unherd<\/a>.\u00a0<\/p>\n<p class=\"font-weight-bold m-font-weight-bold\" data-lab-font_weight=\"font-weight-bold\">Psaki, som leder programmet The Briefing p\u00e5 MS NOW og tidligere var pressesekret\u00e6r for president Joe Biden, uttalte seg om Vance og kona i oktober p\u00e5 den popul\u00e6re podkasten \u00abI\u2019ve Had It\u00bb.<\/p>\n<p class=\"font-weight-normal m-font-weight-normal\" data-lab-font_weight=\"font-weight-normal\">&#8211; Jeg lurer alltid p\u00e5 hva som foreg\u00e5r i hodet p\u00e5 kona hans, sa Psaki, f\u00f8r hun antydet at Usha Vance kunne trenge hjelp til \u00e5 komme seg ut av ekteskapet.\u00a0<\/p>\n<p class=\"font-weight-normal m-font-weight-normal\" data-lab-font_weight=\"font-weight-normal\">&#8211; Er du OK? V\u00e6r s\u00e5 snill, blink fire ganger. Kom hit, vi skal redde deg.<\/p>\n<p>        <img loading=\"lazy\" decoding=\"async\" src=\"https:\/\/www.europesays.com\/no\/wp-content\/uploads\/2025\/12\/84021632.webp\" width=\"667\" height=\"381\" title=\"GIFT I ELLEVE \u00c5R: Visepresident JD Vance og kona Usha giftet seg i 2014. Foto: AP Photo \/ Paul Sancya \/ NTB\" alt=\"\" class=\"\" style=\"--aspect-ratio-image: 1.75; \"\/><\/p>\n<p>\n        GIFT I ELLEVE \u00c5R: Visepresident JD Vance og kona Usha giftet seg i 2014. Foto: AP Photo \/ Paul Sancya \/ NTB\n    <\/p>\n<p>&#8211; V\u00e6rt skikkelige drittsekker\t<\/p>\n<p>I intervjuet med Unherd ble Vance videre utfordret p\u00e5 hatytringene han har m\u00f8tt siden han gikk inn i politikken.<\/p>\n<p>Den siste perioden skal Fuentes ha v\u00e6rt blant de verste, men Vance klarte \u00e5 holde seg litt i skinnet presset p\u00e5 hans hyppige bruk av rasistiske skjellsord.\u00a0<\/p>\n<p>&#8211;\u00a0Er Nick Fuentes virkelig problemet i dette landet? Han er en podkaster. Han har en dedikert gruppe unge fans, og noen av dem har v\u00e6rt skikkelig drittsekker mot venner og familie av meg. Irriterer det meg? Selvf\u00f8lgelig. Men la oss beholde perspektivet, forklarte visepresidenten.\u00a0<\/p>\n<p>        SPEKULERER: Ryktene svirrer rundt forholdet til JD Vance og kona Usha Vance etter at hun ble observert uten giftering. Reporter: Karolina Rusov-Hansen. Video: X. <\/p>\n<p>Visepresidentens uttalelser kommer samtidig som MAGA-bevegelsen har blitt rystet av splittelser knyttet til Fuentes og hans antisemittiske retorikk.<\/p>\n<p>Sprekkene i bevegelsen var s\u00e6rlig tydelige under helgens Turning Point USA-arrangement i Phoenix.\u00a0<\/p>\n<p>        <img loading=\"lazy\" decoding=\"async\" src=\"https:\/\/www.europesays.com\/no\/wp-content\/uploads\/2025\/12\/84021612.webp\" width=\"980\" height=\"559\" title=\"TALTE: Visepresident JD Vance under helgas Turning Point-arrangement i Phoenix. Foto: Caylo Seals \/ Getty Images \/ AFP \/ NTB\" alt=\"\" class=\"\" style=\"--aspect-ratio-image: 1.75; \"\/><\/p>\n<p>\n        TALTE: Visepresident JD Vance under helgas Turning Point-arrangement i Phoenix. Foto: Caylo Seals \/ Getty Images \/ AFP \/ NTB\n    <\/p>\n<p class=\"font-weight-bold m-font-weight-bold\" data-lab-font_weight=\"font-weight-bold\">Den konservative medieprofilen Ben Shapiro gjentok sin kritikk av den h\u00f8yreorienterte talkshow-verten Tucker Carlson for \u00e5 gi Fuentes en plattform, og anklaget Carlson for \u00aben handling av moralsk svik\u00bb, skriver <a href=\"https:\/\/thehill.com\/homenews\/administration\/5659553-vance-says-fuentes-psaki-can-eat-s-for-attacking-second-lady\/\" rel=\"nofollow noopener\" target=\"_blank\">The Hill<\/a>.\u00a0<\/p>\n<p>Carlson slo seinere tilbake mot kritikken under konferansen og kalte den \u00abford\u00f8mmelse og deplattformering\u00bb.<\/p>\n<p>Da JD Vance talte s\u00f8ndag, pr\u00f8vde han \u00e5 framst\u00e5 mer samlende.<\/p>\n<p>&#8211;\u00a0N\u00e5r jeg sier at jeg skal kjempe sammen med dere, mener jeg alle &#8211; hver eneste en av dere, uttalte visepresidenten fra talerstolen.<\/p>\n<p>Kontroversielle meninger\t<\/p>\n<p>Nicholas Fuentes har tidligere blitt utestengt fra flere sosiale plattformer for sine synspunkter, blant annet har han ytret st\u00f8tte til Adolf Hitler og p\u00e5stander om at j\u00f8der styrer landet.<\/p>\n<p>Fuentes\u00a0har flere ganger ogs\u00e5 nektet for at holocaust har funnet sted, han har flere ganger tidligere oppfordret til \u00e5 sende milit\u00e6re styrker inn i bydeler med svarte, og han har forlangt at j\u00f8der m\u00e5 forlate landet.<\/p>\n<p>        <img loading=\"lazy\" decoding=\"async\" src=\"https:\/\/www.europesays.com\/no\/wp-content\/uploads\/2025\/12\/84021594.webp\" width=\"980\" height=\"559\" title=\"KRITISERES: Nicholas Fuentes har ofte kommet med krass kritikk mot visepresident JD Vance og andrekvinne Usha Vance. Foto: Nicole Hester \/ AP News \/ NTB\" alt=\"\" class=\"\" style=\"--aspect-ratio-image: 1.75; \"\/><\/p>\n<p>\n        KRITISERES: Nicholas Fuentes har ofte kommet med krass kritikk mot visepresident JD Vance og andrekvinne Usha Vance. Foto: Nicole Hester \/ AP News \/ NTB\n    <\/p>\n<p>Fuentes\u00a0var lenge Trump-supporter, men i et intervju med\u00a0<a href=\"https:\/\/www.nytimes.com\/2025\/09\/09\/us\/politics\/nick-fuentes-trump.html?searchResultPosition=7\" target=\"_blank\" rel=\"nofollow noopener\">The New York Times<\/a>\u00a0i h\u00f8st ga han klart uttrykk for det motsatte:<\/p>\n<p>&#8211; Da jeg var ten\u00e5ring, trodde jeg Trump var en C\u00e6sar-liknende figur som ville redde den vestlige sivilisasjonen. N\u00e5 anser jeg ham som inkompetent, korrupt og kompromittert, sa\u00a0Fuentes.<\/p>\n","protected":false},"excerpt":{"rendered":"USAs visepresident JD Vance (41) er ikke n\u00e5dig med\u00a0den antisemittiske h\u00f8yreekstremisten Nicholas Fuentes etter kommentarer om kona Usha.&hellip;\n","protected":false},"author":2,"featured_media":119906,"comment_status":"","ping_status":"","sticky":false,"template":"","format":"standard","meta":{"footnotes":""},"categories":[12],"tags":[20,21,24,25,15,2537,22,23,13,30,28,29,14,16,26,27,50,12278,412,42,43,44,45],"class_list":{"0":"post-119905","1":"post","2":"type-post","3":"status-publish","4":"format-standard","5":"has-post-thumbnail","7":"category-verden","8":"tag-breaking-news","9":"tag-breakingnews","10":"tag-featured-news","11":"tag-featurednews","12":"tag-headlines","13":"tag-jd-vance","14":"tag-latest-news","15":"tag-latestnews","16":"tag-news","17":"tag-no","18":"tag-norge","19":"tag-norway","20":"tag-nyheter","21":"tag-overskrifter","22":"tag-top-stories","23":"tag-topstories","24":"tag-usa","25":"tag-usha-vance","26":"tag-utenriks","27":"tag-verden","28":"tag-world","29":"tag-world-news","30":"tag-worldnews"},"share_on_mastodon":{"url":"https:\/\/pubeurope.com\/@no\/115765166311407572","error":""},"_links":{"self":[{"href":"https:\/\/www.europesays.com\/no\/wp-json\/wp\/v2\/posts\/119905","targetHints":{"allow":["GET"]}}],"collection":[{"href":"https:\/\/www.europesays.com\/no\/wp-json\/wp\/v2\/posts"}],"about":[{"href":"https:\/\/www.europesays.com\/no\/wp-json\/wp\/v2\/types\/post"}],"author":[{"embeddable":true,"href":"https:\/\/www.europesays.com\/no\/wp-json\/wp\/v2\/users\/2"}],"replies":[{"embeddable":true,"href":"https:\/\/www.europesays.com\/no\/wp-json\/wp\/v2\/comments?post=119905"}],"version-history":[{"count":0,"href":"https:\/\/www.europesays.com\/no\/wp-json\/wp\/v2\/posts\/119905\/revisions"}],"wp:featuredmedia":[{"embeddable":true,"href":"https:\/\/www.europesays.com\/no\/wp-json\/wp\/v2\/media\/119906"}],"wp:attachment":[{"href":"https:\/\/www.europesays.com\/no\/wp-json\/wp\/v2\/media?parent=119905"}],"wp:term":[{"taxonomy":"category","embeddable":true,"href":"https:\/\/www.europesays.com\/no\/wp-json\/wp\/v2\/categories?post=119905"},{"taxonomy":"post_tag","embeddable":true,"href":"https:\/\/www.europesays.com\/no\/wp-json\/wp\/v2\/tags?post=119905"}],"curies":[{"name":"wp","href":"https:\/\/api.w.org\/{rel}","templated":true}]}}