{"id":119909,"date":"2025-12-22T20:49:15","date_gmt":"2025-12-22T20:49:15","guid":{"rendered":"https:\/\/www.europesays.com\/no\/119909\/"},"modified":"2025-12-22T20:49:15","modified_gmt":"2025-12-22T20:49:15","slug":"mediene-har-vist-sine-sanne-farger","status":"publish","type":"post","link":"https:\/\/www.europesays.com\/no\/119909\/","title":{"rendered":"\u2013 Mediene har vist sine sanne farger"},"content":{"rendered":"<p><strong>F\u00f8derale p\u00e5talemyndigheter i USA varsler at en omfattende svindelsak i Minnesota kan koste skattebetalerne opptil 9 milliarder dollar. Samtidig blir lokale medier anklaget for \u00e5 ha sviktet sin rolle som vaktbikkje.<\/strong><\/p>\n<p>Under en pressekonferanse i forrige uke sa f\u00f8derale aktorer at omfanget av svindelen kan v\u00e6re langt st\u00f8rre enn tidligere antatt. Saken har p\u00e5g\u00e5tt i flere \u00e5r og gjelder misbruk av offentlige midler, blant annet knyttet til sosiale st\u00f8tteordninger.<\/p>\n<p>Kritikere mener svindelen fikk utvikle seg fordi ledende medier i delstaten ikke holdt politikere og myndigheter tilstrekkelig ansvarlige. Spesielt rettes kritikken mot Minnesota Star Tribune, delstatens st\u00f8rste avis, som anklages for \u00e5 ha tonet ned b\u00e5de omfanget av svindelen og politisk ansvar.<\/p>\n<p>\u2013 I redaksjonene f\u00e5r de h\u00f8re at de ikke kan publisere saker fordi de risikerer \u00e5 bli kalt rasistiske, sier kommentator Dustin Grage til<a href=\"https:\/\/www.foxnews.com\/politics\/media-complicity-blamed-as-feds-say-minnesota-fraud-crisis-could-reach-9b-shown-their-true-colors\" rel=\"nofollow noopener\" target=\"_blank\"> Fox News.<\/a> Han mener frykten for reaksjoner har bidratt til manglende dekning.<\/p>\n<p>Republikansk kongressrepresentant Tom Emmer g\u00e5r enda lenger og hevder at avisen har opptr\u00e5dt politisk ensidig. Han mener b\u00e5de delstatsmyndigheter og mediene har ansvar for at svindelen ikke ble stanset tidligere.<\/p>\n<p>\u2013 De har vist sine sanne farger gjennom sin beklagelige dekning av den massive svindelen i delstaten min, sier Emmer.<\/p>\n<p>Star Tribune avviser kritikken. Avisen viser til at den har publisert hundrevis av saker om svindelen, sendt en rekke innsynsbegj\u00e6ringer og avsl\u00f8rt alvorlige svakheter i statlig kontroll, ogs\u00e5 under guvern\u00f8r Tim Walz\u2019 administrasjon.<\/p>\n<p>Striden illustrerer en dyp politisk konflikt rundt b\u00e5de svindelsaken og medienes rolle. Mens kritikere hevder lokalpressen har v\u00e6rt medskyldig gjennom taushet eller bagatellisering, mener avisen selv at den har v\u00e6rt ledende i \u00e5 avdekke en av de st\u00f8rste offentlige svindelsakene i delstatens historie.<\/p>\n","protected":false},"excerpt":{"rendered":"F\u00f8derale p\u00e5talemyndigheter i USA varsler at en omfattende svindelsak i Minnesota kan koste skattebetalerne opptil 9 milliarder dollar.&hellip;\n","protected":false},"author":2,"featured_media":107842,"comment_status":"","ping_status":"","sticky":false,"template":"","format":"standard","meta":{"footnotes":""},"categories":[12],"tags":[20,21,24,25,15,22,23,14313,2119,13,30,28,29,14,16,6270,3556,26,27,13732,42,43,44,45],"class_list":{"0":"post-119909","1":"post","2":"type-post","3":"status-publish","4":"format-standard","5":"has-post-thumbnail","7":"category-verden","8":"tag-breaking-news","9":"tag-breakingnews","10":"tag-featured-news","11":"tag-featurednews","12":"tag-headlines","13":"tag-latest-news","14":"tag-latestnews","15":"tag-minneapolis","16":"tag-minnesota","17":"tag-news","18":"tag-no","19":"tag-norge","20":"tag-norway","21":"tag-nyheter","22":"tag-overskrifter","23":"tag-somalia","24":"tag-tim-walz","25":"tag-top-stories","26":"tag-topstories","27":"tag-velferdssvindel","28":"tag-verden","29":"tag-world","30":"tag-world-news","31":"tag-worldnews"},"share_on_mastodon":{"url":"https:\/\/pubeurope.com\/@no\/115765193355437762","error":""},"_links":{"self":[{"href":"https:\/\/www.europesays.com\/no\/wp-json\/wp\/v2\/posts\/119909","targetHints":{"allow":["GET"]}}],"collection":[{"href":"https:\/\/www.europesays.com\/no\/wp-json\/wp\/v2\/posts"}],"about":[{"href":"https:\/\/www.europesays.com\/no\/wp-json\/wp\/v2\/types\/post"}],"author":[{"embeddable":true,"href":"https:\/\/www.europesays.com\/no\/wp-json\/wp\/v2\/users\/2"}],"replies":[{"embeddable":true,"href":"https:\/\/www.europesays.com\/no\/wp-json\/wp\/v2\/comments?post=119909"}],"version-history":[{"count":0,"href":"https:\/\/www.europesays.com\/no\/wp-json\/wp\/v2\/posts\/119909\/revisions"}],"wp:featuredmedia":[{"embeddable":true,"href":"https:\/\/www.europesays.com\/no\/wp-json\/wp\/v2\/media\/107842"}],"wp:attachment":[{"href":"https:\/\/www.europesays.com\/no\/wp-json\/wp\/v2\/media?parent=119909"}],"wp:term":[{"taxonomy":"category","embeddable":true,"href":"https:\/\/www.europesays.com\/no\/wp-json\/wp\/v2\/categories?post=119909"},{"taxonomy":"post_tag","embeddable":true,"href":"https:\/\/www.europesays.com\/no\/wp-json\/wp\/v2\/tags?post=119909"}],"curies":[{"name":"wp","href":"https:\/\/api.w.org\/{rel}","templated":true}]}}