{"id":119916,"date":"2025-12-22T20:56:22","date_gmt":"2025-12-22T20:56:22","guid":{"rendered":"https:\/\/www.europesays.com\/no\/119916\/"},"modified":"2025-12-22T20:56:22","modified_gmt":"2025-12-22T20:56:22","slug":"ida-fladen-gjor-comeback-i-spartsklubben","status":"publish","type":"post","link":"https:\/\/www.europesays.com\/no\/119916\/","title":{"rendered":"Ida Fladen gj\u00f8r comeback i \u00abSp\u00e5rtsklubben\u00bb"},"content":{"rendered":"<p>    \u2013 Jeg har savnet denne jobben, og de andre veldig mye, sier Ida Fladen.<\/p>\n<p>\n        Ida Fladen skal v\u00e6re med i \u00abSp\u00e5rtsklubben\u00bb p\u00e5 l\u00f8rdager til neste \u00e5r. Disse episodene blir utgitt p\u00e5 Podme.<br \/>\n        Kristoffer Kumar\n    <\/p>\n<p class=\"italic m-italic\" data-lab-italic=\"italic\"><a href=\"https:\/\/www.kampanje.com\/medier\/ida-fladen-gjor-comeback-i-spartsklubben\/969240\" target=\"_blank\" rel=\"nofollow noopener\">Denne saken<\/a> ble f\u00f8rst publisert hos <a href=\"https:\/\/www.kampanje.com\/\" target=\"_blank\" rel=\"nofollow noopener\">Kampanje<\/a>.<\/p>\n<p>Ida Fladen har tidligere v\u00e6rt \u00e5pen om at helseutfordringer har gjort at hun har m\u00e5ttet trekke seg tilbake. N\u00e5 er hun tilbake i VGTV-podkasten \u00abSp\u00e5rtsklubben\u00bb.<\/p>\n<p>\u2013 Det f\u00f8les d\u00f8dsbra. Jeg har gledet meg skikkelig, og dette er ekstremt etterlengtet. Jeg har savnet denne jobben, og de andre veldig mye. Jeg har sett frem mot den dagen jeg har kunnet komme tilbake igjen, s\u00e5 dette er en veldig god f\u00f8lelse, sier hun i en pressemelding.<\/p>\n<p>Hun blir tatt godt imot av resten av gjengen, som best\u00e5r av Mads Hansen, Erik Follestad, Helene Olafsen og Jon Martin Henriksen.<\/p>\n<p>\u2013 Det er veldig hyggelig \u00e5 ha med Ida igjen. Vi har savnet henne. Er det en som t\u00f8r \u00e5 gi oss litt motstand, s\u00e5 er det Ida Fladen, s\u00e5 dette blir helt perfekt, sier Henriksen.\u00a0<\/p>\n<p>I 2026 kommer \u00abSp\u00e5rtsklubben\u00bb til \u00e5 g\u00e5 fra to til tre ukentlige episoder. Den nye episoden gis ut p\u00e5 l\u00f8rdager hos Podme, og det er denne podkasten i f\u00f8rste omgang skal v\u00e6re med i.<\/p>\n<p>\u2013 Jeg skal v\u00e6re \u00e6rlig p\u00e5 at ting ikke er 100% enda n\u00e5r det gjelder helsa, selv om det er bedre enn det har v\u00e6rt. Men det er ikke en situasjon jeg har helt kontroll p\u00e5, s\u00e5 for meg handler det om \u00e5 v\u00e6re med p\u00e5 det jeg kan, og \u00e5 ta ting litt som det kommer. Og det f\u00f8les veldig bra.\u00a0<\/p>\n","protected":false},"excerpt":{"rendered":"\u2013 Jeg har savnet denne jobben, og de andre veldig mye, sier Ida Fladen. Ida Fladen skal v\u00e6re&hellip;\n","protected":false},"author":2,"featured_media":119917,"comment_status":"","ping_status":"","sticky":false,"template":"","format":"standard","meta":{"footnotes":""},"categories":[12],"tags":[20,21,24,25,15,22,23,13,30,28,29,14,16,26,27,42,43,44,45],"class_list":{"0":"post-119916","1":"post","2":"type-post","3":"status-publish","4":"format-standard","5":"has-post-thumbnail","7":"category-verden","8":"tag-breaking-news","9":"tag-breakingnews","10":"tag-featured-news","11":"tag-featurednews","12":"tag-headlines","13":"tag-latest-news","14":"tag-latestnews","15":"tag-news","16":"tag-no","17":"tag-norge","18":"tag-norway","19":"tag-nyheter","20":"tag-overskrifter","21":"tag-top-stories","22":"tag-topstories","23":"tag-verden","24":"tag-world","25":"tag-world-news","26":"tag-worldnews"},"share_on_mastodon":{"url":"https:\/\/pubeurope.com\/@no\/115765220716856346","error":""},"_links":{"self":[{"href":"https:\/\/www.europesays.com\/no\/wp-json\/wp\/v2\/posts\/119916","targetHints":{"allow":["GET"]}}],"collection":[{"href":"https:\/\/www.europesays.com\/no\/wp-json\/wp\/v2\/posts"}],"about":[{"href":"https:\/\/www.europesays.com\/no\/wp-json\/wp\/v2\/types\/post"}],"author":[{"embeddable":true,"href":"https:\/\/www.europesays.com\/no\/wp-json\/wp\/v2\/users\/2"}],"replies":[{"embeddable":true,"href":"https:\/\/www.europesays.com\/no\/wp-json\/wp\/v2\/comments?post=119916"}],"version-history":[{"count":0,"href":"https:\/\/www.europesays.com\/no\/wp-json\/wp\/v2\/posts\/119916\/revisions"}],"wp:featuredmedia":[{"embeddable":true,"href":"https:\/\/www.europesays.com\/no\/wp-json\/wp\/v2\/media\/119917"}],"wp:attachment":[{"href":"https:\/\/www.europesays.com\/no\/wp-json\/wp\/v2\/media?parent=119916"}],"wp:term":[{"taxonomy":"category","embeddable":true,"href":"https:\/\/www.europesays.com\/no\/wp-json\/wp\/v2\/categories?post=119916"},{"taxonomy":"post_tag","embeddable":true,"href":"https:\/\/www.europesays.com\/no\/wp-json\/wp\/v2\/tags?post=119916"}],"curies":[{"name":"wp","href":"https:\/\/api.w.org\/{rel}","templated":true}]}}