{"id":119920,"date":"2025-12-22T20:58:08","date_gmt":"2025-12-22T20:58:08","guid":{"rendered":"https:\/\/www.europesays.com\/no\/119920\/"},"modified":"2025-12-22T20:58:08","modified_gmt":"2025-12-22T20:58:08","slug":"manchester-city-manager-pep-guardiola-stiller-vektkrav-til-spillerne-i-julen","status":"publish","type":"post","link":"https:\/\/www.europesays.com\/no\/119920\/","title":{"rendered":"Manchester City-manager Pep Guardiola stiller vektkrav til spillerne i julen"},"content":{"rendered":"\n<p class=\"_lead_o9xde_2 _lead_xtcu6_50 layout-component text-serif-m layout-normal text-serif-l layout-component layout-wide layout-padded _wide_17hqh_1 layout-padded\">Hva skjer hvis Erling Braut Haaland og City-stjernene forsyner seg litt for godt i julen? Da blir det ikke kamp 3. juledag. <\/p>\n<p><img alt=\" Foto: Peter Cziborra \/ Reuters \/ NTB\" class=\"_image_qp4xg_65 layout-component layout-wide\" data-fullscreen- data-track-element-type=\"Article image fullscreen\" data-track-name=\"ImageFullscreen\" fetchpriority=\"high\" decoding=\"sync\" loading=\"eager\" height=\"1906\" itemprop=\"image\"  src=\"https:\/\/www.europesays.com\/no\/wp-content\/uploads\/2025\/12\/f47c8c2b-bae8-446b-8e7c-ac5d94300520\"  style=\"object-position:0% 0%\" width=\"2673\"\/> Foto: Peter Cziborra \/ Reuters \/ NTB<\/p>\n<ul aria-hidden=\"true\" class=\"_images_ntbth_112\">\n<li><a class=\"_link_ntbth_117\" href=\"https:\/\/www.vg.no\/forfatter\/sindre-espe\" style=\"z-index:1\" title=\"Sindre Espe\" rel=\"nofollow noopener\" target=\"_blank\"><img alt=\"Bilde av Sindre Espe\" class=\"_image_ntbth_93\" fetchpriority=\"low\" loading=\"lazy\" decoding=\"async\" itemprop=\"image\"  src=\"https:\/\/www.europesays.com\/no\/wp-content\/uploads\/2025\/12\/1766437088_949_5d41d29b-af5f-421d-80e6-42e6d80fe76e\"  width=\"480\"\/><\/a><\/li>\n<\/ul>\n<p> Oppdatert mandag 22. desember kl. 21:48    <\/p>\n<ul class=\"_list_o9xde_3 _list_64s2r_85 _unordered_o9xde_106 text-sans-m\">\n<li class=\"_item_o9xde_30\">Pep Guardiola har gitt Manchester City-spillerne tre dager fri i julen<\/li>\n<li class=\"_item_o9xde_30\">25. desember skal Guardiola sjekke vekten p\u00e5 spillerne for \u00e5 kontrollere at de ikke har lagt p\u00e5 seg for mye.<\/li>\n<li class=\"_item_o9xde_30\">Spillere som kommer tilbake med ekstra kilo, f\u00e5r ikke spille mot Nottingham Forest 27. desember.<\/li>\n<\/ul>\n<p>Vis mer <\/p>\n<p class=\"_paragraph_o9xde_4 _paragraph_xtcu6_10 layout-component text-serif-m layout-normal text-serif-m layout-padded\">Pep Guardiola har ikke tenkt \u00e5 la juleflesket sette sitt preg p\u00e5 Citys form. Han st\u00e5r klar med vekten n\u00e5r City-spillerne samles igjen f\u00f8rste juledag.<\/p>\n<p class=\"_paragraph_o9xde_4 _paragraph_xtcu6_10 layout-component text-serif-m layout-normal text-serif-m layout-padded\">De har f\u00e5tt tre dager fri denne uken \u2013 tid til \u00e5 kose seg med venner, familie og julemat. Men 25. desember m\u00e5 de m\u00f8te opp p\u00e5 treningsfeltet, der Guardiola forteller at han personlig skal sjekke om det har blitt litt for mye av godsakene i \u00abferien\u00bb. <\/p>\n<p class=\"_paragraph_o9xde_4 _paragraph_xtcu6_10 layout-component text-serif-m layout-normal text-serif-m layout-padded\">\u2013 Hver spiller ble veid p\u00e5 fredag. De kommer tilbake den 25., og jeg vil v\u00e6re der og kontrollere hvor mange kilo de har lagt p\u00e5 seg. De kan spise, men jeg vil kontrollere dem, sier Guardiola if\u00f8lge\u00a0<a href=\"https:\/\/www.manchestereveningnews.co.uk\/sport\/football\/football-news\/will-not-travel-pep-guardiola-33098501\" class=\"_link_o9xde_39\" rel=\"nofollow noopener\" target=\"_blank\">Manchester Evening News<\/a>.<\/p>\n<p class=\"_paragraph_o9xde_4 _paragraph_xtcu6_10 layout-component text-serif-m layout-normal text-serif-m layout-padded\">Og han er ikke til \u00e5 sp\u00f8ke med:<\/p>\n<p class=\"_paragraph_o9xde_4 _paragraph_xtcu6_10 layout-component text-serif-m layout-normal text-serif-m layout-padded\"><strong class=\"_strong_o9xde_25\">\u2013 Tenk deg en spiller som kommer tilbake med tre kilo mer. Han blir i Manchester. Han reiser ikke til Nottingham. Det er sikkert, fortsatte han.<\/strong><\/p>\n<p class=\"_paragraph_o9xde_4 _paragraph_xtcu6_10 layout-component text-serif-m layout-normal text-serif-m layout-padded\">City m\u00e5tte n\u00f8ye seg med 1\u20131 mot Everton 2. juledag i fjor. I \u00e5r venter Nottingham Forest borte 3. juledag. <\/p>\n<p class=\"_paragraph_o9xde_4 _paragraph_xtcu6_10 layout-component text-serif-m layout-normal text-serif-m layout-padded\">Dette er ikke f\u00f8rste gang Guardiola er ute med pekefingeren og badevekten. <\/p>\n<p class=\"_paragraph_o9xde_4 _paragraph_xtcu6_10 layout-component text-serif-m layout-normal text-serif-m layout-padded\">I 2022 gikk han <a href=\"https:\/\/www.vg.no\/sport\/i\/2B9vqB\/kalvin-phillips-utelatt-av-manchester-city-troppen-han-kom-tilbake-overvektig\" data-track-element-type=\"Link\" data-track-id=\"link:2B9vqB\" class=\"_link_o9xde_39\" rel=\"nofollow noopener\" target=\"_blank\">hardt ut mot Kalvin Phillips<\/a> etter at midtbanespilleren kom tilbake fra VM-pausen med litt flere kilo enn \u00f8nsket.<\/p>\n<p class=\"_paragraph_o9xde_4 _paragraph_xtcu6_10 layout-component text-serif-m layout-normal text-serif-m layout-padded\">Guardiola <a href=\"https:\/\/www.vg.no\/sport\/i\/3Ero3X\/pep-guardiola-beklager-vekt-kommentar\" data-track-element-type=\"Link\" data-track-id=\"link:3Ero3X\" class=\"_link_o9xde_39\" rel=\"nofollow noopener\" target=\"_blank\">beklaget<\/a> riktignok kommentaren \u2013 men denne julen virker han ikke like tilb\u00f8yelig til \u00e5 la julekiloene passere i stillhet.<\/p>\n","protected":false},"excerpt":{"rendered":"Hva skjer hvis Erling Braut Haaland og City-stjernene forsyner seg litt for godt i julen? Da blir det&hellip;\n","protected":false},"author":2,"featured_media":119921,"comment_status":"","ping_status":"","sticky":false,"template":"","format":"standard","meta":{"footnotes":""},"categories":[5],"tags":[20,21,24,25,15,19,22,23,17,18,671,13,30,28,29,14,16,2124,161,26,27],"class_list":{"0":"post-119920","1":"post","2":"type-post","3":"status-publish","4":"format-standard","5":"has-post-thumbnail","7":"category-overskrifter","8":"tag-breaking-news","9":"tag-breakingnews","10":"tag-featured-news","11":"tag-featurednews","12":"tag-headlines","13":"tag-hovedoppslag","14":"tag-latest-news","15":"tag-latestnews","16":"tag-main-news","17":"tag-mainnews","18":"tag-manchester-city","19":"tag-news","20":"tag-no","21":"tag-norge","22":"tag-norway","23":"tag-nyheter","24":"tag-overskrifter","25":"tag-pep-guardiola","26":"tag-premier-league","27":"tag-top-stories","28":"tag-topstories"},"share_on_mastodon":{"url":"https:\/\/pubeurope.com\/@no\/115765228743858248","error":""},"_links":{"self":[{"href":"https:\/\/www.europesays.com\/no\/wp-json\/wp\/v2\/posts\/119920","targetHints":{"allow":["GET"]}}],"collection":[{"href":"https:\/\/www.europesays.com\/no\/wp-json\/wp\/v2\/posts"}],"about":[{"href":"https:\/\/www.europesays.com\/no\/wp-json\/wp\/v2\/types\/post"}],"author":[{"embeddable":true,"href":"https:\/\/www.europesays.com\/no\/wp-json\/wp\/v2\/users\/2"}],"replies":[{"embeddable":true,"href":"https:\/\/www.europesays.com\/no\/wp-json\/wp\/v2\/comments?post=119920"}],"version-history":[{"count":0,"href":"https:\/\/www.europesays.com\/no\/wp-json\/wp\/v2\/posts\/119920\/revisions"}],"wp:featuredmedia":[{"embeddable":true,"href":"https:\/\/www.europesays.com\/no\/wp-json\/wp\/v2\/media\/119921"}],"wp:attachment":[{"href":"https:\/\/www.europesays.com\/no\/wp-json\/wp\/v2\/media?parent=119920"}],"wp:term":[{"taxonomy":"category","embeddable":true,"href":"https:\/\/www.europesays.com\/no\/wp-json\/wp\/v2\/categories?post=119920"},{"taxonomy":"post_tag","embeddable":true,"href":"https:\/\/www.europesays.com\/no\/wp-json\/wp\/v2\/tags?post=119920"}],"curies":[{"name":"wp","href":"https:\/\/api.w.org\/{rel}","templated":true}]}}