{"id":119943,"date":"2025-12-22T21:23:09","date_gmt":"2025-12-22T21:23:09","guid":{"rendered":"https:\/\/www.europesays.com\/no\/119943\/"},"modified":"2025-12-22T21:23:09","modified_gmt":"2025-12-22T21:23:09","slug":"torbjorn-heggem-og-bologna-tapte-supercup-finalen-slet-stort-mot-napolis-rasmus-hojlund","status":"publish","type":"post","link":"https:\/\/www.europesays.com\/no\/119943\/","title":{"rendered":"Torbj\u00f8rn Heggem og Bologna tapte supercup-finalen \u2013 slet stort mot Napolis Rasmus H\u00f8jlund"},"content":{"rendered":"\n<p class=\"_lead_o9xde_2 _lead_xtcu6_50 layout-component text-serif-m layout-normal text-serif-l layout-component layout-wide layout-padded _wide_17hqh_1 layout-padded\">Fra stopperposisjonen sin s\u00e5 han laget sitt knapt skape sjanser. Selv hadde landslagsspiller Torbj\u00f8rn Heggem (26) mer enn nok \u00e5 henge fingrene i.<\/p>\n<p><img alt=\"Bolognas Torbj\u00f8rn Heggem, her i l\u00f8psduell med Napolis Rasmus H\u00f8jlund i supercup-finalen i Saudi-Arabia mandag kveld. Foto: FAYEZ NURELDINE \/ AFP \/ NTB\" class=\"_image_qp4xg_65 layout-component layout-wide\" data-fullscreen- data-track-element-type=\"Article image fullscreen\" data-track-name=\"ImageFullscreen\" fetchpriority=\"high\" decoding=\"sync\" loading=\"eager\" height=\"5464\" itemprop=\"image\"  src=\"https:\/\/www.europesays.com\/no\/wp-content\/uploads\/2025\/12\/73f47bbd-7806-44d1-9f7d-ca998287c512\"  style=\"object-position:0% 0%\" width=\"8192\"\/>Bolognas Torbj\u00f8rn Heggem, her i l\u00f8psduell med Napolis Rasmus H\u00f8jlund i supercup-finalen i Saudi-Arabia mandag kveld. Foto: FAYEZ NURELDINE \/ AFP \/ NTB<\/p>\n<ul aria-hidden=\"true\" class=\"_images_ntbth_112\">\n<li><a class=\"_link_ntbth_117\" href=\"https:\/\/www.vg.no\/forfatter\/mikal-aaserud\" style=\"z-index:1\" title=\"Mikal Emil Aaserud\" rel=\"nofollow noopener\" target=\"_blank\"><img alt=\"Bilde av Mikal Emil Aaserud\" class=\"_image_ntbth_93\" fetchpriority=\"low\" loading=\"lazy\" decoding=\"async\" itemprop=\"image\"  src=\"https:\/\/www.europesays.com\/no\/wp-content\/uploads\/2025\/12\/1766438589_157_1f4bb18c-b7b1-46ba-9b49-79ae6afd7bbd\"  width=\"480\"\/><\/a><\/li>\n<\/ul>\n<p> Oppdatert mandag 22. desember kl. 22:11    <\/p>\n<ul class=\"_list_o9xde_3 _list_64s2r_85 _unordered_o9xde_106 text-sans-m\">\n<li class=\"_item_o9xde_30\">Torbj\u00f8rn Heggem og Bologna tapte supercup-finalen mot Napoli 2-0.<\/li>\n<li class=\"_item_o9xde_30\">Heggem hadde en vanskelig kamp, spesielt mot Napoli-spiss Rasmus H\u00f8jlund.<\/li>\n<\/ul>\n<p>Vis mer <\/p>\n<p class=\"_paragraph_o9xde_4 _paragraph_xtcu6_10 layout-component text-serif-m layout-normal text-serif-m layout-padded\">For det ble ingen stor kveld for Heggem og hans Bologna i supercup-finalensupercup-finalenDen italienske supercupen ble for noen \u00e5r tilbake utvidet til fire lag. Sist sesongs cupvinner (Bologna) m\u00f8tte andreplassen i ligaen (Inter) til \u00e9n semifinale. I den andre semifinalen m\u00f8ttes ligavinneren (Napoli) cuptaperen sist sesong (Milan). Bologna og Napoli vant hver sin kamp og m\u00f8ttes mandag til finale. mot regjerende ligamester Napoli.<\/p>\n<p class=\"_paragraph_o9xde_4 _paragraph_xtcu6_10 layout-component text-serif-m layout-normal text-serif-m layout-padded\">Det endte 2-0, men kunne like gjerne v\u00e6rt mer.<\/p>\n<p class=\"_paragraph_o9xde_4 _paragraph_xtcu6_10 layout-component text-serif-m layout-normal text-serif-m layout-padded\">\u2013 Dette begynner \u00e5 bli pinlig, sa VG+ Sport-kommentator Vegard Aulstad godt ut i den andre omgangen, da Bologna-forsvaret hadde gjort blemme p\u00e5 blemme og sluppet til en rekke sjanser etter pause.<\/p>\n<p class=\"_paragraph_o9xde_4 _paragraph_xtcu6_10 layout-component text-serif-m layout-normal text-serif-m layout-padded\">Heggem hadde ogs\u00e5 en tung dag p\u00e5 jobben for en dr\u00f8y uke siden:<\/p>\n<p class=\"_paragraph_o9xde_4 _paragraph_xtcu6_10 layout-component text-serif-m layout-normal text-serif-m layout-padded\">For Heggems del ble det en skikkelig test mot Napoli-spiss Rasmus H\u00f8jlund (22).<\/p>\n<p class=\"_paragraph_o9xde_4 _paragraph_xtcu6_10 layout-component text-serif-m layout-normal text-serif-m layout-padded\">Heggem har v\u00e6rt en bauta i det norske midtforsvaret i VM-kvalifiseringen i 2025, men hadde ordentlig tr\u00f8bbel med den danske spissen som er utl\u00e5nt fra Manchester United.<\/p>\n<p class=\"_paragraph_o9xde_4 _paragraph_xtcu6_10 layout-component text-serif-m layout-normal text-serif-m layout-padded\">Selv om det var Napoli-angriper David Neres scoret 1-0-m\u00e5let i det 39. minutt, var H\u00f8jlund en konstant plage for Bologna-forsvaret \u2013 og spesielt Heggem.<\/p>\n<p class=\"_paragraph_o9xde_4 _paragraph_xtcu6_10 layout-component text-serif-m layout-normal text-serif-m layout-padded\"><strong class=\"_strong_o9xde_25\">Les ogs\u00e5:<\/strong> <a href=\"https:\/\/www.vg.no\/sport\/i\/8qbVd2\/torbjoern-heggem-maaper-av-norges-verdensstjerner-det-er-ekstremt\" data-track-element-type=\"Link\" data-track-id=\"link:8qbVd2\" class=\"_link_o9xde_39\" rel=\"nofollow noopener\" target=\"_blank\">Om Heggems Italia-eventyr \u2013  m\u00e5per av stjernene<\/a><\/p>\n<p class=\"_paragraph_o9xde_4 _paragraph_xtcu6_10 layout-component text-serif-m layout-normal text-serif-m layout-padded\">Like f\u00f8r pause var de to skandinavene i \u00e9n av mange dueller i mandagens finale, der nordmannen rev ned dansken som bakerste mann.<\/p>\n<p class=\"_paragraph_o9xde_4 _paragraph_xtcu6_10 layout-component text-serif-m layout-normal text-serif-m layout-padded\">H\u00f8jlund gestikulerte mot dommeren for \u00e5 f\u00e5 Heggem utvist.<\/p>\n<p class=\"_paragraph_o9xde_4 _paragraph_xtcu6_10 layout-component text-serif-m layout-normal text-serif-m layout-padded\">Kamplederen n\u00f8yde seg med det gule kortet.<\/p>\n<p class=\"_paragraph_o9xde_4 _paragraph_xtcu6_10 layout-component text-serif-m layout-normal text-serif-m layout-padded\">\u2013 Han sliter med dansken i kveld. Dessverre \u2013 sett med norske \u00f8yne \u2013 er den skandinaviske duellen vunnet for mange ganger av H\u00f8jlund, sa kommentator Aulstad.<\/p>\n<p class=\"_paragraph_o9xde_4 _paragraph_xtcu6_10 layout-component text-serif-m layout-normal text-serif-m layout-padded\">Etter hvilen ble det ikke bedre.<\/p>\n<p class=\"_paragraph_o9xde_4 _paragraph_xtcu6_10 layout-component text-serif-m layout-normal text-serif-m layout-padded\">En stygg feilvurdering av Bolognas keeper f\u00f8rte til at Neres kunne fosse frem fra 10-12 meter og lobbe inn 2-0-scoringen, mens Heggem lite kunne gj\u00f8re.<\/p>\n<p class=\"_paragraph_o9xde_4 _paragraph_xtcu6_10 layout-component text-serif-m layout-normal text-serif-m layout-padded\">\u2013 En utilgivelig feil av keeperen, konkluderte Aulstad.<\/p>\n<p class=\"_paragraph_o9xde_4 _paragraph_xtcu6_10 layout-component text-serif-m layout-normal text-serif-m layout-padded\">I andre enden skapte Bologna bare \u00e9n ordentlig m\u00e5lsjanse og noen flere scoringer til Napoli ble det utrolig nok ikke. <\/p>\n<p class=\"_paragraph_o9xde_4 _paragraph_xtcu6_10 layout-component text-serif-m layout-normal text-serif-m layout-padded\">Dermed blir supercup-trofeet med hele veien fra Saudi-Arabia Saudi-Arabia Det italienske supercup-sluttspillet ble spilt i Riyadh, Saudi-Arabia.og tilbake til fotballgale Napoli.<\/p>\n","protected":false},"excerpt":{"rendered":"Fra stopperposisjonen sin s\u00e5 han laget sitt knapt skape sjanser. Selv hadde landslagsspiller Torbj\u00f8rn Heggem (26) mer enn&hellip;\n","protected":false},"author":2,"featured_media":119944,"comment_status":"","ping_status":"","sticky":false,"template":"","format":"standard","meta":{"footnotes":""},"categories":[59],"tags":[3163,10292,30,28,29,83,82,2117],"class_list":{"0":"post-119943","1":"post","2":"type-post","3":"status-publish","4":"format-standard","5":"has-post-thumbnail","7":"category-sport","8":"tag-herrelandslaget-fotball","9":"tag-italiensk-fotball","10":"tag-no","11":"tag-norge","12":"tag-norway","13":"tag-sport","14":"tag-sports","15":"tag-torbjorn-heggem"},"share_on_mastodon":{"url":"https:\/\/pubeurope.com\/@no\/115765327310624186","error":""},"_links":{"self":[{"href":"https:\/\/www.europesays.com\/no\/wp-json\/wp\/v2\/posts\/119943","targetHints":{"allow":["GET"]}}],"collection":[{"href":"https:\/\/www.europesays.com\/no\/wp-json\/wp\/v2\/posts"}],"about":[{"href":"https:\/\/www.europesays.com\/no\/wp-json\/wp\/v2\/types\/post"}],"author":[{"embeddable":true,"href":"https:\/\/www.europesays.com\/no\/wp-json\/wp\/v2\/users\/2"}],"replies":[{"embeddable":true,"href":"https:\/\/www.europesays.com\/no\/wp-json\/wp\/v2\/comments?post=119943"}],"version-history":[{"count":0,"href":"https:\/\/www.europesays.com\/no\/wp-json\/wp\/v2\/posts\/119943\/revisions"}],"wp:featuredmedia":[{"embeddable":true,"href":"https:\/\/www.europesays.com\/no\/wp-json\/wp\/v2\/media\/119944"}],"wp:attachment":[{"href":"https:\/\/www.europesays.com\/no\/wp-json\/wp\/v2\/media?parent=119943"}],"wp:term":[{"taxonomy":"category","embeddable":true,"href":"https:\/\/www.europesays.com\/no\/wp-json\/wp\/v2\/categories?post=119943"},{"taxonomy":"post_tag","embeddable":true,"href":"https:\/\/www.europesays.com\/no\/wp-json\/wp\/v2\/tags?post=119943"}],"curies":[{"name":"wp","href":"https:\/\/api.w.org\/{rel}","templated":true}]}}