{"id":119949,"date":"2025-12-22T21:30:15","date_gmt":"2025-12-22T21:30:15","guid":{"rendered":"https:\/\/www.europesays.com\/no\/119949\/"},"modified":"2025-12-22T21:30:15","modified_gmt":"2025-12-22T21:30:15","slug":"liverpool-bekrefter-skadeavbrekk-for-alexander-isak-matte-opereres","status":"publish","type":"post","link":"https:\/\/www.europesays.com\/no\/119949\/","title":{"rendered":"Liverpool bekrefter skadeavbrekk for Alexander Isak \u2013 m\u00e5tte opereres"},"content":{"rendered":"\n<p class=\"_lead_o9xde_2 _lead_xtcu6_50 layout-component text-serif-m layout-normal text-serif-l layout-component layout-wide layout-padded _wide_17hqh_1 layout-padded\">Alexander Isak m\u00e5tte byttes ut med smerter etter \u00e5 ha scoret mot Tottenham i helgen. N\u00e5 bekrefter Liverpool at stjernespissen er langtidsskadet.<\/p>\n<p> <img class=\"_image_qp4xg_65 layout-component layout-wide\" data-fullscreen- data-track-element-type=\"Article image fullscreen\" data-track-name=\"ImageFullscreen\" fetchpriority=\"high\" decoding=\"sync\" loading=\"eager\" height=\"57\" itemprop=\"image\"  src=\"https:\/\/www.europesays.com\/no\/wp-content\/uploads\/2025\/12\/e7046679b63686ce712ec039a8fe3c28.jpg\"  style=\"object-position:50% 50%;aspect-ratio:1.75;height:auto;object-fit:cover;width:100%\" width=\"102\"\/>  <\/p>\n<ul aria-hidden=\"true\" class=\"_images_ntbth_112\">\n<li><a class=\"_link_ntbth_117\" href=\"https:\/\/www.vg.no\/forfatter\/ntb\" style=\"z-index:1\" title=\"NTB\" rel=\"nofollow noopener\" target=\"_blank\"><img alt=\"Bilde av NTB\" class=\"_image_ntbth_93\" fetchpriority=\"low\" loading=\"lazy\" decoding=\"async\" itemprop=\"image\"  src=\"https:\/\/www.europesays.com\/no\/wp-content\/uploads\/2025\/12\/1766439014_74_c33980b0-5d07-4027-84a1-813f90a7c8d6\"  width=\"480\"\/><\/a><\/li>\n<\/ul>\n<p> Oppdatert mandag 22. desember kl. 22:08    <\/p>\n<ul class=\"_list_o9xde_3 _list_64s2r_85 _unordered_o9xde_106 text-sans-m\">\n<li class=\"_item_o9xde_30\">Alexander Isak ble skadet etter \u00e5 ha scoret mot Tottenham og er n\u00e5 langtidsskadet.<\/li>\n<li class=\"_item_o9xde_30\">Liverpool bekrefter skadeoppdateringen og at Isak vil v\u00e6re ute en periode.<\/li>\n<li class=\"_item_o9xde_30\">Svensken ble taklet hardt av Micky van de Ven i scorings\u00f8yeblikket.<\/li>\n<li class=\"_item_o9xde_30\">Skaden er et slag for b\u00e5de Liverpool og det svenske landslaget, som har viktige kamper fremover.<\/li>\n<\/ul>\n<p>Vis mer <\/p>\n<p class=\"_paragraph_o9xde_4 _paragraph_xtcu6_10 layout-component text-serif-m layout-normal text-serif-m layout-padded\">Merseyside-klubben har kommet med en oppdatering p\u00e5 svenskens skade i sine mediekanaler.<\/p>\n<p class=\"_paragraph_o9xde_4 _paragraph_xtcu6_10 layout-component text-serif-m layout-normal text-serif-m layout-padded\">Isak ble skadet i scorings\u00f8yeblikket da han satte inn 1\u20130 for Liverpool mot Tottenham l\u00f8rdag.<\/p>\n<p class=\"_paragraph_o9xde_4 _paragraph_xtcu6_10 layout-component text-serif-m layout-normal text-serif-m layout-padded\">Svensken fyrte ballen i m\u00e5l og ble taklet hardt av den nederlandske midtstopperen Micky van de Ven.<\/p>\n<p class=\"_paragraph_o9xde_4 _paragraph_xtcu6_10 layout-component text-serif-m layout-normal text-serif-m layout-padded\">N\u00e5 m\u00e5 Isak belage seg p\u00e5 en periode p\u00e5 sidelinjen, etter det som har v\u00e6rt en veldig t\u00f8ff sesongstart etter overgangen fra Newcastle i sommer.<\/p>\n<p class=\"_paragraph_o9xde_4 _paragraph_xtcu6_10 layout-component text-serif-m layout-normal text-serif-m layout-padded\">Svensken skal ha blitt solgt for en overgangssum p\u00e5 over 1,7 milliarder norske kroner.<\/p>\n<p class=\"_paragraph_o9xde_4 _paragraph_xtcu6_10 layout-component text-serif-m layout-normal text-serif-m layout-padded\">Liverpool skal spille en rekke kamper framover.<\/p>\n<p><img alt=\"Alexander Isak skadet seg mot Tottenham i helgen.   Foto: Ian Walton \/ AP \/ NTB\" class=\"_image_qp4xg_65 layout-component layout-normal\" data-fullscreen- data-track-element-type=\"Article image fullscreen\" data-track-name=\"ImageFullscreen\" decoding=\"async\" loading=\"lazy\" height=\"1877\" itemprop=\"image\"  src=\"https:\/\/www.europesays.com\/no\/wp-content\/uploads\/2025\/12\/c09224c8-2a0a-4c01-85b2-684776a70765\"  style=\"object-position:0% 0%\" width=\"2815\"\/>Alexander Isak skadet seg mot Tottenham i helgen.   Foto: Ian Walton \/ AP \/ NTB<\/p>\n<p class=\"_paragraph_o9xde_4 _paragraph_xtcu6_10 layout-component text-serif-m layout-normal text-serif-m layout-padded\">Fra neste kamp mot Wolverhampton 27. desember til siste kamp i januar hjemme mot Newcastle, spiller Liverpool hele ti kamper i forskjellige turneringer.<\/p>\n<p class=\"_paragraph_o9xde_4 _paragraph_xtcu6_10 layout-component text-serif-m layout-normal text-serif-m layout-padded\">Skaden til Isak kan ogs\u00e5 bli kostbar for Sverige, som sent i mars skal ut i playoff for \u00e5 sikre seg plass i sommerens VM.<\/p>\n<p class=\"_paragraph_o9xde_4 _paragraph_xtcu6_10 layout-component text-serif-m layout-normal text-serif-m layout-padded\">Svenskene m\u00f8ter Ukraina i Valencia i playoffen 26. mars. Vinneren der vil f\u00e5 hjemmekamp mot enten Polen eller Albania i kamp om VM-billett.<\/p>\n<p class=\"_paragraph_o9xde_4 _paragraph_xtcu6_10 layout-component text-serif-m layout-normal text-serif-m layout-padded\">Dersom Sverige tar seg til VM, vil landet ende i gruppe med Nederland, Japan og Tunisia.<\/p>\n<p class=\"_paragraph_o9xde_4 _paragraph_xtcu6_10 layout-component text-serif-m layout-normal text-serif-m layout-padded\">Ikke alle er like forn\u00f8yde med Isaks prestasjoner denne sesongen:<\/p>\n","protected":false},"excerpt":{"rendered":"Alexander Isak m\u00e5tte byttes ut med smerter etter \u00e5 ha scoret mot Tottenham i helgen. N\u00e5 bekrefter Liverpool&hellip;\n","protected":false},"author":2,"featured_media":119950,"comment_status":"","ping_status":"","sticky":false,"template":"","format":"standard","meta":{"footnotes":""},"categories":[5],"tags":[278,20,21,24,25,15,19,22,23,114,17,18,13,30,28,29,14,16,161,26,27],"class_list":{"0":"post-119949","1":"post","2":"type-post","3":"status-publish","4":"format-standard","5":"has-post-thumbnail","7":"category-overskrifter","8":"tag-alexander-isak","9":"tag-breaking-news","10":"tag-breakingnews","11":"tag-featured-news","12":"tag-featurednews","13":"tag-headlines","14":"tag-hovedoppslag","15":"tag-latest-news","16":"tag-latestnews","17":"tag-liverpool-fc","18":"tag-main-news","19":"tag-mainnews","20":"tag-news","21":"tag-no","22":"tag-norge","23":"tag-norway","24":"tag-nyheter","25":"tag-overskrifter","26":"tag-premier-league","27":"tag-top-stories","28":"tag-topstories"},"share_on_mastodon":{"url":"https:\/\/pubeurope.com\/@no\/115765354794829499","error":""},"_links":{"self":[{"href":"https:\/\/www.europesays.com\/no\/wp-json\/wp\/v2\/posts\/119949","targetHints":{"allow":["GET"]}}],"collection":[{"href":"https:\/\/www.europesays.com\/no\/wp-json\/wp\/v2\/posts"}],"about":[{"href":"https:\/\/www.europesays.com\/no\/wp-json\/wp\/v2\/types\/post"}],"author":[{"embeddable":true,"href":"https:\/\/www.europesays.com\/no\/wp-json\/wp\/v2\/users\/2"}],"replies":[{"embeddable":true,"href":"https:\/\/www.europesays.com\/no\/wp-json\/wp\/v2\/comments?post=119949"}],"version-history":[{"count":0,"href":"https:\/\/www.europesays.com\/no\/wp-json\/wp\/v2\/posts\/119949\/revisions"}],"wp:featuredmedia":[{"embeddable":true,"href":"https:\/\/www.europesays.com\/no\/wp-json\/wp\/v2\/media\/119950"}],"wp:attachment":[{"href":"https:\/\/www.europesays.com\/no\/wp-json\/wp\/v2\/media?parent=119949"}],"wp:term":[{"taxonomy":"category","embeddable":true,"href":"https:\/\/www.europesays.com\/no\/wp-json\/wp\/v2\/categories?post=119949"},{"taxonomy":"post_tag","embeddable":true,"href":"https:\/\/www.europesays.com\/no\/wp-json\/wp\/v2\/tags?post=119949"}],"curies":[{"name":"wp","href":"https:\/\/api.w.org\/{rel}","templated":true}]}}