{"id":119951,"date":"2025-12-22T21:31:47","date_gmt":"2025-12-22T21:31:47","guid":{"rendered":"https:\/\/www.europesays.com\/no\/119951\/"},"modified":"2025-12-22T21:31:47","modified_gmt":"2025-12-22T21:31:47","slug":"ny-klubb-for-supertalentet-endrick","status":"publish","type":"post","link":"https:\/\/www.europesays.com\/no\/119951\/","title":{"rendered":"Ny klubb for supertalentet Endrick"},"content":{"rendered":"<p>Spanske <a href=\"https:\/\/www.marca.com\/futbol\/real-madrid\/2025\/12\/22\/endrick-lyon-inminente.html\" target=\"_blank\" rel=\"nofollow noopener\">Marca<\/a> melder at overgangen er n\u00e6rt forest\u00e5ende, mens stjernereporteren <a href=\"https:\/\/x.com\/FabrizioRomano\/status\/2003171239695941995\" target=\"_blank\" rel=\"nofollow\">Fabrizio Romano<\/a> omtaler den med signaturfrasen \u00abhere we go\u00bb.\u00a0<\/p>\n<p>Det skal ikke v\u00e6re en kj\u00f8psopsjon inkludert i avtalen.\u00a0<\/p>\n<p>Lyon betaler halvparten av spillerens l\u00f8nn og er n\u00f8dt til \u00e5 sende ham tilbake i juni, if\u00f8lge Romano.\u00a0<\/p>\n<p>Endrick (19) ble hentet til Madrid med store forventninger sommeren 2024. Da hadde han allerede scoret for Brasils landslag.\u00a0<\/p>\n<p>Unggutten er forel\u00f8pig langt unna en startplass hos \u00abLos Blancos\u00bb. Denne sesongen er det blitt med 99 minutter i alle turneringer for spissen.\u00a0<\/p>\n<p>En del av form\u00e5let med utl\u00e5net til Lyon er \u00e5 sikre seg en plass i Brasils VM-tropp, if\u00f8lge Marca. Avisen poengterer ogs\u00e5 at Real Madrid har full tiltro til spissen p\u00e5 lengre sikt.\u00a0<\/p>\n<p>    <a class=\"article__link\" data-ga-active-label=\"\" data-ga-active-label-animation=\"\" href=\"https:\/\/www.tv2.no\/sport\/fotball\/mysteriet-endrick-tente-hapet-hos-en-hel-nasjon-1\/18219632\/\" rel=\"nofollow noopener\" target=\"_blank\"><\/p>\n<p>    <img class=\"image__img lazyload\" itemprop=\"image\" title=\"Foto: PIERRE-PHILIPPE MARCOU \/ AFP \/ NTB\" alt=\"Real Madrid's Brazilian forward #16 Endrick (L) goes down challenged by Real Mallorca's Spanish defender #06 Jose Copete during the Spanish league football match between Real Madrid CF and RCD Mallorca at the Santiago Bernabeu Stadium in Madrid, on May 14, 2025. (Photo by Pierre-Philippe MARCOU \/ AFP) Foto: PIERRE-PHILIPPE MARCOU \/ AFP \/ NTB\" width=\"587\" height=\"323\" bad-src=\"https:\/\/www.europesays.com\/no\/wp-content\/uploads\/2025\/12\/18408774.webp\" fetchpriority=\"auto\" \/><\/p>\n<p>\n            Mysteriet Endrick: \u2013 Har skapt stress i Brasil\n        <\/p>\n<p>    <\/a><\/p>\n<p>    Har du f\u00e5tt med deg disse klippene?<\/p>\n","protected":false},"excerpt":{"rendered":"Spanske Marca melder at overgangen er n\u00e6rt forest\u00e5ende, mens stjernereporteren Fabrizio Romano omtaler den med signaturfrasen \u00abhere we&hellip;\n","protected":false},"author":2,"featured_media":119952,"comment_status":"","ping_status":"","sticky":false,"template":"","format":"standard","meta":{"footnotes":""},"categories":[59],"tags":[30,28,29,83,82],"class_list":{"0":"post-119951","1":"post","2":"type-post","3":"status-publish","4":"format-standard","5":"has-post-thumbnail","7":"category-sport","8":"tag-no","9":"tag-norge","10":"tag-norway","11":"tag-sport","12":"tag-sports"},"share_on_mastodon":{"url":"https:\/\/pubeurope.com\/@no\/115765362210276588","error":""},"_links":{"self":[{"href":"https:\/\/www.europesays.com\/no\/wp-json\/wp\/v2\/posts\/119951","targetHints":{"allow":["GET"]}}],"collection":[{"href":"https:\/\/www.europesays.com\/no\/wp-json\/wp\/v2\/posts"}],"about":[{"href":"https:\/\/www.europesays.com\/no\/wp-json\/wp\/v2\/types\/post"}],"author":[{"embeddable":true,"href":"https:\/\/www.europesays.com\/no\/wp-json\/wp\/v2\/users\/2"}],"replies":[{"embeddable":true,"href":"https:\/\/www.europesays.com\/no\/wp-json\/wp\/v2\/comments?post=119951"}],"version-history":[{"count":0,"href":"https:\/\/www.europesays.com\/no\/wp-json\/wp\/v2\/posts\/119951\/revisions"}],"wp:featuredmedia":[{"embeddable":true,"href":"https:\/\/www.europesays.com\/no\/wp-json\/wp\/v2\/media\/119952"}],"wp:attachment":[{"href":"https:\/\/www.europesays.com\/no\/wp-json\/wp\/v2\/media?parent=119951"}],"wp:term":[{"taxonomy":"category","embeddable":true,"href":"https:\/\/www.europesays.com\/no\/wp-json\/wp\/v2\/categories?post=119951"},{"taxonomy":"post_tag","embeddable":true,"href":"https:\/\/www.europesays.com\/no\/wp-json\/wp\/v2\/tags?post=119951"}],"curies":[{"name":"wp","href":"https:\/\/api.w.org\/{rel}","templated":true}]}}