{"id":119957,"date":"2025-12-22T21:37:13","date_gmt":"2025-12-22T21:37:13","guid":{"rendered":"https:\/\/www.europesays.com\/no\/119957\/"},"modified":"2025-12-22T21:37:13","modified_gmt":"2025-12-22T21:37:13","slug":"liverpool-bekrefter-leggbrudd-for-isak","status":"publish","type":"post","link":"https:\/\/www.europesays.com\/no\/119957\/","title":{"rendered":"Liverpool bekrefter: Leggbrudd for Isak"},"content":{"rendered":"<p>Merseyside-klubben har kommet med en oppdatering p\u00e5 svenskens skade i sine mediekanaler.<\/p>\n<p>\u2013 Etter diagnosen ble det i dag gjennomf\u00f8rt en operasjon p\u00e5 en ankelskade som inkluderte et brudd i leggbeinet, skriver klubben p\u00e5 sine sider. <\/p>\n<p>Operasjonen skal ha v\u00e6rt vellykket.<\/p>\n<p>Klubben skriver ingenting om tidsrammen for skaden, annet enn at det avhenger av opptreningen.<\/p>\n<p class=\"bold m-bold\" data-lab-font_weight=\"bold\">Flere engelske medier, deriblant <a href=\"https:\/\/www.nytimes.com\/athletic\/6910643\/2025\/12\/22\/liverpool-alexander-isak-injury-latest\/\" rel=\"nofollow noopener\" target=\"_blank\">The Athletic<\/a>, melder at Isak m\u00e5 belage seg p\u00e5 flere m\u00e5neder p\u00e5 sidelinjen.<\/p>\n<p>      <img class=\"image__img lazyload\" itemprop=\"image\" title=\"Foto: Ian Walton \/ AP \/ NTB\" alt=\"Liverpool's Alexander Isak, top, scores the opening goal during the English Premier League soccer match between Tottenham and Liverpool in London, Saturday, Dec. 20, 2025. (AP Photo\/Ian Walton) Foto: Ian Walton \/ AP \/ NTB\" width=\"978\" height=\"653\" bad-src=\"https:\/\/www.europesays.com\/no\/wp-content\/uploads\/2025\/12\/18408857.webp\" fetchpriority=\"auto\" \/><\/p>\n<p>         Foto: Ian Walton \/ AP \/ NTB<\/p>\n<p>      <img class=\"image__img lazyload\" itemprop=\"image\" title=\"Foto: Ian Walton \/ AP \/ NTB\" alt=\"Liverpool's Alexander Isak, left, grimaces as he picks up an injury in a challenge from Tottenham's Micky van de Ven as he scores the opening goal during the English Premier League soccer match between Tottenham and Liverpool in London, Saturday, Dec. 20, 2025. (AP Photo\/Ian Walton) Foto: Ian Walton \/ AP \/ NTB\" width=\"978\" height=\"653\" bad-src=\"https:\/\/www.europesays.com\/no\/wp-content\/uploads\/2025\/12\/18408858.webp\" fetchpriority=\"auto\" \/><\/p>\n<p>         Foto: Ian Walton \/ AP \/ NTB<\/p>\n<p>      <img class=\"image__img lazyload\" itemprop=\"image\" title=\"Foto: Ian Walton \/ AP \/ NTB\" alt=\"Liverpool's Alexander Isak reacts after sustaining an injury during the English Premier League soccer match between Tottenham and Liverpool in London, Saturday, Dec. 20, 2025. (AP Photo\/Ian Walton) Foto: Ian Walton \/ AP \/ NTB\" width=\"978\" height=\"652\" bad-src=\"https:\/\/www.europesays.com\/no\/wp-content\/uploads\/2025\/12\/18408859.webp\" fetchpriority=\"auto\" \/><\/p>\n<p>         Foto: Ian Walton \/ AP \/ NTB<\/p>\n<p>      <img class=\"image__img lazyload\" itemprop=\"image\" title=\"Foto: JUSTIN TALLIS \/ AFP \/ NTB\" alt=\"Liverpool's Swedish striker #09 Alexander Isak (C) is helped off the field by medical staff after picking up an injury during the English Premier League football match between Tottenham Hotspur and Liverpool at the Tottenham Hotspur Stadium in London, on December 20, 2025. (Photo by JUSTIN TALLIS \/ AFP) \/ RESTRICTED TO EDITORIAL USE. No use with unauthorized audio, video, data, fixture lists, club\/league logos or 'live' services. Online in-match use limited to 120 images. An additional 40 images may be used in extra time. No video emulation. Social media in-match use limited to 120 images. An additional 40 images may be used in extra time. No use in betting publications, games or single club\/league\/player publications. \/  Foto: JUSTIN TALLIS \/ AFP \/ NTB\" width=\"978\" height=\"652\" bad-src=\"https:\/\/www.europesays.com\/no\/wp-content\/uploads\/2025\/12\/18408860.webp\" fetchpriority=\"auto\" \/><\/p>\n<p>         Foto: JUSTIN TALLIS \/ AFP \/ NTB<\/p>\n<p>      <img class=\"image__img lazyload\" itemprop=\"image\" title=\"Foto: JUSTIN TALLIS \/ AFP \/ NTB\" alt=\"Liverpool's Swedish striker #09 Alexander Isak (C) is helped off the field by medical staff after picking up an injury during the English Premier League football match between Tottenham Hotspur and Liverpool at the Tottenham Hotspur Stadium in London, on December 20, 2025. (Photo by JUSTIN TALLIS \/ AFP) \/ RESTRICTED TO EDITORIAL USE. No use with unauthorized audio, video, data, fixture lists, club\/league logos or 'live' services. Online in-match use limited to 120 images. An additional 40 images may be used in extra time. No video emulation. Social media in-match use limited to 120 images. An additional 40 images may be used in extra time. No use in betting publications, games or single club\/league\/player publications. \/  Foto: JUSTIN TALLIS \/ AFP \/ NTB\" width=\"978\" height=\"652\" bad-src=\"https:\/\/www.europesays.com\/no\/wp-content\/uploads\/2025\/12\/18405616.webp\" fetchpriority=\"auto\" \/><\/p>\n<p>         Foto: JUSTIN TALLIS \/ AFP \/ NTB<\/p>\n<p>Isak ble skadet i scorings\u00f8yeblikket da han satte inn 1\u20130 for Liverpool mot Tottenham l\u00f8rdag. Svensken fyrte ballen i m\u00e5l og ble taklet hardt av den nederlandske midtstopperen Micky van de Ven.<\/p>\n<p>N\u00e5 m\u00e5 Isak belage seg p\u00e5 en periode p\u00e5 sidelinjen, etter det som har v\u00e6rt en veldig t\u00f8ff sesongstart etter overgangen fra Newcastle i sommer.\u00a0<\/p>\n<p>Svensken skal ha blitt kj\u00f8pt for en overgangssum p\u00e5 over 1,7 milliarder norske kroner.<\/p>\n<p>Liverpool skal spille en rekke kamper framover. Fra neste kamp mot Wolverhampton 27. desember til siste kamp i januar hjemme mot Newcastle, spiller Liverpool hele ti kamper i forskjellige turneringer.<\/p>\n<p>Skaden til Isak kan ogs\u00e5 bli kostbar for Sverige, som sent i mars skal ut i playoff for \u00e5 sikre seg plass i sommerens VM.<\/p>\n<p>Svenskene m\u00f8ter Ukraina i Valencia i playoffen 26. mars. Vinneren der vil f\u00e5 hjemmekamp mot enten Polen eller Albania i kamp om VM-billett. Dersom Sverige tar seg til VM, vil landet ende i gruppe med Nederland, Japan og Tunisia.<\/p>\n<p>    <a class=\"article__link\" data-ga-active-label=\"\" data-ga-active-label-animation=\"\" href=\"https:\/\/www.tv2.no\/sport\/hudflettes-skremmende\/18404251\/\" rel=\"nofollow noopener\" target=\"_blank\"><\/p>\n<p>    <img class=\"image__img lazyload\" itemprop=\"image\" title=\"\" alt=\"\" width=\"978\" height=\"411\" bad-src=\"https:\/\/www.europesays.com\/no\/wp-content\/uploads\/2025\/12\/18404312.webp\" fetchpriority=\"auto\" \/><\/p>\n<p>\n            Hudflettes: \u2013 Skremmende\n        <\/p>\n<p>    <\/a><\/p>\n","protected":false},"excerpt":{"rendered":"Merseyside-klubben har kommet med en oppdatering p\u00e5 svenskens skade i sine mediekanaler. \u2013 Etter diagnosen ble det i&hellip;\n","protected":false},"author":2,"featured_media":119958,"comment_status":"","ping_status":"","sticky":false,"template":"","format":"standard","meta":{"footnotes":""},"categories":[5],"tags":[20,21,24,25,15,19,22,23,17,18,13,30,28,29,14,16,26,27],"class_list":{"0":"post-119957","1":"post","2":"type-post","3":"status-publish","4":"format-standard","5":"has-post-thumbnail","7":"category-overskrifter","8":"tag-breaking-news","9":"tag-breakingnews","10":"tag-featured-news","11":"tag-featurednews","12":"tag-headlines","13":"tag-hovedoppslag","14":"tag-latest-news","15":"tag-latestnews","16":"tag-main-news","17":"tag-mainnews","18":"tag-news","19":"tag-no","20":"tag-norge","21":"tag-norway","22":"tag-nyheter","23":"tag-overskrifter","24":"tag-top-stories","25":"tag-topstories"},"share_on_mastodon":{"url":"https:\/\/pubeurope.com\/@no\/115765382248909553","error":""},"_links":{"self":[{"href":"https:\/\/www.europesays.com\/no\/wp-json\/wp\/v2\/posts\/119957","targetHints":{"allow":["GET"]}}],"collection":[{"href":"https:\/\/www.europesays.com\/no\/wp-json\/wp\/v2\/posts"}],"about":[{"href":"https:\/\/www.europesays.com\/no\/wp-json\/wp\/v2\/types\/post"}],"author":[{"embeddable":true,"href":"https:\/\/www.europesays.com\/no\/wp-json\/wp\/v2\/users\/2"}],"replies":[{"embeddable":true,"href":"https:\/\/www.europesays.com\/no\/wp-json\/wp\/v2\/comments?post=119957"}],"version-history":[{"count":0,"href":"https:\/\/www.europesays.com\/no\/wp-json\/wp\/v2\/posts\/119957\/revisions"}],"wp:featuredmedia":[{"embeddable":true,"href":"https:\/\/www.europesays.com\/no\/wp-json\/wp\/v2\/media\/119958"}],"wp:attachment":[{"href":"https:\/\/www.europesays.com\/no\/wp-json\/wp\/v2\/media?parent=119957"}],"wp:term":[{"taxonomy":"category","embeddable":true,"href":"https:\/\/www.europesays.com\/no\/wp-json\/wp\/v2\/categories?post=119957"},{"taxonomy":"post_tag","embeddable":true,"href":"https:\/\/www.europesays.com\/no\/wp-json\/wp\/v2\/tags?post=119957"}],"curies":[{"name":"wp","href":"https:\/\/api.w.org\/{rel}","templated":true}]}}