{"id":119959,"date":"2025-12-22T21:38:14","date_gmt":"2025-12-22T21:38:14","guid":{"rendered":"https:\/\/www.europesays.com\/no\/119959\/"},"modified":"2025-12-22T21:38:14","modified_gmt":"2025-12-22T21:38:14","slug":"alpint-fredrik-moller-skadet-moller-optimistisk-om-ol-deltakelse-ser-ganske-lyst-ut","status":"publish","type":"post","link":"https:\/\/www.europesays.com\/no\/119959\/","title":{"rendered":"Alpint, Fredrik M\u00f8ller | Skadet M\u00f8ller optimistisk om OL-deltakelse: \u2013 Ser ganske lyst ut"},"content":{"rendered":"\n<p>Alpinist Fredrik M\u00f8ller (25) falt stygt i Val Gardena forrige uke, men er ganske sikker p\u00e5 at han rekker \u00e5 delta i OL likevel.<\/p>\n<p> \u2013 Det er ikke helt bankers enda, men det ser ganske lyst ut, sier M\u00f8ller til <a href=\"https:\/\/www.nrk.no\/sport\/ol-innenfor-rekkevidde-for-moller_-_-godt-a-vite-at-det-er-en-mulighet-1.17702943\" rel=\"nofollow noopener\" target=\"_blank\">NRK<\/a>.<\/p>\n<p>\u2013 Legene sa jeg har hatt ganske flaks. Jeg har noen kompresjonsbrudd i tre-fire forskjellige ryggvirvler, men de er under kontroll og jeg slipper \u00e5 operere.<\/p>\n<p>N\u00e5 skal 25-\u00e5ringen hvile en periode, f\u00f8r han forh\u00e5pentligvis kommer seg p\u00e5 skiene etter hvert.<\/p>\n<p>\u2013 Jeg kunne begynne \u00e5 skli litt sakte rundt p\u00e5 ski etter to uker. Hvis alt g\u00e5r etter planen skal det v\u00e6re mulig \u00e5 kj\u00f8re noen ordentlige l\u00f8yper etter fire uker, og da er det jo to uker igjen til OL, sier M\u00f8ller.<\/p>\n<p>M\u00f8ller mistet balansen p\u00e5 et hopp i over 120 kilometer i timen og landet stygt p\u00e5 ryggen. Han ble fraktet til sykehus med helikopter. I etterkant ble det opplyst at nordmannen mistet to tenner og ble kraftig forsl\u00e5tt.<\/p>\n<p>(\u00a9NTB)<\/p>\n","protected":false},"excerpt":{"rendered":"Alpinist Fredrik M\u00f8ller (25) falt stygt i Val Gardena forrige uke, men er ganske sikker p\u00e5 at han&hellip;\n","protected":false},"author":2,"featured_media":119960,"comment_status":"","ping_status":"","sticky":false,"template":"","format":"standard","meta":{"footnotes":""},"categories":[59],"tags":[30,28,29,83,82],"class_list":{"0":"post-119959","1":"post","2":"type-post","3":"status-publish","4":"format-standard","5":"has-post-thumbnail","7":"category-sport","8":"tag-no","9":"tag-norge","10":"tag-norway","11":"tag-sport","12":"tag-sports"},"share_on_mastodon":{"url":"https:\/\/pubeurope.com\/@no\/115765385854300598","error":""},"_links":{"self":[{"href":"https:\/\/www.europesays.com\/no\/wp-json\/wp\/v2\/posts\/119959","targetHints":{"allow":["GET"]}}],"collection":[{"href":"https:\/\/www.europesays.com\/no\/wp-json\/wp\/v2\/posts"}],"about":[{"href":"https:\/\/www.europesays.com\/no\/wp-json\/wp\/v2\/types\/post"}],"author":[{"embeddable":true,"href":"https:\/\/www.europesays.com\/no\/wp-json\/wp\/v2\/users\/2"}],"replies":[{"embeddable":true,"href":"https:\/\/www.europesays.com\/no\/wp-json\/wp\/v2\/comments?post=119959"}],"version-history":[{"count":0,"href":"https:\/\/www.europesays.com\/no\/wp-json\/wp\/v2\/posts\/119959\/revisions"}],"wp:featuredmedia":[{"embeddable":true,"href":"https:\/\/www.europesays.com\/no\/wp-json\/wp\/v2\/media\/119960"}],"wp:attachment":[{"href":"https:\/\/www.europesays.com\/no\/wp-json\/wp\/v2\/media?parent=119959"}],"wp:term":[{"taxonomy":"category","embeddable":true,"href":"https:\/\/www.europesays.com\/no\/wp-json\/wp\/v2\/categories?post=119959"},{"taxonomy":"post_tag","embeddable":true,"href":"https:\/\/www.europesays.com\/no\/wp-json\/wp\/v2\/tags?post=119959"}],"curies":[{"name":"wp","href":"https:\/\/api.w.org\/{rel}","templated":true}]}}