{"id":119961,"date":"2025-12-22T21:42:10","date_gmt":"2025-12-22T21:42:10","guid":{"rendered":"https:\/\/www.europesays.com\/no\/119961\/"},"modified":"2025-12-22T21:42:10","modified_gmt":"2025-12-22T21:42:10","slug":"nytt-russisk-vapen-kan-sla-ut-starlink-satellitter","status":"publish","type":"post","link":"https:\/\/www.europesays.com\/no\/119961\/","title":{"rendered":"Nytt russisk v\u00e5pen kan sl\u00e5 ut Starlink-satellitter"},"content":{"rendered":"<p>    If\u00f8lge vestlig etterretning kan nye superv\u00e5pen sl\u00e5 knockout p\u00e5 satellitt-systemet til milliard\u00e6ren Elon Musk. Det er d\u00e5rlig nytt for Ukraina, Europa, Nato og USA.<\/p>\n<p>\n        En ukrainsk soldat st\u00e5r ved siden av antennen til det satellittbaserte bredb\u00e5ndssystemet Starlink i Bakhmut 9. februar 2023, midt i den russiske invasjonen av Ukraina. Det satellittbaserte kommunikasjonssystemet Starlink, som drives av det Musk-eide selskapet SpaceX, har v\u00e6rt distribuert i Ukraina siden kort tid etter at landet ble invadert av Russland i februar 2022.<br \/>\n        YASUYOSHI CHIBA\n    <\/p>\n<p><a href=\"https:\/\/www.independent.co.uk\/news\/world\/europe\/elon-musk-starlink-russia-weapon-nato-intelligence-b2888834.html\" rel=\"nofollow noopener\" target=\"_blank\">The Independent<\/a> har snakket med flere kilder som mener det er sannsynlig at Russland kan v\u00e6re i ferd med \u00e5 utvikle v\u00e5pen med tanke p\u00e5 krigf\u00f8ring mot satellittbasert kommunikasjon, som er avgj\u00f8rende for b\u00e5de sivile og milit\u00e6re operative evner.<\/p>\n<p>If\u00f8lge etterretningstjenesten i minst to Nato-land utvikler Russland et nytt antisatellittv\u00e5pen spesielt designet for \u00e5 ta ut Starlink-konstellasjon.<\/p>\n<p>Det er nyhetsbyr\u00e5et Associated Press som har f\u00e5tt tilgang til rapportene som viser hvordan det nye v\u00e5penet skal oversv\u00f8mme satellittbanen som Starlink opererer i. Dette skal skje ved \u00e5 bombardere banene med hundretusenvis av sm\u00e5 partikler som kan forstyrre satellittenes signaler og bane. Disse vil trolig unng\u00e5 \u00e5 bli oppdaget av bakke- og rombaserte systemer.<\/p>\n<p>General: \u2013 Det er ikke usannsynlig<\/p>\n<p>                <img decoding=\"async\" src=\"https:\/\/www.europesays.com\/no\/wp-content\/uploads\/2025\/12\/1287485.webp\" width=\"480\" height=\"274\" title=\"Elon Musk.\" alt=\"Bilde av Tesla-sjef, Elon Musk, som sitter med hendene foran munnen og tenker seg om. Han ser lur ut, sitter foran en svart vegg, og har p\u00e5 seg en m\u00f8rkebl\u00e5 dress og hvit skjorte.\" loading=\"lazy\" style=\"\"\/><\/p>\n<p>\n            Elon Musk.<br \/>\n            NTB\n        <\/p>\n<p>\u2013 Jeg kan ikke si at jeg har blitt orientert om den typen system. Men det er ikke usannsynlig. Hvis rapporteringen om atomv\u00e5pensystemet er n\u00f8yaktig, og at de er villige til \u00e5 utvikle det og villige til \u00e5 g\u00e5 i den retningen, vel, da ville det ikke virke sjokkerende for meg, sier brigadegeneral Christopher Horner, som er sjef for det kanadiske milit\u00e6rets romdivisjon.<\/p>\n<p>Under den snart fire \u00e5r lange krigen mot Ukraina har Starlink spilt en avgj\u00f8rende rolle for de ukrainske styrkenes evne til \u00e5 st\u00e5 imot den tallmessige overlegne fienden.<\/p>\n<p>Musks satellitter har ogs\u00e5 v\u00e6rt viktige for Ukraina i omr\u00e5der hvor russiske angrep har \u00f8delagt kritisk infrastruktur.<\/p>\n<p>Russland har gjentatte ganger advart om at de vil angripe kommersielle satellitter som brukes av Ukraina.<\/p>\n<p>\u2013 Mange uansvarlige, farlige og fiendtlige handlinger i rommet<\/p>\n<p>Det er imidlertid flere haker ved \u00e5 ta i bruk denne type v\u00e5pen da det lett vil kunne skape ukontrollert kaos i verdensrommet. Ikke bare for vestlige selskaper, men ogs\u00e5 for Russlands n\u00e6re allierte, blant annet Kina. I tillegg risikerer Russland at deres egne satellitter kan bli p\u00e5virket og satt ut av spill.<\/p>\n<p>                <img decoding=\"async\" src=\"https:\/\/www.europesays.com\/no\/wp-content\/uploads\/2025\/12\/1345598.webp\" width=\"480\" height=\"274\" title=\"SpaceXs Falcon 9 eksploderer ved landing p\u00e5 droneskipet utenfor Floridas kyst 28. august 2024. Den sjeldne feilen kom etter at raketten sendte den siste gruppen med 21 Starlink-internettsatellitter i bane under en tidlig morgenoppskytning.\" alt=\"\" loading=\"lazy\" style=\"\"\/><\/p>\n<p>\n            SpaceXs Falcon 9 eksploderer ved landing p\u00e5 droneskipet utenfor Floridas kyst 28. august 2024. Den sjeldne feilen kom etter at raketten sendte den siste gruppen med 21 Starlink-internettsatellitter i bane under en tidlig morgenoppskytning.<br \/>\n            &#8211; \/ AFP \/ NTB\n        <\/p>\n<p>\u2013 Jeg kj\u00f8per det ikke. Alts\u00e5, jeg gj\u00f8r det virkelig ikke. Jeg ville bli veldig overrasket, \u00e6rlig talt, om de skulle gj\u00f8re noe s\u00e5nt, sier Victoria Samson, romsikkerhetsspesialist ved Secure World Foundation, til avisen. Hun er leder for den Colorado-baserte ikke-statlige organisasjonens \u00e5rlige studie av antisatellittsystemer.<\/p>\n<p>Det franske milit\u00e6rets romkommando viser til at \u00abRussland de siste \u00e5rene har utf\u00f8rt mange uansvarlige, farlige og til og med fiendtlige handlinger i rommet.\u00bb<\/p>\n<p>Hverken Russland eller USA har forel\u00f8pig ikke kommentert de nye etterretningsfunnene.<\/p>\n","protected":false},"excerpt":{"rendered":"If\u00f8lge vestlig etterretning kan nye superv\u00e5pen sl\u00e5 knockout p\u00e5 satellitt-systemet til milliard\u00e6ren Elon Musk. Det er d\u00e5rlig nytt&hellip;\n","protected":false},"author":2,"featured_media":119962,"comment_status":"","ping_status":"","sticky":false,"template":"","format":"standard","meta":{"footnotes":""},"categories":[12],"tags":[20,21,24,25,15,22,23,13,30,28,29,14,16,26,27,42,43,44,45],"class_list":{"0":"post-119961","1":"post","2":"type-post","3":"status-publish","4":"format-standard","5":"has-post-thumbnail","7":"category-verden","8":"tag-breaking-news","9":"tag-breakingnews","10":"tag-featured-news","11":"tag-featurednews","12":"tag-headlines","13":"tag-latest-news","14":"tag-latestnews","15":"tag-news","16":"tag-no","17":"tag-norge","18":"tag-norway","19":"tag-nyheter","20":"tag-overskrifter","21":"tag-top-stories","22":"tag-topstories","23":"tag-verden","24":"tag-world","25":"tag-world-news","26":"tag-worldnews"},"share_on_mastodon":{"url":"https:\/\/pubeurope.com\/@no\/115765401855158623","error":""},"_links":{"self":[{"href":"https:\/\/www.europesays.com\/no\/wp-json\/wp\/v2\/posts\/119961","targetHints":{"allow":["GET"]}}],"collection":[{"href":"https:\/\/www.europesays.com\/no\/wp-json\/wp\/v2\/posts"}],"about":[{"href":"https:\/\/www.europesays.com\/no\/wp-json\/wp\/v2\/types\/post"}],"author":[{"embeddable":true,"href":"https:\/\/www.europesays.com\/no\/wp-json\/wp\/v2\/users\/2"}],"replies":[{"embeddable":true,"href":"https:\/\/www.europesays.com\/no\/wp-json\/wp\/v2\/comments?post=119961"}],"version-history":[{"count":0,"href":"https:\/\/www.europesays.com\/no\/wp-json\/wp\/v2\/posts\/119961\/revisions"}],"wp:featuredmedia":[{"embeddable":true,"href":"https:\/\/www.europesays.com\/no\/wp-json\/wp\/v2\/media\/119962"}],"wp:attachment":[{"href":"https:\/\/www.europesays.com\/no\/wp-json\/wp\/v2\/media?parent=119961"}],"wp:term":[{"taxonomy":"category","embeddable":true,"href":"https:\/\/www.europesays.com\/no\/wp-json\/wp\/v2\/categories?post=119961"},{"taxonomy":"post_tag","embeddable":true,"href":"https:\/\/www.europesays.com\/no\/wp-json\/wp\/v2\/tags?post=119961"}],"curies":[{"name":"wp","href":"https:\/\/api.w.org\/{rel}","templated":true}]}}