{"id":119965,"date":"2025-12-22T21:44:14","date_gmt":"2025-12-22T21:44:14","guid":{"rendered":"https:\/\/www.europesays.com\/no\/119965\/"},"modified":"2025-12-22T21:44:14","modified_gmt":"2025-12-22T21:44:14","slug":"fylkesveg-662-i-molde-er-stengt-etter-trafikkulykke-nrk-more-og-romsdal-lokale-nyheter-tv-og-radio","status":"publish","type":"post","link":"https:\/\/www.europesays.com\/no\/119965\/","title":{"rendered":"Fylkesveg 662 i Molde er stengt etter trafikkulykke \u2013 NRK M\u00f8re og Romsdal \u2013 Lokale nyheter, TV og radio"},"content":{"rendered":"<p>En bil kj\u00f8rte p\u00e5 en fotgjenger i et fotgjengerfelt i Molde, i 50-sonen.<\/p>\n<p><strong>Fotgjengeren er fraktet til sykehus. Skadeomfanget er enda usikkert, men ulykken framst\u00e5r <\/strong><strong>alvorlig, opplyser politiet.<\/strong>\n<\/p>\n<p><img decoding=\"async\"   src=\"data:image\/gif;base64,R0lGODlhAQABAIAAAAAAAP\/\/\/yH5BAEAAAAALAAAAAABAAEAAAIBRAA7\" loading=\"eager\" alt=\"To brannmann befinner seg i veien \" title=\"Foto: Webj\u00f8rn Espeland \/ NRK\"\/><\/p>\n<p class=\"\">Fylkesveg 662 er stengt p\u00e5 grunn av ulykken. <\/p>\n<p>Foto: Webj\u00f8rn Espeland \/ NRK<\/p>\n<p>F\u00f8reren av bilen f\u00e5r f\u00f8rerkortet sitt rutinemessig beslaglagt. Det er ikke mistanke om rusp\u00e5virket kj\u00f8ring, if\u00f8lge politiet.<\/p>\n<p>Har kalt ut kriminalteknikere<\/p>\n<p>Flere n\u00f8detater befinner seg p\u00e5 ulykkesstedet.<\/p>\n<p><strong>\u2013 Vi har alle tilgjengelige politiressurser p\u00e5 stedet, <\/strong>opplyser operasjonsleder Sindre Molnes.<\/p>\n<p>Politiet har kalt ut kriminalteknikere og ulykkesgruppen til Statens vegvesen for \u00e5 bist\u00e5 i arbeidet p\u00e5 stedet.<\/p>\n<p>Videre arbeid p\u00e5 stedet er \u00e5 ta vitneavh\u00f8r, samt tekniske unders\u00f8kelser. Veien blir stengt inntil dette arbeidet er ferdig.<\/p>\n<p><img decoding=\"async\"   src=\"data:image\/gif;base64,R0lGODlhAQABAIAAAAAAAP\/\/\/yH5BAEAAAAALAAAAAABAAEAAAIBRAA7\" loading=\"eager\" alt=\"Ulykke Molde\" title=\"Foto: Roar Jonny Str\u00f8m \/ NRK\"\/><\/p>\n<p class=\"\">Politiet foretar vitneavh\u00f8r og unders\u00f8kelser p\u00e5 stedet. <\/p>\n<p>Foto: Roar Jonny Str\u00f8m \/ NRK<\/p>\n<p>\u2013 Kriminalteknikerne er p\u00e5 vei men det vil ta litt tid f\u00f8r de kommer fram, sier Molnes.<\/p>\n<p>\u2013 Veien vil v\u00e6re stengt i lengre tid<\/p>\n<p>Fylkesvei 662 er stengt i forbindelse med ulykken. Politiet dirigerer trafikken og omkj\u00f8ring er skiltet.<\/p>\n<p><strong>\u2013 Veien vil v\u00e6re stengt i lengre tid p\u00e5 grunn av ulykkens alvorlighetsgrad, <\/strong>if\u00f8lge<strong> <\/strong>Molnes.<\/p>\n<p>Senere opplyser politiet at veien vil v\u00e6re stengt inntil politiarbeidet p\u00e5 stedet er ferdig.<\/p>\n<p><img decoding=\"async\"   src=\"data:image\/gif;base64,R0lGODlhAQABAIAAAAAAAP\/\/\/yH5BAEAAAAALAAAAAABAAEAAAIBRAA7\" loading=\"eager\" alt=\"En politibetjent med kamera \" title=\"Foto: Roar Jonny Str\u00f8m \/ NRK\"\/><\/p>\n<p class=\"\">Politibetjenter unders\u00f8ker ulykkesstedet. <\/p>\n<p>Foto: Roar Jonny Str\u00f8m \/ NRK<\/p>\n<p>Publisert<\/p>\n<p>22.12.2025, kl. 19.34<\/p>\n<p>Oppdatert<\/p>\n<p>22.12.2025, kl. 21.04<\/p>\n","protected":false},"excerpt":{"rendered":"En bil kj\u00f8rte p\u00e5 en fotgjenger i et fotgjengerfelt i Molde, i 50-sonen. Fotgjengeren er fraktet til sykehus.&hellip;\n","protected":false},"author":2,"featured_media":119966,"comment_status":"","ping_status":"","sticky":false,"template":"","format":"standard","meta":{"footnotes":""},"categories":[5],"tags":[20,21,24,25,15,19,22,23,17,18,13,30,28,29,14,16,26,27],"class_list":{"0":"post-119965","1":"post","2":"type-post","3":"status-publish","4":"format-standard","5":"has-post-thumbnail","7":"category-overskrifter","8":"tag-breaking-news","9":"tag-breakingnews","10":"tag-featured-news","11":"tag-featurednews","12":"tag-headlines","13":"tag-hovedoppslag","14":"tag-latest-news","15":"tag-latestnews","16":"tag-main-news","17":"tag-mainnews","18":"tag-news","19":"tag-no","20":"tag-norge","21":"tag-norway","22":"tag-nyheter","23":"tag-overskrifter","24":"tag-top-stories","25":"tag-topstories"},"share_on_mastodon":{"url":"https:\/\/pubeurope.com\/@no\/115765409392548101","error":""},"_links":{"self":[{"href":"https:\/\/www.europesays.com\/no\/wp-json\/wp\/v2\/posts\/119965","targetHints":{"allow":["GET"]}}],"collection":[{"href":"https:\/\/www.europesays.com\/no\/wp-json\/wp\/v2\/posts"}],"about":[{"href":"https:\/\/www.europesays.com\/no\/wp-json\/wp\/v2\/types\/post"}],"author":[{"embeddable":true,"href":"https:\/\/www.europesays.com\/no\/wp-json\/wp\/v2\/users\/2"}],"replies":[{"embeddable":true,"href":"https:\/\/www.europesays.com\/no\/wp-json\/wp\/v2\/comments?post=119965"}],"version-history":[{"count":0,"href":"https:\/\/www.europesays.com\/no\/wp-json\/wp\/v2\/posts\/119965\/revisions"}],"wp:featuredmedia":[{"embeddable":true,"href":"https:\/\/www.europesays.com\/no\/wp-json\/wp\/v2\/media\/119966"}],"wp:attachment":[{"href":"https:\/\/www.europesays.com\/no\/wp-json\/wp\/v2\/media?parent=119965"}],"wp:term":[{"taxonomy":"category","embeddable":true,"href":"https:\/\/www.europesays.com\/no\/wp-json\/wp\/v2\/categories?post=119965"},{"taxonomy":"post_tag","embeddable":true,"href":"https:\/\/www.europesays.com\/no\/wp-json\/wp\/v2\/tags?post=119965"}],"curies":[{"name":"wp","href":"https:\/\/api.w.org\/{rel}","templated":true}]}}