{"id":119969,"date":"2025-12-22T21:49:08","date_gmt":"2025-12-22T21:49:08","guid":{"rendered":"https:\/\/www.europesays.com\/no\/119969\/"},"modified":"2025-12-22T21:49:08","modified_gmt":"2025-12-22T21:49:08","slug":"sterke-reaksjoner-etter-trumps-utnevnelse-av-spesialutsending-til-gronland-nrk-sapmi","status":"publish","type":"post","link":"https:\/\/www.europesays.com\/no\/119969\/","title":{"rendered":"Sterke reaksjoner etter Trumps utnevnelse av spesialutsending til Gr\u00f8nland \u2013 NRK S\u00e1pmi"},"content":{"rendered":"<p><strong>\u2013 Jeg tror man skal se det dypt alvorlig, og det gj\u00f8r vi ogs\u00e5. Dette er ikke for show, men noe USA mener og arbeider m\u00e5lrettet mot, sier Pelle Dragsted til NRK.<\/strong><\/p>\n<p>Han er folketingsmedlem for Enhedslisten i Danmark, og reagerer sterkt p\u00e5 president <a href=\"https:\/\/www.nrk.no\/urix\/trump-utnevner-spesialutsending-til-gronland-1.17702280\" ec-id=\"pp:article:1.17702280\" ec-name=\"Trumps oppnevnelse av spesialutsending til Gr\u00f8nland\" rel=\"nofollow noopener\" target=\"_blank\">Trumps oppnevnelse av spesialutsending til Gr\u00f8nland<\/a>.<\/p>\n<p>\u2013 Det er mangel p\u00e5 respekt for en n\u00e6rt alliert i mange \u00e5r og mangel p\u00e5 respekt for det gr\u00f8nlandske folk, som klart sier ifra at de ikke vil bli en del av USA.\n<\/p>\n<p><img decoding=\"async\"   src=\"data:image\/gif;base64,R0lGODlhAQABAIAAAAAAAP\/\/\/yH5BAEAAAAALAAAAAABAAEAAAIBRAA7\" loading=\"eager\" alt=\"En person st\u00e5r foran en gr\u00f8nn bakgrunn med teksten &quot;ENHEDSLISTEN P\u00c5&quot;. Det ser ut som de deltar i en pressekonferanse eller offentlig arrangement. Personen er kledd i en m\u00f8rk jakke og viser et seri\u00f8st uttrykk. Omgivelsene gir en profesjonell atmosf\u00e6re, typisk for politiske m\u00f8ter. (Bildebeskrivelsen er laget av en KI-tjeneste)\" title=\"Foto: NILS MEILVANG \/ AFP \/ NTB\"\/><\/p>\n<p class=\"\">Den danske politikeren, Pelle Dragsted, ser dypt alvorlig p\u00e5 USAs spesialutsending.<\/p>\n<p>Foto: NILS MEILVANG \/ AFP \/ NTB<\/p>\n<p>Dragstad mener Danmark m\u00e5 gj\u00f8re seg mindre avhengige av USA i den kommende tiden fremover, og si opp baseavtalen sin med USA med det samme.<\/p>\n<p><strong>\u2013 Det er for risikofylt \u00e5 ha den avhengigheten og tilknytningen til USA, sier Dragsted.<\/strong><\/p>\n<p>Ikke bekymret<\/p>\n<p>Dine Arnannguaq Fenger Lynge er f\u00f8dt og oppvokst p\u00e5 Gr\u00f8nland, men har bodd over halve livet sitt i Finnmark.<\/p>\n<p>Hun tar ofte turen til Gr\u00f8nland for \u00e5 bes\u00f8ke venner og familie, og opplever at Trumps uttalelser knyttet til Trump tydelig merkes hos den gr\u00f8nlandske befolkningen.<\/p>\n<p>Likevel er hun ikke s\u00e6rlig bekymret.<\/p>\n<p>\u2013 Folk er tydeligere enn noensinne tidligere om at Gr\u00f8nland ikke er til salgs, og kommer ikke til \u00e5 bli amerikansk, sier Lynge.<\/p>\n<p><img decoding=\"async\"   src=\"data:image\/gif;base64,R0lGODlhAQABAIAAAAAAAP\/\/\/yH5BAEAAAAALAAAAAABAAEAAAIBRAA7\" loading=\"eager\" alt=\"et par kvinner som smiler\" title=\"Foto: Ida Lindseth \/ NRK\"\/><\/p>\n<p class=\"\">Gr\u00f8nlandske Dine Arnannguaq Fenger Lynge (til venstre) bor n\u00e5 i Kautokeino i Finnmark, hvor hun jobber med samisk kunst. <\/p>\n<p>Foto: Ida Lindseth \/ NRK<\/p>\n<p>Lynge beskriver Trumps uttalelser som en vits, og mener befolkningen irriterer seg over hvordan Trump fremstiller Gr\u00f8nland som et lett tilgjengelig m\u00e5l.<\/p>\n<p><strong>\u2013 Amerikanerne kommer til en lukket d\u00f8r, og det vet de. P\u00e5 et eller annet tidspunkt m\u00e5 Trump bare gi seg, sier Lynge.<\/strong><\/p>\n<p><img decoding=\"async\"   src=\"data:image\/gif;base64,R0lGODlhAQABAIAAAAAAAP\/\/\/yH5BAEAAAAALAAAAAABAAEAAAIBRAA7\" loading=\"eager\" alt=\"Demonstrasjoner mot USA p\u00e5 Gr\u00f8nland - en folkemengde med plakater hvor det st\u00e5r blant annet Greenland belongs to the Greenlanders\" title=\"Foto: AFP\"\/><\/p>\n<p class=\"\">I mars i \u00e5r demonstrerte hundrevis av mennesker mot USAs president Donald Trump. Det var den st\u00f8rste demonstrasjonen arrangert noen gang p\u00e5 Gr\u00f8nland.<\/p>\n<p>Foto: AFP<\/p>\n<p>\u2013 Brutalt diplomatisk spill<\/p>\n<p>Ketil Solvik-Olsen er r\u00e5dgiver for tankesmien Civita, og mener spesialutsendingen er en del av Trumps m\u00e5te \u00e5 forhandle p\u00e5:<\/p>\n<p><strong>\u2013 Min analyse er at dette er et brutalt diplomatisk spill, som er uh\u00f8rt i Europas \u00f8yne.<\/strong><\/p>\n<p>Solvik-Olsen mener det er utenkelig at USA vil annektere Gr\u00f8nland.<\/p>\n<p>\u2013 Det handler om \u00e5 vise at Danmark m\u00e5 ha kontroll p\u00e5 omr\u00e5dene fordi det er en del av den vestlige sikkerhetsstrategien, som \u00e5 holde Kina borte, og f\u00e5 raskere tilgang p\u00e5 de sjeldne mineralene som han tror er p\u00e5 Gr\u00f8nland.<\/p>\n<p>\u2013 Han er ogs\u00e5 en president som flere ganger har sagt at dersom det er \u00e9n ting han ikke gj\u00f8r, s\u00e5 er det \u00e5 sende amerikanske soldater andre steder, sier Civita-r\u00e5dgiveren.<\/p>\n<p><img decoding=\"async\"   src=\"data:image\/gif;base64,R0lGODlhAQABAIAAAAAAAP\/\/\/yH5BAEAAAAALAAAAAABAAEAAAIBRAA7\" loading=\"eager\" alt=\"Ketil Solvik-Olsen er assosiert partner i Geelmuyden Kiese\" title=\"Foto: Per-Ivar Kvalsvik \/ NRK\"\/><\/p>\n<p class=\"\">R\u00e5dgiver i Civita, Ketil Solvik-Olsen, tror ikke Trump vil annektere Gr\u00f8nland. Dette er en del av presidentens forhandlingsspill, mener han.<\/p>\n<p>Foto: Per-Ivar Kvalsvik \/ NRK<\/p>\n<p>F\u00e5r st\u00f8tte fra EU<\/p>\n<p>EU har i etterkant av Trumps nyhet om spesialutsending til Gr\u00f8nland, vist st\u00f8tte til Danmark og Gr\u00f8nland.<\/p>\n<p>\u2013 Tryggheten i Arktis er fremdeles en viktig prioritet for Den europeiske union, sier EU-kommisjonens president Ursula von der Leyen og presidenten for Det europeiske r\u00e5det Antonio Costra.<\/p>\n<p>De viser til at landegrenser og suverenitet er grunnleggende prinsipper i folkeretten, og er avgj\u00f8rende for b\u00e5de EU og alle nasjoner i verden.<\/p>\n<p><strong>\u2013 EU st\u00e5r i full solidaritet med Danmark og Gr\u00f8nlands befolkning.<\/strong><\/p>\n<p><img decoding=\"async\"   src=\"data:image\/gif;base64,R0lGODlhAQABAIAAAAAAAP\/\/\/yH5BAEAAAAALAAAAAABAAEAAAIBRAA7\" loading=\"eager\" alt=\"En kvinne st\u00e5r ved en talerstol i et konferanserom i Brussel, if\u00f8rt en bl\u00e5 jakke. Hun holder en mikrofon og ser ut mot et publikum. Bakgrunnen er m\u00f8rk med lys bl\u00e5 detaljer, og et europeisk unionssymbol er synlig p\u00e5 talerstolen. Arrangementet ser ut til \u00e5 handle om et offisielt m\u00f8te eller mediekonferanse. (Bildebeskrivelsen er laget av en KI-tjeneste)\" title=\"Foto: Geert Vanden Wijngaert \/ AP \/ NTB\"\/><\/p>\n<p class=\"\">President for EU-kommisjonen, Ursula von der Leyen har uttrykt st\u00f8tte til det danske og gr\u00f8nlandske folk.<\/p>\n<p>Foto: Geert Vanden Wijngaert \/ AP \/ NTB<\/p>\n<p>Publisert<\/p>\n<p>22.12.2025, kl. 21.34<\/p>\n","protected":false},"excerpt":{"rendered":"\u2013 Jeg tror man skal se det dypt alvorlig, og det gj\u00f8r vi ogs\u00e5. Dette er ikke for&hellip;\n","protected":false},"author":2,"featured_media":119970,"comment_status":"","ping_status":"","sticky":false,"template":"","format":"standard","meta":{"footnotes":""},"categories":[12],"tags":[20,21,24,25,15,22,23,13,30,28,29,14,16,26,27,42,43,44,45],"class_list":{"0":"post-119969","1":"post","2":"type-post","3":"status-publish","4":"format-standard","5":"has-post-thumbnail","7":"category-verden","8":"tag-breaking-news","9":"tag-breakingnews","10":"tag-featured-news","11":"tag-featurednews","12":"tag-headlines","13":"tag-latest-news","14":"tag-latestnews","15":"tag-news","16":"tag-no","17":"tag-norge","18":"tag-norway","19":"tag-nyheter","20":"tag-overskrifter","21":"tag-top-stories","22":"tag-topstories","23":"tag-verden","24":"tag-world","25":"tag-world-news","26":"tag-worldnews"},"share_on_mastodon":{"url":"https:\/\/pubeurope.com\/@no\/115765429372909895","error":""},"_links":{"self":[{"href":"https:\/\/www.europesays.com\/no\/wp-json\/wp\/v2\/posts\/119969","targetHints":{"allow":["GET"]}}],"collection":[{"href":"https:\/\/www.europesays.com\/no\/wp-json\/wp\/v2\/posts"}],"about":[{"href":"https:\/\/www.europesays.com\/no\/wp-json\/wp\/v2\/types\/post"}],"author":[{"embeddable":true,"href":"https:\/\/www.europesays.com\/no\/wp-json\/wp\/v2\/users\/2"}],"replies":[{"embeddable":true,"href":"https:\/\/www.europesays.com\/no\/wp-json\/wp\/v2\/comments?post=119969"}],"version-history":[{"count":0,"href":"https:\/\/www.europesays.com\/no\/wp-json\/wp\/v2\/posts\/119969\/revisions"}],"wp:featuredmedia":[{"embeddable":true,"href":"https:\/\/www.europesays.com\/no\/wp-json\/wp\/v2\/media\/119970"}],"wp:attachment":[{"href":"https:\/\/www.europesays.com\/no\/wp-json\/wp\/v2\/media?parent=119969"}],"wp:term":[{"taxonomy":"category","embeddable":true,"href":"https:\/\/www.europesays.com\/no\/wp-json\/wp\/v2\/categories?post=119969"},{"taxonomy":"post_tag","embeddable":true,"href":"https:\/\/www.europesays.com\/no\/wp-json\/wp\/v2\/tags?post=119969"}],"curies":[{"name":"wp","href":"https:\/\/api.w.org\/{rel}","templated":true}]}}