{"id":119979,"date":"2025-12-22T21:57:11","date_gmt":"2025-12-22T21:57:11","guid":{"rendered":"https:\/\/www.europesays.com\/no\/119979\/"},"modified":"2025-12-22T21:57:11","modified_gmt":"2025-12-22T21:57:11","slug":"tidenes-juleferie-sa-mange-fridager-kan-du-fa-i-juleferien","status":"publish","type":"post","link":"https:\/\/www.europesays.com\/no\/119979\/","title":{"rendered":"\u00abTidenes juleferie\u00bb? S\u00e5 mange fridager kan du f\u00e5 i juleferien"},"content":{"rendered":"\n<p class=\"_lead_o9xde_2 _lead_xtcu6_50 layout-component text-serif-m layout-normal text-serif-l layout-component layout-wide layout-padded _wide_17hqh_1 layout-padded\">I \u00e5r ligger det noen ekstra gaver under treet. Av den r\u00f8de og inneklemte sorten.<\/p>\n<p><img alt=\"\" class=\"_image_qp4xg_65 layout-component layout-wide\" data-fullscreen- data-track-element-type=\"Article image fullscreen\" data-track-name=\"ImageFullscreen\" fetchpriority=\"high\" decoding=\"sync\" loading=\"eager\" height=\"1668\" itemprop=\"image\"  src=\"https:\/\/www.europesays.com\/no\/wp-content\/uploads\/2025\/12\/97aec7eb-7da6-4eba-95d6-959c61d252cf\"  style=\"object-position:0% 0%\" width=\"2500\"\/><\/p>\n<ul aria-hidden=\"true\" class=\"_images_ntbth_112\">\n<li><a class=\"_link_ntbth_117\" href=\"https:\/\/www.vg.no\/forfatter\/martin-s-folkvord\" style=\"z-index:2\" title=\"Martin S. Folkvord\" rel=\"nofollow noopener\" target=\"_blank\"><img alt=\"Bilde av Martin S. Folkvord\" class=\"_image_ntbth_93\" fetchpriority=\"low\" loading=\"lazy\" decoding=\"async\" itemprop=\"image\"  src=\"https:\/\/www.europesays.com\/no\/wp-content\/uploads\/2025\/12\/1766440629_317_fbf0e45f-2002-4701-9ff7-f2b359f93462\"  width=\"480\"\/><\/a><\/li>\n<li><a class=\"_link_ntbth_117\" href=\"https:\/\/www.vg.no\/forfatter\/ola-haram\" style=\"z-index:1\" title=\"Ola Haram\" rel=\"nofollow noopener\" target=\"_blank\"><img alt=\"Bilde av Ola Haram\" class=\"_image_ntbth_93\" fetchpriority=\"low\" loading=\"lazy\" decoding=\"async\" itemprop=\"image\"  src=\"https:\/\/www.europesays.com\/no\/wp-content\/uploads\/2025\/12\/1766440630_190_eb1cd510-8bbd-41ad-8377-f4ff91e91460\"  width=\"480\"\/><\/a><\/li>\n<\/ul>\n<p> Oppdatert mandag 22. desember kl. 22:03    <\/p>\n<ul class=\"_list_o9xde_3 _list_64s2r_85 _unordered_o9xde_106 text-sans-m\">\n<li class=\"_item_o9xde_30\">I mangel p\u00e5 viktigere ting \u00e5 lage journalistikk om, har VG sjekket om juleferien 2026 blir tidenes juleferie.<\/li>\n<li class=\"_item_o9xde_30\">I jakt p\u00e5 svaret har vi ringt en tilfeldig kar fra S\u00f8rlandet som ikke hadde s\u00e5 mye \u00e5 bidra med, og ogs\u00e5 funnet en helt ny kalender-ekspert.<\/li>\n<li class=\"_item_o9xde_30\">Vil du vite om det er tidenes juleferie i \u00e5r? Da m\u00e5 du faktisk lese hele saken. Men du skal f\u00e5 et hint: Det ser ikke d\u00e5rlig ut i \u00e5r.<\/li>\n<\/ul>\n<p>Vis mer <\/p>\n<p class=\"_paragraph_o9xde_4 _paragraph_xtcu6_10 layout-component text-serif-m layout-normal text-serif-m layout-padded\">Adventstiden g\u00e5r mot slutten. Og med det starter et fast ritual for de i samfunnet som ikke har turnusjobber: <\/p>\n<p class=\"_paragraph_o9xde_4 _paragraph_xtcu6_10 layout-component text-serif-m layout-normal text-serif-m layout-padded\">Sjekke hvilke ukedager de r\u00f8de dagene faller p\u00e5 i \u00e5r. Det er nemlig det som avgj\u00f8r hvor lang juleferien din blir.<\/p>\n<p class=\"_paragraph_o9xde_4 _paragraph_xtcu6_10 layout-component text-serif-m layout-normal text-serif-m layout-padded\">Og i \u00e5r er det mye r\u00f8dt \u00e5 se i kalenderen. Men er det tidenes h\u00f8ytidsferie? Her m\u00e5 vi sjekke med en ekspert.<\/p>\n<p><img alt=\"Foto: Gorm Kallestad \/ NTB\" class=\"_image_qp4xg_65 layout-component layout-normal\" data-fullscreen- data-track-element-type=\"Article image fullscreen\" data-track-name=\"ImageFullscreen\" decoding=\"async\" loading=\"lazy\" height=\"3749\" itemprop=\"image\"  src=\"https:\/\/www.europesays.com\/no\/wp-content\/uploads\/2025\/12\/72612db0-7d3a-4435-a091-ace8e36b2051\"  style=\"object-position:0% 0%\" width=\"5661\"\/>Foto: Gorm Kallestad \/ NTB<\/p>\n<p class=\"_paragraph_o9xde_4 _paragraph_xtcu6_10 layout-component text-serif-m layout-normal text-serif-m layout-padded\">Utrolig nok viser det seg at i Norge, landet med selverkl\u00e6rte eksperter p\u00e5 enhver knaus, er det ikke \u00e9n eneste person som har tatt tittelen \u00abkalenderekspert\u00bb.<\/p>\n<p class=\"_paragraph_o9xde_4 _paragraph_xtcu6_10 layout-component text-serif-m layout-normal text-serif-m layout-padded\">Vi g\u00e5r for det nest beste. Vi ringer en fyr som heter Karl Endre.<\/p>\n<p class=\"_paragraph_o9xde_4 _paragraph_xtcu6_10 layout-component text-serif-m layout-normal text-serif-m layout-padded\">\u2013 Ja hallo, det er fra VG. Kan vi stille deg noen sp\u00f8rsm\u00e5l om juleferien?<\/p>\n<p class=\"_paragraph_o9xde_4 _paragraph_xtcu6_10 layout-component text-serif-m layout-normal text-serif-m layout-padded\">\u2013 Ehhhhh, ok, sier Karl Endre Igland, som VG fant i telefonkatalogen.<\/p>\n<p class=\"_paragraph_o9xde_4 _paragraph_xtcu6_10 layout-component text-serif-m layout-normal text-serif-m layout-padded\">Karl Endre er en sindig s\u00f8rlending som aldri tidligere har tenkt over at navnet hans til forveksling kan h\u00f8res likt ut som ordet \u00abkalender\u00bb.<\/p>\n<p class=\"_paragraph_o9xde_4 _paragraph_xtcu6_10 layout-component text-serif-m layout-normal text-serif-m layout-padded\">Ikke har han tenkt \u00e5 ta noe s\u00e6rlig ekstra fri fra jobben som daglig leder i det lokale idrettslaget i julen, heller.<\/p>\n<p class=\"_paragraph_o9xde_4 _paragraph_xtcu6_10 layout-component text-serif-m layout-normal text-serif-m layout-padded\">\u2013 Nei, jeg skal vel jobbe til og med lille julaften. Og s\u00e5 m\u00e5 jeg nok p\u00e5 jobb i romjulen igjen.<\/p>\n<p class=\"_paragraph_o9xde_4 _paragraph_xtcu6_10 layout-component text-serif-m layout-normal text-serif-m layout-padded\">For denne karen er det ikke engang fri \u00e5 f\u00e5 p\u00e5 julaften:<\/p>\n<p>   S\u00e5 mange feriedager f\u00e5r du<\/p>\n<p class=\"_paragraph_o9xde_4 _paragraph_xtcu6_10 layout-component text-serif-m layout-normal text-serif-m layout-padded\">Ok, s\u00e5 det viser seg at Karl Endre er et s\u00e5pass arbeidsjern at han ikke var riktig mann \u00e5 sp\u00f8rre om hvordan man makser ferien.<\/p>\n<p class=\"_paragraph_o9xde_4 _paragraph_xtcu6_10 layout-component text-serif-m layout-normal text-serif-m layout-padded\">Vi late, ferieelskende journalister bestemmer oss i stedet for \u00e5 gj\u00f8re jobben selv. Og vi har store nyheter!<\/p>\n<p class=\"_paragraph_o9xde_4 _paragraph_xtcu6_10 layout-component text-serif-m layout-normal text-serif-m layout-padded\"><strong class=\"_strong_o9xde_25\">Nesten uansett hvordan du regner p\u00e5 det, blir \u00e5rets ferie noe av det beste du kan h\u00e5pe p\u00e5.<\/strong><\/p>\n<ul class=\"_list_o9xde_3 _list_xtcu6_9 _unordered_o9xde_106 layout-component text-serif-m layout-normal text-serif-m layout-padded\">\n<li class=\"_item_o9xde_30\">Har du mulighet til \u00e5 ta ut <strong class=\"_strong_o9xde_25\">fem feriedager<\/strong>, kan du glede deg til 16 hele fridager. Da tar du fri 22., 23., 29. og 30. desember, pluss 2. januar. Da m\u00e5 du ikke p\u00e5 jobb igjen f\u00f8r 5. januar! Neste gang du har denne muligheten er i 2029.<\/li>\n<li class=\"_item_o9xde_30\">Med <strong class=\"_strong_o9xde_25\">fire feriedager <\/strong>kan du f\u00e5 13 fridager p\u00e5 rad, fra julaften til 5. januar. Ogs\u00e5 denne muligheten f\u00e5r du ikke igjen f\u00f8r i 2029.<\/li>\n<li class=\"_item_o9xde_30\">Kan du ta ut<strong class=\"_strong_o9xde_25\"> tre feriedager<\/strong>, kan du se frem til 12 fridager p\u00e5 rad. I s\u00e5 fall jobber du frem til og med lille julaften, f\u00f8r du tar 29. og 30. desember fri, og sniker inn en liten fridag til p\u00e5 andre nytt\u00e5rsdag. Nok en gang er 2029 neste gang du f\u00e5r den sjansen.<\/li>\n<li class=\"_item_o9xde_30\">Har du to <strong class=\"_strong_o9xde_25\">feriedager<\/strong> du kan ta ut? Da f\u00e5r du ni dager sammenhengende ferie i \u00e5r, fra julaften til 2. januar. Det er bedre enn de fleste \u00e5r, men det er likevel ikke det aller beste som g\u00e5r an: I 2029 kan du med bare to fridager f\u00e5 11 dager ferie.<\/li>\n<\/ul>\n<p class=\"_paragraph_o9xde_4 _paragraph_xtcu6_10 layout-component text-serif-m layout-normal text-serif-m layout-padded\"><strong class=\"_strong_o9xde_25\">S\u00e5 om du har tre, fire eller fem feriedager \u00e5 avse, er 2025-ferien den lengste juleferien du kan f\u00e5. <\/strong><\/p>\n<p class=\"_paragraph_o9xde_4 _paragraph_xtcu6_10 layout-component text-serif-m layout-normal text-serif-m layout-padded\">Har du bare to dager, er \u00e5rets ferie \u00e9n av de beste \u2013 men ikke den aller beste.<\/p>\n<p>Dette sier den faktiske eksperten<\/p>\n<p class=\"_paragraph_o9xde_4 _paragraph_xtcu6_10 layout-component text-serif-m layout-normal text-serif-m layout-padded\">Til slutt f\u00e5r VG faktisk tak i en ekte ekspert. Steffen Thorsen er grunnlegger og eier av nettstedet timeanddate.comgrunnlegger og eier av nettstedet timeanddate.comDet h\u00f8res jo helt utrolig ut at det skal g\u00e5 an \u00e5 tjene over 190 millioner kroner p\u00e5 et nettsted for klokkeslett, soloppganger og tidssoner, men if\u00f8lge Finansavisen har Thorsen faktisk gjort det!.<\/p>\n<p class=\"_paragraph_o9xde_4 _paragraph_xtcu6_10 layout-component text-serif-m layout-normal text-serif-m layout-padded\">\u2013 Er det tidenes juleferie?<\/p>\n<p class=\"_paragraph_o9xde_4 _paragraph_xtcu6_10 layout-component text-serif-m layout-normal text-serif-m layout-padded\">\u2013 Jeg har registrert det. Mange inneklemte dager er jo bra, sier Thorsen til VG.<\/p>\n<p><img alt=\"Gr\u00fcnder og nyutnevnt kalenderekspert Steffen Thorsen.\" class=\"_image_qp4xg_65 layout-component layout-normal\" data-fullscreen- data-track-element-type=\"Article image fullscreen\" data-track-name=\"ImageFullscreen\" decoding=\"async\" loading=\"lazy\" height=\"991\" itemprop=\"image\"  src=\"https:\/\/www.europesays.com\/no\/wp-content\/uploads\/2025\/12\/3d11087f-8198-44e5-910c-a068fc467d57\"  style=\"object-position:0% 0%\" width=\"1486\"\/>Gr\u00fcnder og nyutnevnt kalenderekspert Steffen Thorsen.<\/p>\n<p class=\"_paragraph_o9xde_4 _paragraph_xtcu6_10 layout-component text-serif-m layout-normal text-serif-m layout-padded\">Han forklarer at det verste er hvis julaften er p\u00e5 en l\u00f8rdag. Da f\u00e5r man ikke en \u00abekstra\u00bb fridag p\u00e5 julaften og heller ikke p\u00e5 1. juledag (s\u00f8ndag). Det samme skjer med nytt\u00e5rsaften og 1. nytt\u00e5rsdag.<\/p>\n<p class=\"_paragraph_o9xde_4 _paragraph_xtcu6_10 layout-component text-serif-m layout-normal text-serif-m layout-padded\">Men n\u00e5r Thorsen regner seg fremover, ser han at det er lenge til vi m\u00e5 klare oss gjennom en slik jul. Siden det er skudd\u00e5r i 2028, hopper vi nemlig overhopper vi nemlig overJulaften flytter seg alltid en ukedag fremover fra forrige \u00e5r (siden det er onsdag i \u00e5r, blir det torsdag neste \u00e5r og s\u00e5 videre). Bortsett fra hvert fjerde \u00e5r n\u00e5r det er skudd\u00e5r \u2013 da hopper vi to dager fremover. en runde med den verst tenkelige ferien. Neste runde med l\u00f8rdags-julaften kommer dermed ikke f\u00f8r i 2033.<\/p>\n<p class=\"_paragraph_o9xde_4 _paragraph_xtcu6_10 layout-component text-serif-m layout-normal text-serif-m layout-padded\">Og i \u00e5r havner alts\u00e5 alle fridagene p\u00e5 jobbdager.<\/p>\n<p class=\"_paragraph_o9xde_4 _paragraph_xtcu6_10 layout-component text-serif-m layout-normal text-serif-m layout-padded\">\u2013 Som arbeidsgiver kan det v\u00e6re uheldig, men som arbeidstager er det jo veldig bra, sier Thorsen.<\/p>\n","protected":false},"excerpt":{"rendered":"I \u00e5r ligger det noen ekstra gaver under treet. Av den r\u00f8de og inneklemte sorten. Oppdatert mandag 22.&hellip;\n","protected":false},"author":2,"featured_media":119980,"comment_status":"","ping_status":"","sticky":false,"template":"","format":"standard","meta":{"footnotes":""},"categories":[10],"tags":[20,21,24,25,15,5593,11197,22,23,13,30,28,29,14,16,26,27],"class_list":{"0":"post-119979","1":"post","2":"type-post","3":"status-publish","4":"format-standard","5":"has-post-thumbnail","7":"category-norge","8":"tag-breaking-news","9":"tag-breakingnews","10":"tag-featured-news","11":"tag-featurednews","12":"tag-headlines","13":"tag-jul","14":"tag-juleferie","15":"tag-latest-news","16":"tag-latestnews","17":"tag-news","18":"tag-no","19":"tag-norge","20":"tag-norway","21":"tag-nyheter","22":"tag-overskrifter","23":"tag-top-stories","24":"tag-topstories"},"share_on_mastodon":{"url":"https:\/\/pubeurope.com\/@no\/115765461160779078","error":""},"_links":{"self":[{"href":"https:\/\/www.europesays.com\/no\/wp-json\/wp\/v2\/posts\/119979","targetHints":{"allow":["GET"]}}],"collection":[{"href":"https:\/\/www.europesays.com\/no\/wp-json\/wp\/v2\/posts"}],"about":[{"href":"https:\/\/www.europesays.com\/no\/wp-json\/wp\/v2\/types\/post"}],"author":[{"embeddable":true,"href":"https:\/\/www.europesays.com\/no\/wp-json\/wp\/v2\/users\/2"}],"replies":[{"embeddable":true,"href":"https:\/\/www.europesays.com\/no\/wp-json\/wp\/v2\/comments?post=119979"}],"version-history":[{"count":0,"href":"https:\/\/www.europesays.com\/no\/wp-json\/wp\/v2\/posts\/119979\/revisions"}],"wp:featuredmedia":[{"embeddable":true,"href":"https:\/\/www.europesays.com\/no\/wp-json\/wp\/v2\/media\/119980"}],"wp:attachment":[{"href":"https:\/\/www.europesays.com\/no\/wp-json\/wp\/v2\/media?parent=119979"}],"wp:term":[{"taxonomy":"category","embeddable":true,"href":"https:\/\/www.europesays.com\/no\/wp-json\/wp\/v2\/categories?post=119979"},{"taxonomy":"post_tag","embeddable":true,"href":"https:\/\/www.europesays.com\/no\/wp-json\/wp\/v2\/tags?post=119979"}],"curies":[{"name":"wp","href":"https:\/\/api.w.org\/{rel}","templated":true}]}}