{"id":119991,"date":"2025-12-22T22:33:13","date_gmt":"2025-12-22T22:33:13","guid":{"rendered":"https:\/\/www.europesays.com\/no\/119991\/"},"modified":"2025-12-22T22:33:13","modified_gmt":"2025-12-22T22:33:13","slug":"kjopte-jaktkniv-en-uke-for","status":"publish","type":"post","link":"https:\/\/www.europesays.com\/no\/119991\/","title":{"rendered":"Kj\u00f8pte jaktkniv en uke f\u00f8r"},"content":{"rendered":"<p class=\"kicker \" style=\"\">Kampen-drapet<\/p>\n<p>  En ukes tid f\u00f8r drapet p\u00e5 Tamima Nibras Juhar (34), kj\u00f8pte Djordje Wilms (18) det angivelige drapsv\u00e5penet p\u00e5 internett.<\/p>\n<p>\n    SIKTET: Djordje Wilms, her avbildet under et fengslingsm\u00f8te, erkjenner at han drepte 34-\u00e5ringen, men nekter straffskyld. Foto: John Terje Pedersen \/ Dagbladet\n  <\/p>\n<p> Djordje Wilms (18) er siktet for drap med terrorhensikt etter \u00e5 ha knivstukket Tamima Nibras Juhar (34) ved et forsterket hybeltiltak i regi av barnevernet p\u00e5 Kampen i Oslo i slutten av august. <\/p>\n<p> Wilms &#8211; som var i\u00a0frivillig\u00a0ettervern &#8211;\u00a0har knyttet seg til drapet. Han nekter likevel straffskyld fordi han mener det var en \u00abpolitisk handling\u00bb. <\/p>\n<p> I politiavh\u00f8r har Wilms gitt uttrykk for at han \u00f8nsket \u00e5 skade flere personer, og har blant annet forklart at\u00a0<a href=\"https:\/\/www.dagbladet.no\/nyheter\/ville-angripe-moske-pa-honefoss-1\/83516447\" rel=\"nofollow noopener\" target=\"_blank\">han ville angripe en mosk\u00e9<\/a>\u00a0p\u00e5 H\u00f8nefoss.\u00a0<\/p>\n<p>&#8211; Siktede har forklart at han planla drapet noe tid i forkant. Han har videre forklart at det var en politisk handling og at han hadde til hensikt \u00e5 drepe flere muslimer, sier politiadvokat Oda Karterud.\u00a0<\/p>\n<p>        <img loading=\"lazy\" decoding=\"async\" src=\"https:\/\/www.europesays.com\/no\/wp-content\/uploads\/2025\/12\/84020207.webp\" width=\"980\" height=\"559\" title=\"SNART FERDIG: Politiadvokat Oda Karterud opplyser at etterforskningen n\u00e6rmer seg slutten. Foto: John Terje Pedersen \/ Dagbladet\" alt=\"\" class=\"\" style=\"--aspect-ratio-image: 1.75; \"\/><\/p>\n<p>\n        SNART FERDIG: Politiadvokat Oda Karterud opplyser at etterforskningen n\u00e6rmer seg slutten. Foto: John Terje Pedersen \/ Dagbladet\n    <\/p>\n<p>Hun forklarer at det gjennom etterforskningen har kommet frem opplysninger som underbygger at drapshandlingen ble planlagt.\u00a0<\/p>\n<p>&#8211; Blant annet at det antatte drapsv\u00e5penet &#8211; en jaktkniv &#8211; ble kj\u00f8pt av siktede p\u00e5 internett. Dette ble gjort i august 2025, en ukes tid forut for drapet, sier politiadvokaten.\u00a0<\/p>\n<p>    <a itemprop=\"url\" href=\"https:\/\/www.dagbladet.no\/nyheter\/fengslet-i-fire-nye-uker\/83625396\" rel=\"nofollow noopener\" target=\"_blank\"><\/p>\n<p>        <img loading=\"lazy\" decoding=\"async\" src=\"https:\/\/www.europesays.com\/no\/wp-content\/uploads\/2025\/12\/83625700.webp\" width=\"147\" height=\"98\" title=\"Fengslet i fire nye uker\" alt=\"\" class=\"lazyload\" style=\"--aspect-ratio-image: 1.50; \"\/><\/p>\n<p>        Fengslet i fire nye uker<\/p>\n<p>    <\/a><\/p>\n<p>Snart ferdig etterforsket\t<\/p>\n<p>18-\u00e5ringens forsvarer, Petter Mandt, \u00f8nsker ikke \u00e5 kommentere opplysningene om planlegging.<\/p>\n<p>Karterud opplyser at etterforskningen n\u00e6rmer seg ferdigstilt.<\/p>\n<p>&#8211; Politiet venter p\u00e5 endelig obduksjonsrapport. Vi har nylig mottatt den rettspsykiatriske erkl\u00e6ringen og venter n\u00e5 p\u00e5 at den skal behandles av Den rettsmedisinske kommisjon, sier hun.\u00a0<\/p>\n<p>Politiet har tidligere bekreftet at den siktede 18-\u00e5ringen var i besittelse av jaktkniven da han ble p\u00e5grepet. Han hadde p\u00e5 seg cargobukser og en genser, og hadde med seg en hjelm.<\/p>\n<p>Som <a href=\"https:\/\/www.dagbladet.no\/nyheter\/forsokte-a-stikke-av-i-avdodes-bil\/83555019\" rel=\"nofollow noopener\" target=\"_blank\">Dagbladet tidligere har omtalt<\/a>, fors\u00f8kte Wilms \u00e5 stjele avd\u00f8des bil og r\u00f8mme fra \u00e5stedet etter drapet.<\/p>\n<p>&#8211; Vi har informasjon om at siktede har kj\u00f8rt en bil i et garasjeanlegg\u00a0tilknyttet byg\u00e5rden, og at den stoppet ved garasjeporten. Han har forklart seg om \u00e5rsaken til at\u00a0bilen har blitt st\u00e5ende der, har Karterud tidligere bekreftet.\u00a0<\/p>\n<p>        <img loading=\"lazy\" decoding=\"async\" src=\"https:\/\/www.europesays.com\/no\/wp-content\/uploads\/2025\/12\/84020212.webp\" width=\"686\" height=\"680\" title=\"DREPT: Tamima Nibras Juhar (34) ble drept mens hun var p\u00e5 jobb ved et forsterket hybeltiltak i regi av barnevernet p\u00e5 Kampen i Oslo. Foto: Privat \/ Elden Advokatfirma\" alt=\"\" class=\"\" style=\"--aspect-ratio-image: 1.01; \"\/><\/p>\n<p>\n        DREPT: Tamima Nibras Juhar (34) ble drept mens hun var p\u00e5 jobb ved et forsterket hybeltiltak i regi av barnevernet p\u00e5 Kampen i Oslo. Foto: Privat \/ Elden Advokatfirma\n    <\/p>\n<p>PST var varslet\t<\/p>\n<p>If\u00f8lge Dagbladets opplysninger var det en beboer p\u00e5 hybeltiltaket &#8211; en gutt &#8211; som f\u00f8rst fant Juhar hardt skadd den aktuelle natta.<\/p>\n<p>Det har tidligere kommet fram at ansatte ved hybeltiltaket meldte fra om bekymringsfull oppf\u00f8rsel fra 18-\u00e5ringen, etter blant annet nazistiske uttalelser.\u00a0<\/p>\n<p>PST var kjent med 18-\u00e5ringen, men vurderte at han <a href=\"https:\/\/www.dagbladet.no\/nyheter\/pst-vurdering-lav-trussel\/83502870\" rel=\"nofollow noopener\" target=\"_blank\">utgjorde\u00a0en lav trussel<\/a>.<\/p>\n<p>        <img loading=\"lazy\" decoding=\"async\" src=\"https:\/\/www.europesays.com\/no\/wp-content\/uploads\/2025\/12\/84020264.webp\" width=\"667\" height=\"381\" title=\"SKJEDDE HER: Drapet skjedde p\u00e5 Kampen i Oslo natt til 24. august i \u00e5r. Foto: Lars Eivind Bones \/ Dagbladet\" alt=\"\" class=\"\" style=\"--aspect-ratio-image: 1.75; \"\/><\/p>\n<p>\n        SKJEDDE HER: Drapet skjedde p\u00e5 Kampen i Oslo natt til 24. august i \u00e5r. Foto: Lars Eivind Bones \/ Dagbladet\n    <\/p>\n<p>Dagbladet har tidligere omtalt at 18-\u00e5ringen skal ha\u00a0<a href=\"https:\/\/www.dagbladet.no\/nyheter\/siktede-snakket-om-a-drepe\/83500883\" rel=\"nofollow noopener\" target=\"_blank\">snakket om \u00abhvordan det ville f\u00f8les \u00e5 drepe\u00bb<\/a>\u00a0p\u00e5 hybetiltaket.\u00a0<\/p>\n<p>I en rapport fra Arbeidstilsynet, som ble lagt fram i november, kommer det fram at\u00a0de mener at Gemt AS har <a href=\"https:\/\/www.dagbladet.no\/nyheter\/arbeidsgiver-far-sterk-kritikk\/83809267\" rel=\"nofollow noopener\" target=\"_blank\">sviktet i \u00e5 ivareta sikkerheten til ansatte<\/a>. <\/p>\n","protected":false},"excerpt":{"rendered":"Kampen-drapet En ukes tid f\u00f8r drapet p\u00e5 Tamima Nibras Juhar (34), kj\u00f8pte Djordje Wilms (18) det angivelige drapsv\u00e5penet&hellip;\n","protected":false},"author":2,"featured_media":119992,"comment_status":"","ping_status":"","sticky":false,"template":"","format":"standard","meta":{"footnotes":""},"categories":[5],"tags":[20,21,24,25,15,19,2539,22,23,17,18,13,30,28,29,14,16,26,27],"class_list":{"0":"post-119991","1":"post","2":"type-post","3":"status-publish","4":"format-standard","5":"has-post-thumbnail","7":"category-overskrifter","8":"tag-breaking-news","9":"tag-breakingnews","10":"tag-featured-news","11":"tag-featurednews","12":"tag-headlines","13":"tag-hovedoppslag","14":"tag-innenriks","15":"tag-latest-news","16":"tag-latestnews","17":"tag-main-news","18":"tag-mainnews","19":"tag-news","20":"tag-no","21":"tag-norge","22":"tag-norway","23":"tag-nyheter","24":"tag-overskrifter","25":"tag-top-stories","26":"tag-topstories"},"share_on_mastodon":{"url":"https:\/\/pubeurope.com\/@no\/115765602522243848","error":""},"_links":{"self":[{"href":"https:\/\/www.europesays.com\/no\/wp-json\/wp\/v2\/posts\/119991","targetHints":{"allow":["GET"]}}],"collection":[{"href":"https:\/\/www.europesays.com\/no\/wp-json\/wp\/v2\/posts"}],"about":[{"href":"https:\/\/www.europesays.com\/no\/wp-json\/wp\/v2\/types\/post"}],"author":[{"embeddable":true,"href":"https:\/\/www.europesays.com\/no\/wp-json\/wp\/v2\/users\/2"}],"replies":[{"embeddable":true,"href":"https:\/\/www.europesays.com\/no\/wp-json\/wp\/v2\/comments?post=119991"}],"version-history":[{"count":0,"href":"https:\/\/www.europesays.com\/no\/wp-json\/wp\/v2\/posts\/119991\/revisions"}],"wp:featuredmedia":[{"embeddable":true,"href":"https:\/\/www.europesays.com\/no\/wp-json\/wp\/v2\/media\/119992"}],"wp:attachment":[{"href":"https:\/\/www.europesays.com\/no\/wp-json\/wp\/v2\/media?parent=119991"}],"wp:term":[{"taxonomy":"category","embeddable":true,"href":"https:\/\/www.europesays.com\/no\/wp-json\/wp\/v2\/categories?post=119991"},{"taxonomy":"post_tag","embeddable":true,"href":"https:\/\/www.europesays.com\/no\/wp-json\/wp\/v2\/tags?post=119991"}],"curies":[{"name":"wp","href":"https:\/\/api.w.org\/{rel}","templated":true}]}}