{"id":119997,"date":"2025-12-22T22:39:27","date_gmt":"2025-12-22T22:39:27","guid":{"rendered":"https:\/\/www.europesays.com\/no\/119997\/"},"modified":"2025-12-22T22:39:27","modified_gmt":"2025-12-22T22:39:27","slug":"trafikk-jul-samferdselsministeren-med-krystallklar-beskjed-for-jul-hold-blikket-pa-veien","status":"publish","type":"post","link":"https:\/\/www.europesays.com\/no\/119997\/","title":{"rendered":"Trafikk, Jul | Samferdselsministeren med krystallklar beskjed f\u00f8r jul: \u2013 Hold blikket p\u00e5 veien"},"content":{"rendered":"\n<p>N\u00e5 oppfordrer Statens veivesen til god planlegging, ekstra kj\u00f8retid og vinterklar bil.<\/p>\n<p>Over halvparten av de som skal reise bort i julen, velger nemlig bilen som transportmiddel.<\/p>\n<p>\u2013 God planlegging kan v\u00e6re lurt n\u00e5r det er vinterf\u00f8re og mer trafikk enn normalt. Bruk gjerne appen Vegvesen trafikk. Der finner du god informasjon om hvordan trafikken flyter, og du kan sette opp varsel p\u00e5 dine favorittstrekninger. Appen gir deg ogs\u00e5 status for b\u00e5de glatte veier og stengte fjelloverganger, og er et nyttig supplement til v\u00e6rmeldinger og kartl\u00f8sninger, sier Kurt Jomar Breistrand, avdelingsdirekt\u00f8r p\u00e5 Vegtrafikksentralen i en pressemelding.<\/p>\n<p>Hver tredje reiser bort<\/p>\n<p>De fleste feirer julen hjemme, men omtrent hver tredje nordmann skal reise bort til jul eller i julen. Hver fjerde av oss skal reise til et annet sted i Norge. Over halvparten av de som skal reise innenlands, tar veien fatt \u2013 i bil, og de fleste reiser fra Oslo. Nordlendingene velger \u00e5 bli hjemme i jula.<\/p>\n<p>            Norske reisevaner<\/p>\n<ul>\n<li>67 prosent blir i n\u00e6rmilj\u00f8et<\/li>\n<li>24 prosent skal reise innenlands<\/li>\n<li>7 prosent skal til utlandet<\/li>\n<li>48 prosent i alderen 18 til 29 \u00e5r skal reise bort<\/li>\n<li>I Oslo skal 52 prosent reise bort<\/li>\n<li>I Telemark skal 49 prosent reise bort<\/li>\n<li>I Nord-Norge (Finnmark, Troms og Nordland) skal 18 prosent reise bort<\/li>\n<li>I M\u00f8re og Romsdal skal bare 8 prosent reise bort<\/li>\n<\/ul>\n<p>(Kilde: Linq Advisors AS)<\/p>\n<p>Breistrand oppfordrer til \u00e5 la kj\u00f8returen bli en del av ferien, og legge stresset bak seg n\u00e5r man sitter bak rattet.<\/p>\n<p>\u2013 Det viktigste er \u00e5 komme trygt frem. Kj\u00f8r mykt, hold avstand til bilen foran og v\u00e6r forberedt p\u00e5 at det kan v\u00e6re glatt. Forbikj\u00f8ringer har sjelden noe for seg p\u00e5 dager med stor trafikk, sier Breistrand.<\/p>\n<p>\u2013 V\u00e6r oppmerksom og aktsom i trafikken<\/p>\n<p>\u2013 Jeg \u00f8nsker at alle som skal ut p\u00e5 veiene v\u00e5re f\u00e5r en god jul sammen med alle sine kj\u00e6re, sier samferdselsminister Jon-Ivar Nyg\u00e5rd.<\/p>\n<p>   <img decoding=\"async\" width=\"8192\" height=\"5464\" fetchpriority=\"low\"  loading=\"lazy\"  src=\"https:\/\/www.europesays.com\/no\/wp-content\/uploads\/2025\/12\/E16+Skaret+a+pning+161225-15.jpg\" alt=\"\" class=\"brick-c-cFOWSL\" style=\"--brick-image-ratio: 8192 \/ 5464;\"\/><\/p>\n<p>      \u00c5PNET: Samferdselminister Jon-Ivar Nyg\u00e5rd og utbyggingsdirekt\u00f8r Kjell Inge Davik i Statens vegvesen under vei\u00e5pningen.<br \/>\n      Foto: Ole Edvin Tangen\n    <\/p>\n<p>Han oppfordrer alle julesj\u00e5f\u00f8rer til \u00e5 v\u00e6re oppmerksom og aktsom i trafikken.<\/p>\n<p>\u2013 H\u00f8y fart og uoppmerksomhet er de viktigste \u00e5rsakene til de alvorlige ulykkene. Disse faktorene kan sj\u00e5f\u00f8ren selv gj\u00f8re noe med. Kj\u00f8r i fartsgrensen og hold blikket p\u00e5 veien, og ikke minst m\u00e5 du v\u00e6re edru og v\u00e5ken n\u00e5r du kj\u00f8rer bil, sier ministeren.<\/p>\n","protected":false},"excerpt":{"rendered":"N\u00e5 oppfordrer Statens veivesen til god planlegging, ekstra kj\u00f8retid og vinterklar bil. Over halvparten av de som skal&hellip;\n","protected":false},"author":2,"featured_media":119998,"comment_status":"","ping_status":"","sticky":false,"template":"","format":"standard","meta":{"footnotes":""},"categories":[10],"tags":[36,20,21,24,25,15,5593,22,23,13,30,28,29,14,16,1899,1510,26,27,224],"class_list":{"0":"post-119997","1":"post","2":"type-post","3":"status-publish","4":"format-standard","5":"has-post-thumbnail","7":"category-norge","8":"tag-art","9":"tag-breaking-news","10":"tag-breakingnews","11":"tag-featured-news","12":"tag-featurednews","13":"tag-headlines","14":"tag-jul","15":"tag-latest-news","16":"tag-latestnews","17":"tag-news","18":"tag-no","19":"tag-norge","20":"tag-norway","21":"tag-nyheter","22":"tag-overskrifter","23":"tag-statens-vegvesen","24":"tag-story","25":"tag-top-stories","26":"tag-topstories","27":"tag-trafikk"},"share_on_mastodon":{"url":"https:\/\/pubeurope.com\/@no\/115765626022096948","error":""},"_links":{"self":[{"href":"https:\/\/www.europesays.com\/no\/wp-json\/wp\/v2\/posts\/119997","targetHints":{"allow":["GET"]}}],"collection":[{"href":"https:\/\/www.europesays.com\/no\/wp-json\/wp\/v2\/posts"}],"about":[{"href":"https:\/\/www.europesays.com\/no\/wp-json\/wp\/v2\/types\/post"}],"author":[{"embeddable":true,"href":"https:\/\/www.europesays.com\/no\/wp-json\/wp\/v2\/users\/2"}],"replies":[{"embeddable":true,"href":"https:\/\/www.europesays.com\/no\/wp-json\/wp\/v2\/comments?post=119997"}],"version-history":[{"count":0,"href":"https:\/\/www.europesays.com\/no\/wp-json\/wp\/v2\/posts\/119997\/revisions"}],"wp:featuredmedia":[{"embeddable":true,"href":"https:\/\/www.europesays.com\/no\/wp-json\/wp\/v2\/media\/119998"}],"wp:attachment":[{"href":"https:\/\/www.europesays.com\/no\/wp-json\/wp\/v2\/media?parent=119997"}],"wp:term":[{"taxonomy":"category","embeddable":true,"href":"https:\/\/www.europesays.com\/no\/wp-json\/wp\/v2\/categories?post=119997"},{"taxonomy":"post_tag","embeddable":true,"href":"https:\/\/www.europesays.com\/no\/wp-json\/wp\/v2\/tags?post=119997"}],"curies":[{"name":"wp","href":"https:\/\/api.w.org\/{rel}","templated":true}]}}