{"id":120001,"date":"2025-12-22T22:45:42","date_gmt":"2025-12-22T22:45:42","guid":{"rendered":"https:\/\/www.europesays.com\/no\/120001\/"},"modified":"2025-12-22T22:45:42","modified_gmt":"2025-12-22T22:45:42","slug":"putin-og-russland-vil-aldri-innromme-svakhet","status":"publish","type":"post","link":"https:\/\/www.europesays.com\/no\/120001\/","title":{"rendered":"\u2013 Putin og Russland vil aldri innr\u00f8mme svakhet"},"content":{"rendered":"<p class=\"kicker \" style=\"\">Krigen i Ukraina:<\/p>\n<p>\n        Ukrainsk soldat avbildet i Donetsk-regionen i h\u00f8st.<br \/>\n        Foto: Oleg Petrasiuk \/ AFP \/ NTB\n    <\/p>\n<p>    Norsk forsker tror en fredsl\u00f8sning kan komme i 2026. Men da m\u00e5 spesielt \u00e9n faktor avklares for Ukraina og Russland.<\/p>\n<p>\u2013 Det har g\u00e5tt framover med Russland, men fryktelig sakte og<br \/>\nmed store tap. Milit\u00e6rt har det skjedd noen sm\u00e5 endringer, men det har ikke<br \/>\nvesentlig endret maktforholdet p\u00e5 slagmarken i 2025, sier Tor Bukkvoll til<br \/>\nDagsavisen.<\/p>\n<p>Han er sjefforsker ved Forsvarets forskningsinstitutt (FFI)<br \/>\nog f\u00f8lger krigen i Ukraina sv\u00e6rt tett.<\/p>\n<p>USA, Ukraina og europeiske land har den siste tiden snakket<br \/>\nom vilk\u00e5rene i en fredsavtale for Ukraina som skal diskuteres med Russland,<br \/>\nsnart fire \u00e5r etter at russerne og president Vladimir Putin gikk til fullskala<br \/>\ninvasjon av nabolandet.<\/p>\n","protected":false},"excerpt":{"rendered":"Krigen i Ukraina: Ukrainsk soldat avbildet i Donetsk-regionen i h\u00f8st. Foto: Oleg Petrasiuk \/ AFP \/ NTB Norsk&hellip;\n","protected":false},"author":2,"featured_media":120002,"comment_status":"","ping_status":"","sticky":false,"template":"","format":"standard","meta":{"footnotes":""},"categories":[12],"tags":[20,21,24,25,15,22,23,13,30,28,29,14,16,26,27,42,43,44,45],"class_list":{"0":"post-120001","1":"post","2":"type-post","3":"status-publish","4":"format-standard","5":"has-post-thumbnail","7":"category-verden","8":"tag-breaking-news","9":"tag-breakingnews","10":"tag-featured-news","11":"tag-featurednews","12":"tag-headlines","13":"tag-latest-news","14":"tag-latestnews","15":"tag-news","16":"tag-no","17":"tag-norge","18":"tag-norway","19":"tag-nyheter","20":"tag-overskrifter","21":"tag-top-stories","22":"tag-topstories","23":"tag-verden","24":"tag-world","25":"tag-world-news","26":"tag-worldnews"},"share_on_mastodon":{"url":"https:\/\/pubeurope.com\/@no\/115765649271204048","error":""},"_links":{"self":[{"href":"https:\/\/www.europesays.com\/no\/wp-json\/wp\/v2\/posts\/120001","targetHints":{"allow":["GET"]}}],"collection":[{"href":"https:\/\/www.europesays.com\/no\/wp-json\/wp\/v2\/posts"}],"about":[{"href":"https:\/\/www.europesays.com\/no\/wp-json\/wp\/v2\/types\/post"}],"author":[{"embeddable":true,"href":"https:\/\/www.europesays.com\/no\/wp-json\/wp\/v2\/users\/2"}],"replies":[{"embeddable":true,"href":"https:\/\/www.europesays.com\/no\/wp-json\/wp\/v2\/comments?post=120001"}],"version-history":[{"count":0,"href":"https:\/\/www.europesays.com\/no\/wp-json\/wp\/v2\/posts\/120001\/revisions"}],"wp:featuredmedia":[{"embeddable":true,"href":"https:\/\/www.europesays.com\/no\/wp-json\/wp\/v2\/media\/120002"}],"wp:attachment":[{"href":"https:\/\/www.europesays.com\/no\/wp-json\/wp\/v2\/media?parent=120001"}],"wp:term":[{"taxonomy":"category","embeddable":true,"href":"https:\/\/www.europesays.com\/no\/wp-json\/wp\/v2\/categories?post=120001"},{"taxonomy":"post_tag","embeddable":true,"href":"https:\/\/www.europesays.com\/no\/wp-json\/wp\/v2\/tags?post=120001"}],"curies":[{"name":"wp","href":"https:\/\/api.w.org\/{rel}","templated":true}]}}