{"id":120003,"date":"2025-12-22T22:48:18","date_gmt":"2025-12-22T22:48:18","guid":{"rendered":"https:\/\/www.europesays.com\/no\/120003\/"},"modified":"2025-12-22T22:48:18","modified_gmt":"2025-12-22T22:48:18","slug":"lopetid-i-lindesnes-l-a-no","status":"publish","type":"post","link":"https:\/\/www.europesays.com\/no\/120003\/","title":{"rendered":"L\u00f8petid i Lindesnes &#8211; l-a.no"},"content":{"rendered":"\n<p data-testid=\"textWithMarkup-markup\" data-v-62d58f52=\"\">Tradisjonen tro, oppsummerer alle i redaksjonen i Lindesnes avis den saken de husker best eller som har gjort s\u00e6rlig inntrykk dette \u00e5ret.<\/p>\n<p data-testid=\"textWithMarkup-text\" data-v-81d7dc2b=\"\" data-v-62d58f52=\"\">Alle som stiller p\u00e5 startstreken, har forskjellige utgangspunkt og m\u00e5l. Noen \u00f8nsker \u00e5 l\u00f8pe raskere enn forrige gang. Andre vil passere m\u00e5lstreken f\u00f8r en kollega, s\u00f8sken, venn eller venninne. Stadig flere trykker p\u00e5 klokka n\u00e5r de passerer m\u00e5lstreken, slik at resultatet blir riktig i appen Strava. Noen rister p\u00e5 hodet av at folk gj\u00f8r dette frivillig, og at de i tillegg betaler for det. <\/p>\n<p data-testid=\"textWithMarkup-text\" data-v-81d7dc2b=\"\" data-v-62d58f52=\"\">Dette \u00e5ret har jeg f\u00e5tt muligheten til \u00e5 dekke fem l\u00f8p i Lindesnes: Audnamila, Skjern\u00f8yl\u00f8pet, Spangereidl\u00f8pet, Mandalsmaraton og H\u00e5landsheia rundt. Fire av fem l\u00f8p har blitt arrangert tidligere, og alle fire hadde deltakerrekord dette \u00e5ret. <\/p>\n<p data-testid=\"textWithMarkup-text\" data-v-81d7dc2b=\"\" data-v-62d58f52=\"\">Vanligvis m\u00e5 journalister i v\u00e5r redaksjon dekke saker alene, men det er fint n\u00e5r vi har muligheten til \u00e5 v\u00e6re flere. Det har vi ogs\u00e5 v\u00e6rt i alle l\u00f8pene jeg har dekket. Vi har minst v\u00e6rt to som har jaktet b\u00e5de blinkskudd og gode historier f\u00f8r, under og etter slitet.<\/p>\n<p>Nina Kristoffersen elsker \u00e5 l\u00f8pe. Da hun l\u00f8p Mandalsmaraton, var det hennes maraton nummer 50. Etterp\u00e5 skulle hun feire sin 50 \u00e5rsdag.\u00a0<strong data-v-e47ab0d0=\"\">Foto:<\/strong> Thomas Gr\u00f8nvold<\/p>\n<p data-testid=\"textWithMarkup-text\" data-v-81d7dc2b=\"\" data-v-62d58f52=\"\">Vi har m\u00f8tt og skrevet om Nina Kristoffersen som l\u00f8p maraton nummer 50 f\u00f8r hun fylte 50 \u00e5r. Om Manuel Fredriksen som deltok p\u00e5 sitt f\u00f8rste maraton fordi det ikke var ledig plass p\u00e5 de kortere distansene. <\/p>\n<p data-testid=\"textWithMarkup-text\" data-v-81d7dc2b=\"\" data-v-62d58f52=\"\">Eystein Christensen som var siste person i m\u00e5l p\u00e5 H\u00e5landsheia rundt. M\u00e5let hans var \u00e5 bli ferdig, slik at han rakk kampen til Manchester United. Det klarte han fint. Rett etter m\u00e5lgang kunne han fortelle at han ogs\u00e5 er klar for \u00e5 delta p\u00e5 3. juledagsl\u00f8pet. <\/p>\n<p data-testid=\"textWithMarkup-text\" data-v-81d7dc2b=\"\" data-v-62d58f52=\"\">Lars Aanensen har v\u00e6rt en av de f\u00f8rste til \u00e5 krysse m\u00e5lstrekene i alle fem l\u00f8pene, og flere barn har konkurrert mot hverandre og sine s\u00f8sken i barnel\u00f8p.<\/p>\n<p data-testid=\"textWithMarkup-text\" data-v-81d7dc2b=\"\" data-v-62d58f52=\"\">Langs l\u00f8ypa heier tilskuere fram l\u00f8pere som er kjente, ukjente, lokale og de som kommer langveisfra. Noen veiver med norske flagg i ulike st\u00f8rrelser, mens andre kj\u00f8ler ned l\u00f8pere med hageslangen samtidig som de l\u00f8per forbi Spangereidkanalen. <\/p>\n<p>Hanne Sletten og Marie Pettersen fikk kj\u00f8lt seg ned underveis i Spangereidl\u00f8pet.\u00a0<strong data-v-e47ab0d0=\"\">Foto:<\/strong> Thomas Gr\u00f8nvold<\/p>\n<p data-testid=\"textWithMarkup-text\" data-v-81d7dc2b=\"\" data-v-62d58f52=\"\">Over 300 deltakere var p\u00e5meldt tre og ti kilometeren da den f\u00f8rste utgaven av Audnamila ble arrangert p\u00e5 Vigeland i mai. Arrang\u00f8ren Giv Akt Friidrett lover at dette l\u00f8pet skal bli arrangert i 2026 ogs\u00e5.<\/p>\n<p>Audnamila hadde over 300 deltakere p\u00e5meldt til tre og ti kilometeren. Giv Akt Friidrett vil arrangere l\u00f8pet ogs\u00e5 neste \u00e5r. Her l\u00f8per \u00d8yvind Leland og Andr\u00e9 Skjebstad.\u00a0<strong data-v-e47ab0d0=\"\">Foto:<\/strong> Geir Willy Haugen<\/p>\n<p data-testid=\"textWithMarkup-text\" data-v-81d7dc2b=\"\" data-v-62d58f52=\"\">24. juli l\u00f8p 158 deltakere over m\u00e5lstreken p\u00e5 Skjern\u00f8yl\u00f8pet. 172 var p\u00e5meldt. Ny rekord. <\/p>\n<p data-testid=\"textWithMarkup-text\" data-v-81d7dc2b=\"\" data-v-62d58f52=\"\">Bare to dager senere spang over dobbelt s\u00e5 mange over m\u00e5lstreken p\u00e5 Spangereidl\u00f8pet. 346 m\u00f8tte opp for \u00e5 l\u00f8pe. Ny rekord. <\/p>\n<p data-testid=\"textWithMarkup-text\" data-v-81d7dc2b=\"\" data-v-62d58f52=\"\">I august var 1664 meldt p\u00e5 maraton, halvmaraton og 10 kilometer til Mandalsmaraton. 140 barn var p\u00e5meldt barnel\u00f8pet. Ny rekord. <\/p>\n<p data-testid=\"textWithMarkup-text\" data-v-81d7dc2b=\"\" data-v-62d58f52=\"\">Alle disse l\u00f8pene var heldige med v\u00e6ret. Hvordan skulle det g\u00e5 da H\u00e5landsheia rundt skulle arrangeres 1. november med kraftig regn og mye vind? Svaret: ny rekord. 95 var p\u00e5meldt til H\u00e5landsheia rundt og 89 l\u00f8pere slet seg gjennom regnv\u00e6r og gj\u00f8rme for \u00e5 komme i m\u00e5l. <\/p>\n<p data-testid=\"textWithMarkup-text\" data-v-81d7dc2b=\"\" data-v-62d58f52=\"\">Det er umulig ikke \u00e5 bli imponert over arrang\u00f8rer, frivillige, publikum og l\u00f8pere i 2025. Kan 2026 toppe l\u00f8pe\u00e5ret og l\u00f8petidene dette \u00e5ret? Det vil ikke overraske hvis flere av l\u00f8pene f\u00e5r nye deltakerrekorder i 2026, og i l\u00f8ypa og m\u00e5lomr\u00e5det vil du m\u00f8te p\u00e5 oss med et kamera. <\/p>\n<p>Les ogs\u00e5:<a class=\"article-link horizontal\" aria-label=\"Relatert artikkel\" href=\"https:\/\/www.l-a.no\/nyheter\/n\/OoMLdO\/loeper-maraton-nummer-50-foer-hun-fyller-50\" data-v-7b3bb948=\"\" data-v-abbe8158=\"\" rel=\"nofollow noopener\" target=\"_blank\"><\/p>\n<p>L\u00f8per maraton nummer 50 f\u00f8r hun fyller 50 <\/p>\n<p><\/a>Les ogs\u00e5:<a class=\"article-link horizontal\" aria-label=\"Relatert artikkel\" href=\"https:\/\/www.l-a.no\/sport\/n\/LMEAER\/over-300-loep-sliten-nesten-hele-runden\" data-v-7b3bb948=\"\" data-v-abbe8158=\"\" rel=\"nofollow noopener\" target=\"_blank\"><\/p>\n<p>Mener l\u00f8pet er liv laga <\/p>\n<p><\/a>Les ogs\u00e5:<a class=\"article-link horizontal\" aria-label=\"Relatert artikkel\" href=\"https:\/\/www.l-a.no\/sport\/n\/kw42vQ\/gjoermefest-og-deltakerrekord\" data-v-7b3bb948=\"\" data-v-abbe8158=\"\" rel=\"nofollow noopener\" target=\"_blank\"><\/p>\n<p>Gj\u00f8rmefest og deltakerrekord <\/p>\n<p><\/a>Les ogs\u00e5:<a class=\"article-link horizontal\" aria-label=\"Relatert artikkel\" href=\"https:\/\/www.l-a.no\/sport\/n\/0VmQxM\/broedreduell-i-barneloepet\" data-v-7b3bb948=\"\" data-v-abbe8158=\"\" rel=\"nofollow noopener\" target=\"_blank\"><\/p>\n<p>Br\u00f8dreduell i barnel\u00f8pet  <\/p>\n<p><\/a>Les ogs\u00e5:<a class=\"article-link horizontal\" aria-label=\"Relatert artikkel\" href=\"https:\/\/www.l-a.no\/sport\/n\/W0Vm8L\/mye-slit-for-en-stakkars-twist-pose\" data-v-7b3bb948=\"\" data-v-abbe8158=\"\" rel=\"nofollow noopener\" target=\"_blank\"><\/p>\n<p>\u2013 Nesten s\u00e5nn Tour de France-tilstand her <\/p>\n<p><\/a>Les ogs\u00e5:<a class=\"article-link horizontal\" aria-label=\"Relatert artikkel\" href=\"https:\/\/www.l-a.no\/sport\/n\/3Myjx0\/mila-er-utsolgt-kjoepte-maratonplass-denne-uka\" data-v-7b3bb948=\"\" data-v-abbe8158=\"\" rel=\"nofollow noopener\" target=\"_blank\"><\/p>\n<p>Aldri l\u00f8pt lenger enn mila \u2013 stiller p\u00e5 maraton <\/p>\n<p><\/a>Les ogs\u00e5:<a class=\"article-link horizontal\" aria-label=\"Relatert artikkel\" href=\"https:\/\/www.l-a.no\/sport\/n\/GyVOj4\/debutant-stakk-av-med-foersteplassen\" data-v-7b3bb948=\"\" data-v-abbe8158=\"\" rel=\"nofollow noopener\" target=\"_blank\"><\/p>\n<p>Debutant stakk av med f\u00f8rsteplassen <\/p>\n<p><\/a> <\/p>\n","protected":false},"excerpt":{"rendered":"Tradisjonen tro, oppsummerer alle i redaksjonen i Lindesnes avis den saken de husker best eller som har gjort&hellip;\n","protected":false},"author":2,"featured_media":120004,"comment_status":"","ping_status":"","sticky":false,"template":"","format":"standard","meta":{"footnotes":""},"categories":[59],"tags":[30,28,29,83,82],"class_list":{"0":"post-120003","1":"post","2":"type-post","3":"status-publish","4":"format-standard","5":"has-post-thumbnail","7":"category-sport","8":"tag-no","9":"tag-norge","10":"tag-norway","11":"tag-sport","12":"tag-sports"},"share_on_mastodon":{"url":"https:\/\/pubeurope.com\/@no\/115765661080034487","error":""},"_links":{"self":[{"href":"https:\/\/www.europesays.com\/no\/wp-json\/wp\/v2\/posts\/120003","targetHints":{"allow":["GET"]}}],"collection":[{"href":"https:\/\/www.europesays.com\/no\/wp-json\/wp\/v2\/posts"}],"about":[{"href":"https:\/\/www.europesays.com\/no\/wp-json\/wp\/v2\/types\/post"}],"author":[{"embeddable":true,"href":"https:\/\/www.europesays.com\/no\/wp-json\/wp\/v2\/users\/2"}],"replies":[{"embeddable":true,"href":"https:\/\/www.europesays.com\/no\/wp-json\/wp\/v2\/comments?post=120003"}],"version-history":[{"count":0,"href":"https:\/\/www.europesays.com\/no\/wp-json\/wp\/v2\/posts\/120003\/revisions"}],"wp:featuredmedia":[{"embeddable":true,"href":"https:\/\/www.europesays.com\/no\/wp-json\/wp\/v2\/media\/120004"}],"wp:attachment":[{"href":"https:\/\/www.europesays.com\/no\/wp-json\/wp\/v2\/media?parent=120003"}],"wp:term":[{"taxonomy":"category","embeddable":true,"href":"https:\/\/www.europesays.com\/no\/wp-json\/wp\/v2\/categories?post=120003"},{"taxonomy":"post_tag","embeddable":true,"href":"https:\/\/www.europesays.com\/no\/wp-json\/wp\/v2\/tags?post=120003"}],"curies":[{"name":"wp","href":"https:\/\/api.w.org\/{rel}","templated":true}]}}