{"id":120007,"date":"2025-12-22T23:00:14","date_gmt":"2025-12-22T23:00:14","guid":{"rendered":"https:\/\/www.europesays.com\/no\/120007\/"},"modified":"2025-12-22T23:00:14","modified_gmt":"2025-12-22T23:00:14","slug":"luster-jul-etter-at-krigen-kom-til-ukraina-fekk-jula-ei-ny-meining-i-livet-mitt","status":"publish","type":"post","link":"https:\/\/www.europesays.com\/no\/120007\/","title":{"rendered":"Luster, Jul | Etter at krigen kom til Ukraina, fekk jula ei ny meining i livet mitt"},"content":{"rendered":"\n<p>Jul er ei viktig h\u00f8gtid for mange menneske. For meg handlar ho om ro, familie og n\u00e6rleik. Etter at krigen kom til Ukraina, fekk jula ei ny meining i livet mitt.<\/p>\n<p>Den 24. februar 2022 vakna eg i Kyiv av h\u00f8ge lydar. Eg forstod raskt at kvardagen min var endra. Dette var andre gongen krigen r\u00e5ka livet mitt. I 2014 m\u00e5tte eg forlate Donetsk og flytte til Kyiv for \u00e5 finne tryggleik.<\/p>\n<p>V\u00e5ren 2022 levde eg med uro og usikkerheit. Det var vanskeleg \u00e5 vite kva eg skulle gjere vidare. Eg venta lenge og h\u00e5pa at situasjonen skulle bli betre. Til slutt forstod eg at eg m\u00e5tte reise for \u00e5 kome i tryggleik. Eg tok med meg dei viktigaste dokumenta og bestemte meg for \u00e5 pr\u00f8ve \u00e5 reise bort fr\u00e5 krigen.<\/p>\n<p>Sommaren 2022 kom eg til Noreg. Det var ikkje eit lett val, men eit n\u00f8dvendig steg. Eg budde f\u00f8rst i Lillestr\u00f8m. Seinare flytta eg til Luster kommune, der eg bur i dag.<\/p>\n<p>   <img decoding=\"async\" width=\"858\" height=\"995\" fetchpriority=\"low\"  loading=\"lazy\"  src=\"https:\/\/www.europesays.com\/no\/wp-content\/uploads\/2025\/12\/kath2.png\" alt=\"\" class=\"brick-c-cFOWSL\" style=\"--brick-image-ratio: 858 \/ 995;\"\/><\/p>\n<p>      Kateryna Zavada p\u00e5 tur til Molden.<br \/>\n      Foto: Privat\n    <\/p>\n<p>N\u00e5r jula n\u00e6rmar seg no, kjenner eg at ho er annleis enn f\u00f8r. I \u00e5r planlegg eg inga stor feiring. Det blir ei stille jul, med helsingar og tankar til familie og vener i Ukraina og i andre land. Etter jul f\u00f8rebur eg meg til den internasjonale julefestivalen i Gaupne 3. januar 2026, der eg skal delta med ukrainsk kultur og musikk.<\/p>\n<p>            Fakta om ukrainsk jul<\/p>\n<p>\u2022 Dato: 25. desember (offisiell fr\u00e5 2023), mange feirar \u00f2g 7. januar<\/p>\n<p>\u2022 Julekvelden: Familien ventar p\u00e5 den f\u00f8rste stjerna<\/p>\n<p>\u2022 12 rettar: Utan kj\u00f8t, symbol p\u00e5 dei tolv apostlane<\/p>\n<p>\u2022 Kutja: Kveite med honning, valmuefr\u00f8, n\u00f8tter og rosiner<\/p>\n<p>\u2022 Uzvar: S\u00f8t drikk av t\u00f8rka frukt<\/p>\n<p>\u2022 Koljadky: Julesongar fr\u00e5 hus til hus med julestjerne<\/p>\n<p>   <img decoding=\"async\" width=\"3024\" height=\"4032\" fetchpriority=\"low\"  loading=\"lazy\"  src=\"https:\/\/www.europesays.com\/no\/wp-content\/uploads\/2025\/12\/1+%282%29.JPG\" alt=\"\" class=\"brick-c-cFOWSL\" style=\"--brick-image-ratio: 3024 \/ 4032;\"\/><\/p>\n<p>      Kutja \u2013 ei tradisjonell jolerett som opnar julekvelden i Ukraina<br \/>\n      Foto: Privat\n    <\/p>\n<p>  Minne og tradisjonar fr\u00e5 Ukraina<\/p>\n<p>I Ukraina har jula sterke tradisjonar. Fr\u00e5 2023 feirar landet offisielt jul 25. desember. Samstundes er det mange som framleis feirar 7. januar. Begge datoane er viktige for mange familiar.<\/p>\n<p>Eg hugsar julekvelden fr\u00e5 barndommen som roleg og h\u00f8gtideleg. Familien venta til den f\u00f8rste stjerna viste seg p\u00e5 himmelen f\u00f8r vi sette oss til bords. P\u00e5 bordet stod tolv rettar utan kj\u00f8t. Desse rettane symboliserer dei tolv apostlane.<\/p>\n<p>   <img decoding=\"async\" width=\"1002\" height=\"563\" fetchpriority=\"low\"  loading=\"lazy\"  src=\"https:\/\/www.europesays.com\/no\/wp-content\/uploads\/2025\/12\/3+%284%29.JPG\" alt=\"\" class=\"brick-c-cFOWSL\" style=\"--brick-image-ratio: 1002 \/ 563;\"\/><\/p>\n<p>      Julemiddagen etter jolesong i ein ukrainsk familie.<br \/>\n      Foto: Privat\n    <\/p>\n<p>Den viktigaste retten var kutja. Det er kokt kveite med honning, valmuefr\u00f8, n\u00f8tter og rosiner. Eg smakte alltid kutja f\u00f8rst. Lukta av honning og n\u00f8tter er framleis sterk i minna mine. Vi drakk \u00f2g uzvar, ein s\u00f8t drikk laga av t\u00f8rka frukt.<\/p>\n<p>Etter middagen tok eg kutja med til fadrane mine. Som takk fekk eg godteri eller litt pengar. Dette var ein varm og viktig tradisjon.<\/p>\n<p>Song var ein viktig del av jula. Vi song koljadky, ukrainske julesongar, og gjekk fr\u00e5 hus til hus med ei julestjerne. Songane skapte glede og fellesskap.<\/p>\n<p>   <img decoding=\"async\" width=\"1280\" height=\"960\" fetchpriority=\"low\"  loading=\"lazy\"  src=\"https:\/\/www.europesays.com\/no\/wp-content\/uploads\/2025\/12\/4+%283%29.JPG\" alt=\"\" class=\"brick-c-cFOWSL\" style=\"--brick-image-ratio: 1280 \/ 960;\"\/><\/p>\n<p>      Julesong p\u00e5 \u201cSjedryj vechir\u201d (gamalt nytt\u00e5r) \u2013 ein ukrainsk tradisjon med song og gode \u00f8nsker.<br \/>\n      Foto: Privat\n    <\/p>\n<p>  F\u00f8rste jul i Luster kommune<\/p>\n<p>Den f\u00f8rste jula mi i Luster kommune var l\u00e6rerik. Eg fekk sj\u00e5 korleis jula blir feira i Noreg. Det var mykje ro og stillheit.<\/p>\n<p>Eg la merke til lys i vindauga, stearinlys og enkel pynt i husa. Dette skapte ei varm stemning i den m\u00f8rke tida. For mange verkar jula som ei tid for kvile og for \u00e5 vere saman med dei n\u00e6raste.<\/p>\n<p>Eg l\u00e6rte og norske julesongar og song i Hafslo Songlag. Musikken gav meg glede og hjelpte meg \u00e5 kjenne meg rolegare i kvardagen.<\/p>\n<p>   <img decoding=\"async\" width=\"960\" height=\"720\" fetchpriority=\"low\"  loading=\"lazy\"  src=\"https:\/\/www.europesays.com\/no\/wp-content\/uploads\/2025\/12\/7+%281%29.jpg\" alt=\"\" class=\"brick-c-cFOWSL\" style=\"--brick-image-ratio: 960 \/ 720;\"\/><\/p>\n<p>      Sentrum av Kyiv, mai 2020. Under ein marsj i tradisjonelle ukrainske klede.<br \/>\n      Foto: Privat\n    <\/p>\n<p>  N\u00e5r tradisjonar m\u00f8test<\/p>\n<p>For ukrainarar som bur i Noreg, blir jula ofte ei blanding av gamle og nye tradisjonar. Vi tek med oss minna fr\u00e5 heimen og m\u00f8ter nye m\u00e5tar \u00e5 feire p\u00e5.<\/p>\n<p>For meg handlar jula i dag om balanse. Eg tek vare p\u00e5 ukrainske tradisjonar som gir meg varme. Samstundes finn eg ro i den norske m\u00e5ten \u00e5 feire jul p\u00e5. Sm\u00e5 ritual og musikk gir jula meining.<\/p>\n<p>Jula minner meg om styrke og h\u00e5p. Ho viser at det er mogleg \u00e5 finne ro og varme, ogs\u00e5 langt borte fr\u00e5 heimen.<\/p>\n","protected":false},"excerpt":{"rendered":"Jul er ei viktig h\u00f8gtid for mange menneske. For meg handlar ho om ro, familie og n\u00e6rleik. Etter&hellip;\n","protected":false},"author":2,"featured_media":120008,"comment_status":"","ping_status":"","sticky":false,"template":"","format":"standard","meta":{"footnotes":""},"categories":[10],"tags":[36,20,21,1839,24,25,15,5593,22,23,110,13,30,28,29,14,16,26,27,489],"class_list":{"0":"post-120007","1":"post","2":"type-post","3":"status-publish","4":"format-standard","5":"has-post-thumbnail","7":"category-norge","8":"tag-art","9":"tag-breaking-news","10":"tag-breakingnews","11":"tag-feature","12":"tag-featured-news","13":"tag-featurednews","14":"tag-headlines","15":"tag-jul","16":"tag-latest-news","17":"tag-latestnews","18":"tag-luster","19":"tag-news","20":"tag-no","21":"tag-norge","22":"tag-norway","23":"tag-nyheter","24":"tag-overskrifter","25":"tag-top-stories","26":"tag-topstories","27":"tag-ukraina"},"share_on_mastodon":{"url":"https:\/\/pubeurope.com\/@no\/115765708559111488","error":""},"_links":{"self":[{"href":"https:\/\/www.europesays.com\/no\/wp-json\/wp\/v2\/posts\/120007","targetHints":{"allow":["GET"]}}],"collection":[{"href":"https:\/\/www.europesays.com\/no\/wp-json\/wp\/v2\/posts"}],"about":[{"href":"https:\/\/www.europesays.com\/no\/wp-json\/wp\/v2\/types\/post"}],"author":[{"embeddable":true,"href":"https:\/\/www.europesays.com\/no\/wp-json\/wp\/v2\/users\/2"}],"replies":[{"embeddable":true,"href":"https:\/\/www.europesays.com\/no\/wp-json\/wp\/v2\/comments?post=120007"}],"version-history":[{"count":0,"href":"https:\/\/www.europesays.com\/no\/wp-json\/wp\/v2\/posts\/120007\/revisions"}],"wp:featuredmedia":[{"embeddable":true,"href":"https:\/\/www.europesays.com\/no\/wp-json\/wp\/v2\/media\/120008"}],"wp:attachment":[{"href":"https:\/\/www.europesays.com\/no\/wp-json\/wp\/v2\/media?parent=120007"}],"wp:term":[{"taxonomy":"category","embeddable":true,"href":"https:\/\/www.europesays.com\/no\/wp-json\/wp\/v2\/categories?post=120007"},{"taxonomy":"post_tag","embeddable":true,"href":"https:\/\/www.europesays.com\/no\/wp-json\/wp\/v2\/tags?post=120007"}],"curies":[{"name":"wp","href":"https:\/\/api.w.org\/{rel}","templated":true}]}}