{"id":120016,"date":"2025-12-22T23:20:08","date_gmt":"2025-12-22T23:20:08","guid":{"rendered":"https:\/\/www.europesays.com\/no\/120016\/"},"modified":"2025-12-22T23:20:08","modified_gmt":"2025-12-22T23:20:08","slug":"trump-annonserer-bygging-av-to-krigsskip","status":"publish","type":"post","link":"https:\/\/www.europesays.com\/no\/120016\/","title":{"rendered":"Trump annonserer bygging av to krigsskip"},"content":{"rendered":"<p class=\"extendedContent hyperion-css-eyn926\" data-test-tag=\"lead-text\">Mandag varslet president Donald Trump, forsvarsminister Pete Hegseth og marineminister John Phelan at USA \u00f8nsker \u00e5 skaffe en ny fl\u00e5te med krigsskip. <\/p>\n<p><img decoding=\"async\" class=\"image-asset hyperion-css-u06ts1\" data-test-tag=\"image-asset\" src=\"https:\/\/www.europesays.com\/no\/wp-content\/uploads\/2025\/12\/f8961f04-798f-4bbf-b9cc-7d066b2480ab\"  alt=\"Donald Trump holdt pressekonferanse med forsvarsminister Pete Hegseth og marineminister John Phelan.\"  loading=\"eager\" fetchpriority=\"high\" style=\"aspect-ratio:2048 \/ 1365\"\/>Donald Trump holdt pressekonferanse med forsvarsminister Pete Hegseth og marineminister John Phelan. Foto: Jessica Koscielniak, Reuters\/NTB<\/p>\n<p>Publisert: 22.12.2025 23:17 |\u00a0Oppdatert: 22.12.2025 23:37<\/p>\n<p class=\"paywall hyperion-css-1j42uic\">Dette skal v\u00e6re del av Trumps \u00f8nske om det han kaller en \u00abGolden Fleet\u00bb, en gyllen fl\u00e5te. Han har ogs\u00e5 kalt et planlagt rakettskjold for Golden Dome.<\/p>\n<p class=\"paywall hyperion-css-1j42uic\">Den nye fl\u00e5ten skal best\u00e5 av store krigsskip som er utstyrt med kraftigere langdistansemissiler i tillegg til et stort antall nye fregatter. Fregattene er alt bestilt.<\/p>\n<p class=\"paywall hyperion-css-1j42uic\">\u2013 Det begynner med to skip, men skal utvikle seg til ti og til slutt til 20-25, sier Trump, som sier satsingen ogs\u00e5 inkluderer styrking av hangarskipsfl\u00e5ten.<\/p>\n<p class=\"paywall hyperion-css-1j42uic\">\u2013 Vi bygger tre store hangarskip, legger han til.<\/p>\n<p class=\"paywall hyperion-css-1j42uic\">If\u00f8lge Trump er det snakk om en ny klasse slagskip som skal bli \u00abst\u00f8rre, raskere og 100 ganger kraftigere\u00bb enn det st\u00f8rste av USAs krigsskip.<\/p>\n<p class=\"paywall hyperion-css-1j42uic\">Presidenten sier han skal m\u00f8te viktige leverand\u00f8rer til uken for \u00e5 blant annet diskutere timeplan for byggingen. <\/p>\n<p class=\"paywall hyperion-css-1j42uic\">\u2013 Det g\u00e5r for treigt, mener presidenten.<\/p>\n","protected":false},"excerpt":{"rendered":"Mandag varslet president Donald Trump, forsvarsminister Pete Hegseth og marineminister John Phelan at USA \u00f8nsker \u00e5 skaffe en&hellip;\n","protected":false},"author":2,"featured_media":120017,"comment_status":"","ping_status":"","sticky":false,"template":"","format":"standard","meta":{"footnotes":""},"categories":[12],"tags":[20,21,24,25,15,22,23,13,30,28,29,14,16,26,27,42,43,44,45],"class_list":{"0":"post-120016","1":"post","2":"type-post","3":"status-publish","4":"format-standard","5":"has-post-thumbnail","7":"category-verden","8":"tag-breaking-news","9":"tag-breakingnews","10":"tag-featured-news","11":"tag-featurednews","12":"tag-headlines","13":"tag-latest-news","14":"tag-latestnews","15":"tag-news","16":"tag-no","17":"tag-norge","18":"tag-norway","19":"tag-nyheter","20":"tag-overskrifter","21":"tag-top-stories","22":"tag-topstories","23":"tag-verden","24":"tag-world","25":"tag-world-news","26":"tag-worldnews"},"share_on_mastodon":{"url":"https:\/\/pubeurope.com\/@no\/115765787086511546","error":""},"_links":{"self":[{"href":"https:\/\/www.europesays.com\/no\/wp-json\/wp\/v2\/posts\/120016","targetHints":{"allow":["GET"]}}],"collection":[{"href":"https:\/\/www.europesays.com\/no\/wp-json\/wp\/v2\/posts"}],"about":[{"href":"https:\/\/www.europesays.com\/no\/wp-json\/wp\/v2\/types\/post"}],"author":[{"embeddable":true,"href":"https:\/\/www.europesays.com\/no\/wp-json\/wp\/v2\/users\/2"}],"replies":[{"embeddable":true,"href":"https:\/\/www.europesays.com\/no\/wp-json\/wp\/v2\/comments?post=120016"}],"version-history":[{"count":0,"href":"https:\/\/www.europesays.com\/no\/wp-json\/wp\/v2\/posts\/120016\/revisions"}],"wp:featuredmedia":[{"embeddable":true,"href":"https:\/\/www.europesays.com\/no\/wp-json\/wp\/v2\/media\/120017"}],"wp:attachment":[{"href":"https:\/\/www.europesays.com\/no\/wp-json\/wp\/v2\/media?parent=120016"}],"wp:term":[{"taxonomy":"category","embeddable":true,"href":"https:\/\/www.europesays.com\/no\/wp-json\/wp\/v2\/categories?post=120016"},{"taxonomy":"post_tag","embeddable":true,"href":"https:\/\/www.europesays.com\/no\/wp-json\/wp\/v2\/tags?post=120016"}],"curies":[{"name":"wp","href":"https:\/\/api.w.org\/{rel}","templated":true}]}}