{"id":120018,"date":"2025-12-22T23:22:21","date_gmt":"2025-12-22T23:22:21","guid":{"rendered":"https:\/\/www.europesays.com\/no\/120018\/"},"modified":"2025-12-22T23:22:21","modified_gmt":"2025-12-22T23:22:21","slug":"per-sandberg-feirer-jul-i-vietnam-med-ny-kjaereste","status":"publish","type":"post","link":"https:\/\/www.europesays.com\/no\/120018\/","title":{"rendered":"Per Sandberg feirer jul i Vietnam med ny kj\u00e6reste"},"content":{"rendered":"<p class=\"kicker \" style=\"\">Per Sandberg:\u00a0<\/p>\n<p>  Den tidligere politikeren skal tilbringe julen med sin nye kj\u00e6reste i varmere str\u00f8k.\u00a0<\/p>\n<p>\n    NY KJ\u00c6RESTE: I sommer kunne Per Sandberg avsl\u00f8re at han og Lukcy hadde blitt kj\u00e6rester. Foto: Privat\n  <\/p>\n<p>I august avsl\u00f8rte tidligere Frp-politiker Per Sandberg (65) at han hadde funnet lykken med\u00a0vietnamesiske Lucky (39).<\/p>\n<p>    <a itemprop=\"url\" href=\"https:\/\/www.seher.no\/kjendis\/har-store-ambisjoner\/83875251\" rel=\"nofollow noopener\" target=\"_blank\"><\/p>\n<p>        <img loading=\"lazy\" decoding=\"async\" src=\"https:\/\/www.europesays.com\/no\/wp-content\/uploads\/2025\/12\/83874957.webp\" width=\"980\" height=\"441\" title=\"- Har store ambisjoner\" alt=\"\" class=\"lazyload\" style=\"--aspect-ratio-image: 2.22; \"\/><\/p>\n<p>        &#8211; Har store ambisjoner<\/p>\n<p>    <\/a><\/p>\n<p>Under <a href=\"https:\/\/www.seher.no\/kjendis\/vi-var-nervose\/83873720\" rel=\"nofollow noopener\" target=\"_blank\">Warner Bros. Discoverys v\u00e5rlansering<\/a> legger han ikke skjul p\u00e5 at han er sv\u00e6rt begeistret for sin nye kj\u00e6reste.<\/p>\n<p>&#8211; Hun er veldig omsorgsfull og har et stort hjerte, noe asiatiske kvinner er kjent for. Men hun er ogs\u00e5 litt sta, sier han til Se og H\u00f8r.\u00a0<\/p>\n<p class=\"font-weight-bold m-font-weight-bold\" data-lab-font_weight=\"font-weight-bold\">I \u00e5r skal den nyforelskede duoen feire jul sammen &#8211; i Luckys hjemland.\u00a0\u00a0<\/p>\n<p>        VIL P\u00c5 DATE: Gunilla Persson vil p\u00e5 date med Per Sandberg. Dette svarer Per til foresp\u00f8rselen. Reporter: Thea Hope. Video: Kine Falch\/ R\u00f8d L\u00f8per<\/p>\n<p>&#8211; Vi skal feire jul sammen. Jeg reiser ned n\u00e5 og s\u00e5 skal vi kj\u00f8re bil langs hele kysten i Vietnam, sier Sandberg og legger til:\u00a0<\/p>\n<p class=\"font-weight-bold m-font-weight-bold\" data-lab-font_weight=\"font-weight-bold\">&#8211; Jeg elsker \u00e5 feire jul utenlands, det har jeg alltid gjort.\u00a0<\/p>\n<p>Den tidligere politikeren forteller at kj\u00e6resten har f\u00e5tt i oppgave \u00e5 finne seks til syv sm\u00e5 resorter langs kysten &#8211; hvor de skal feriere i 14 dager.\u00a0<\/p>\n<p>&#8211; Jeg har f\u00e5tt noen bilder og videoer av det hun har funnet, og Vietnam er jo fantastisk!<\/p>\n<p>        <img loading=\"lazy\" decoding=\"async\" src=\"https:\/\/www.europesays.com\/no\/wp-content\/uploads\/2025\/12\/83990721.webp\" width=\"667\" height=\"934\" title=\"V\u00c5RLANSERING: Per Sandberg under Warner Bros. Discoverys v\u00e5rlansering. Til v\u00e5ren blir han \u00e5 se som deltaker i programmet \u00ab16 ukers helvete\u00bb. Foto: Andreas Fadum\/Se og H\u00f8r\" alt=\"\" class=\"\" style=\"--aspect-ratio-image: 0.71; \"\/><\/p>\n<p>\n        V\u00c5RLANSERING: Per Sandberg under Warner Bros. Discoverys v\u00e5rlansering. Til v\u00e5ren blir han \u00e5 se som deltaker i programmet \u00ab16 ukers helvete\u00bb. Foto: Andreas Fadum\/Se og H\u00f8r\n    <\/p>\n<p>Sandberg er \u00e6rlig p\u00e5 at han ikke lenger har noen spesielle juletradisjoner.\u00a0<\/p>\n<p class=\"font-weight-normal m-font-weight-normal\" data-lab-font_weight=\"font-weight-normal\">&#8211; Jeg har ingen juletradisjoner. De gode familietradisjonene vi hadde som barn og vokste opp er borte. I dag er familien min s\u00e5 spredt. Jeg har tre barn og to barnebarn, men de er spredt over hele landet. Jeg fikk samlet dem i Thailand for f\u00f8rste gang p\u00e5 ti \u00e5r forrige jul og nytt\u00e5r.\u00a0<\/p>\n<p class=\"font-weight-bold m-font-weight-bold\" data-lab-font_weight=\"font-weight-bold\">&#8211; I \u00e5r blir det annerledes fordi de har lagt sine planer og jeg har lagt planer sammen med dama i Vietnam, forklarer han til Se og H\u00f8r.\u00a0<\/p>\n<p>        INGEN KOMMENTAR: \u00abSkal vi danse\u00bb-finalist Viggo Venn l\u00f8per fra intervjuet n\u00e5r han f\u00e5r sp\u00f8rsm\u00e5l om eget kj\u00e6rlighetsliv. Reporter: Karolina Rusov-Hansen. Video: Sanne Holt\/ Silja Furset<\/p>\n<p>Sandberg har for tiden fast adresse i Thailand, men har pendlet mellom flere land i Asia i det siste. P\u00e5 sp\u00f8rsm\u00e5l om han n\u00e5 \u00f8nsker \u00e5 flytte permanent til Vietnam, svarer han:\u00a0<\/p>\n<p>    <a itemprop=\"url\" href=\"https:\/\/www.seher.no\/kjendis\/en-enorm-tragedie\/83674639\" rel=\"nofollow noopener\" target=\"_blank\"><\/p>\n<p>        <img loading=\"lazy\" decoding=\"async\" src=\"https:\/\/www.europesays.com\/no\/wp-content\/uploads\/2025\/12\/83674577.webp\" width=\"980\" height=\"441\" title=\"- En enorm tragedie\" alt=\"\" class=\"lazyload\" style=\"--aspect-ratio-image: 2.22; \"\/><\/p>\n<p>        &#8211; En enorm tragedie<\/p>\n<p>    <\/a><\/p>\n<p>&#8211; Jeg elsker \u00e5 reise. Jeg er veldig heldig for jeg lever fritt i hele Asia. Jeg pendler mellom Vietnam, Kambodsja, Laos, Kina. S\u00e5 jeg elsker \u00e5 ha den friheten. Men jeg m\u00e5 ha en bostedsadresse, og det har jeg for \u00f8yeblikket i Thailand.<\/p>\n","protected":false},"excerpt":{"rendered":"Per Sandberg:\u00a0 Den tidligere politikeren skal tilbringe julen med sin nye kj\u00e6reste i varmere str\u00f8k.\u00a0 NY KJ\u00c6RESTE: I&hellip;\n","protected":false},"author":2,"featured_media":120019,"comment_status":"","ping_status":"","sticky":false,"template":"","format":"standard","meta":{"footnotes":""},"categories":[5],"tags":[20,21,24,25,15,19,5593,479,2543,22,23,17,18,13,30,28,29,14,16,1677,26,27,3151],"class_list":{"0":"post-120018","1":"post","2":"type-post","3":"status-publish","4":"format-standard","5":"has-post-thumbnail","7":"category-overskrifter","8":"tag-breaking-news","9":"tag-breakingnews","10":"tag-featured-news","11":"tag-featurednews","12":"tag-headlines","13":"tag-hovedoppslag","14":"tag-jul","15":"tag-kjendis","16":"tag-kjendisdesken","17":"tag-latest-news","18":"tag-latestnews","19":"tag-main-news","20":"tag-mainnews","21":"tag-news","22":"tag-no","23":"tag-norge","24":"tag-norway","25":"tag-nyheter","26":"tag-overskrifter","27":"tag-per-sandberg","28":"tag-top-stories","29":"tag-topstories","30":"tag-vietnam"},"share_on_mastodon":{"url":"https:\/\/pubeurope.com\/@no\/115765795160452138","error":""},"_links":{"self":[{"href":"https:\/\/www.europesays.com\/no\/wp-json\/wp\/v2\/posts\/120018","targetHints":{"allow":["GET"]}}],"collection":[{"href":"https:\/\/www.europesays.com\/no\/wp-json\/wp\/v2\/posts"}],"about":[{"href":"https:\/\/www.europesays.com\/no\/wp-json\/wp\/v2\/types\/post"}],"author":[{"embeddable":true,"href":"https:\/\/www.europesays.com\/no\/wp-json\/wp\/v2\/users\/2"}],"replies":[{"embeddable":true,"href":"https:\/\/www.europesays.com\/no\/wp-json\/wp\/v2\/comments?post=120018"}],"version-history":[{"count":0,"href":"https:\/\/www.europesays.com\/no\/wp-json\/wp\/v2\/posts\/120018\/revisions"}],"wp:featuredmedia":[{"embeddable":true,"href":"https:\/\/www.europesays.com\/no\/wp-json\/wp\/v2\/media\/120019"}],"wp:attachment":[{"href":"https:\/\/www.europesays.com\/no\/wp-json\/wp\/v2\/media?parent=120018"}],"wp:term":[{"taxonomy":"category","embeddable":true,"href":"https:\/\/www.europesays.com\/no\/wp-json\/wp\/v2\/categories?post=120018"},{"taxonomy":"post_tag","embeddable":true,"href":"https:\/\/www.europesays.com\/no\/wp-json\/wp\/v2\/tags?post=120018"}],"curies":[{"name":"wp","href":"https:\/\/api.w.org\/{rel}","templated":true}]}}